{"id":15090,"date":"2025-11-10T21:12:14","date_gmt":"2025-11-10T21:12:14","guid":{"rendered":"https:\/\/martarodriguez.com.co\/?p=15090"},"modified":"2025-11-10T21:15:47","modified_gmt":"2025-11-10T21:15:47","slug":"unidad-indigena-no-43-ano-6-agosto-de-1980_en-cristiania-se-lucha-por-la-tierra","status":"publish","type":"post","link":"https:\/\/martarodriguez.com.co\/index.php\/2025\/11\/10\/unidad-indigena-no-43-ano-6-agosto-de-1980_en-cristiania-se-lucha-por-la-tierra\/","title":{"rendered":"H0256f UI 43- En Cristian\u00eda se lucha por la tierra"},"content":{"rendered":"\t\t<div data-elementor-type=\"wp-post\" data-elementor-id=\"15090\" class=\"elementor elementor-15090\">\n\t\t\t\t\t\t<section class=\"elementor-section elementor-top-section elementor-element elementor-element-77752575 elementor-section-boxed elementor-section-height-default elementor-section-height-default exad-glass-effect-no wpr-particle-no wpr-jarallax-no wpr-parallax-no wpr-sticky-section-no exad-sticky-section-no\" data-id=\"77752575\" data-element_type=\"section\">\n\t\t\t\t\t\t<div class=\"elementor-container elementor-column-gap-default\">\n\t\t\t\t\t<div class=\"elementor-column elementor-col-100 elementor-top-column elementor-element elementor-element-6fd6a63d exad-glass-effect-no exad-sticky-section-no\" data-id=\"6fd6a63d\" data-element_type=\"column\">\n\t\t\t<div class=\"elementor-widget-wrap elementor-element-populated\">\n\t\t\t\t\t\t<div class=\"elementor-element elementor-element-6b10897 exad-sticky-section-no exad-glass-effect-no elementor-widget elementor-widget-image\" data-id=\"6b10897\" data-element_type=\"widget\" data-widget_type=\"image.default\">\n\t\t\t\t<div class=\"elementor-widget-container\">\n\t\t\t<style>\/*! elementor - v3.21.0 - 15-04-2024 *\/\n.elementor-widget-image{text-align:center}.elementor-widget-image a{display:inline-block}.elementor-widget-image a img[src$=\".svg\"]{width:48px}.elementor-widget-image img{vertical-align:middle;display:inline-block}<\/style>\t\t\t\t\t\t\t\t\t\t<img fetchpriority=\"high\" decoding=\"async\" width=\"1114\" height=\"881\" src=\"https:\/\/martarodriguez.com.co\/wp-content\/uploads\/2025\/11\/Captura-de-Pantalla-2025-11-10-a-las-4.10.11-p.m.jpg\" class=\"attachment-2048x2048 size-2048x2048 wp-image-15096\" alt=\"\" srcset=\"https:\/\/martarodriguez.com.co\/wp-content\/uploads\/2025\/11\/Captura-de-Pantalla-2025-11-10-a-las-4.10.11-p.m.jpg 1114w, https:\/\/martarodriguez.com.co\/wp-content\/uploads\/2025\/11\/Captura-de-Pantalla-2025-11-10-a-las-4.10.11-p.m-300x237.jpg 300w, https:\/\/martarodriguez.com.co\/wp-content\/uploads\/2025\/11\/Captura-de-Pantalla-2025-11-10-a-las-4.10.11-p.m-1024x810.jpg 1024w, https:\/\/martarodriguez.com.co\/wp-content\/uploads\/2025\/11\/Captura-de-Pantalla-2025-11-10-a-las-4.10.11-p.m-768x607.jpg 768w, https:\/\/martarodriguez.com.co\/wp-content\/uploads\/2025\/11\/Captura-de-Pantalla-2025-11-10-a-las-4.10.11-p.m-750x593.jpg 750w, https:\/\/martarodriguez.com.co\/wp-content\/uploads\/2025\/11\/Captura-de-Pantalla-2025-11-10-a-las-4.10.11-p.m-600x475.jpg 600w\" sizes=\"(max-width: 1114px) 100vw, 1114px\" \/>\t\t\t\t\t\t\t\t\t\t\t\t\t<\/div>\n\t\t\t\t<\/div>\n\t\t\t\t<div class=\"elementor-element elementor-element-77b5c1c exad-sticky-section-no exad-glass-effect-no elementor-widget elementor-widget-text-editor\" data-id=\"77b5c1c\" data-element_type=\"widget\" data-widget_type=\"text-editor.default\">\n\t\t\t\t<div class=\"elementor-widget-container\">\n\t\t\t<style>\/*! elementor - v3.21.0 - 15-04-2024 *\/\n.elementor-widget-text-editor.elementor-drop-cap-view-stacked .elementor-drop-cap{background-color:#69727d;color:#fff}.elementor-widget-text-editor.elementor-drop-cap-view-framed .elementor-drop-cap{color:#69727d;border:3px solid;background-color:transparent}.elementor-widget-text-editor:not(.elementor-drop-cap-view-default) .elementor-drop-cap{margin-top:8px}.elementor-widget-text-editor:not(.elementor-drop-cap-view-default) .elementor-drop-cap-letter{width:1em;height:1em}.elementor-widget-text-editor .elementor-drop-cap{float:left;text-align:center;line-height:1;font-size:50px}.elementor-widget-text-editor .elementor-drop-cap-letter{display:inline-block}<\/style>\t\t\t\t<p><span data-sheets-root=\"1\">La nota hace una denuncia de los atropellos cometidos el 11 de julio de 1980 contra los ind\u00edgenas de la comunidad Embera-Kat\u00edo que cometi\u00f3 un piquete de soldados liderados por el teniente Gerardo Cruz, quien orden\u00f3 a la tropa quitarse las placas para ser reconocidos. <\/span><\/p>\t\t\t\t\t\t<\/div>\n\t\t\t\t<\/div>\n\t\t\t\t<div class=\"elementor-element elementor-element-496b670 exad-sticky-section-no exad-glass-effect-no elementor-widget elementor-widget-text-editor\" data-id=\"496b670\" data-element_type=\"widget\" data-widget_type=\"text-editor.default\">\n\t\t\t\t<div class=\"elementor-widget-container\">\n\t\t\t\t\t\t\t<p><strong>C\u00d3DIGO<\/strong>: H0256f<\/p>\n<p><strong>IDIOMA:<\/strong> Castellano<\/p>\n<p><strong style=\"color: var( --e-global-color-text ); font-family: var( --e-global-typography-text-font-family ), Sans-serif;\">PERSONA JUR\u00cdDICA\/NATURAL\/ROL: <\/strong>Libardo Escobar, teniente Gerardo Cruz, Jos\u00e9 Saenz Ospina,<\/p>\n<p><strong>TOPON\u00cdMICOS: <\/strong>Cristian\u00eda, Jard\u00edn, Andes, Bogot\u00e1,<\/p>\n<p><strong style=\"color: var( --e-global-color-text ); font-family: var( --e-global-typography-text-font-family ), Sans-serif;\">TEM\u00c1TICOS:<\/strong> <span data-sheets-root=\"1\">Comunidad Emebera-Kat\u00edo, Resguardos Ind\u00edgenas, Terratenientes, Incora, Fuerzas Armadas, Detenciones Arbitrarias, Atropellos, Despose\u00eddos, Jornaleros, Arrendatarios, Campesinos, CRIC, Denuncia, Solidaridad, Etnocidio, <\/span><\/p>\n<p><!-- \/wp:paragraph --><!-- wp:paragraph --><\/p>\n<p><strong>CRONOL\u00d3GICOS:<\/strong> <span data-sheets-root=\"1\">1980<\/span><\/p>\n<p><!-- \/wp:paragraph --><!-- wp:paragraph --><\/p>\n<p><!-- \/wp:paragraph --><!-- wp:paragraph --><\/p>\n<p><!-- \/wp:paragraph --><\/p>\t\t\t\t\t\t<\/div>\n\t\t\t\t<\/div>\n\t\t\t\t\t<\/div>\n\t\t<\/div>\n\t\t\t\t\t<\/div>\n\t\t<\/section>\n\t\t\t\t<\/div>\n\t\t","protected":false},"excerpt":{"rendered":"<p>La nota hace una denuncia de los atropellos cometidos el 11 de julio de 1980 contra los ind\u00edgenas de la comunidad Embera-Kat\u00edo que cometi\u00f3 un piquete de soldados liderados por el teniente Gerardo Cruz, quien orden\u00f3 a la tropa quitarse las placas para ser reconocidos. C\u00d3DIGO: H0256f IDIOMA: Castellano PERSONA JUR\u00cdDICA\/NATURAL\/ROL: Libardo Escobar, teniente Gerardo [&hellip;]<\/p>\n","protected":false},"author":1,"featured_media":15094,"comment_status":"closed","ping_status":"open","sticky":false,"template":"","format":"standard","meta":{"_acf_changed":false,"footnotes":""},"categories":[28],"tags":[2051,2448,2415,458,164,2446,108,1891,210,2447,2010,89,2256,355,2163,1901,2445,2054,1662,2222,2444,1422],"class_list":["post-15090","post","type-post","status-publish","format-standard","has-post-thumbnail","hentry","category-hemeroteca","tag-andes","tag-arrendatarios","tag-atropellos","tag-bogota","tag-campesinos","tag-comunidad-emebera-katio","tag-cric","tag-cristiania","tag-denuncia","tag-desposeidos","tag-detenciones-arbitrarias","tag-etnocidio","tag-fuerzas-armadas","tag-incora","tag-jardin","tag-jornaleros","tag-jose-saenz-ospina","tag-libardo-escobar","tag-resguardos-indigenas","tag-solidaridad","tag-teniente-gerardo-cruz","tag-terratenientes"],"acf":[],"_links":{"self":[{"href":"https:\/\/martarodriguez.com.co\/index.php\/wp-json\/wp\/v2\/posts\/15090","targetHints":{"allow":["GET"]}}],"collection":[{"href":"https:\/\/martarodriguez.com.co\/index.php\/wp-json\/wp\/v2\/posts"}],"about":[{"href":"https:\/\/martarodriguez.com.co\/index.php\/wp-json\/wp\/v2\/types\/post"}],"author":[{"embeddable":true,"href":"https:\/\/martarodriguez.com.co\/index.php\/wp-json\/wp\/v2\/users\/1"}],"replies":[{"embeddable":true,"href":"https:\/\/martarodriguez.com.co\/index.php\/wp-json\/wp\/v2\/comments?post=15090"}],"version-history":[{"count":5,"href":"https:\/\/martarodriguez.com.co\/index.php\/wp-json\/wp\/v2\/posts\/15090\/revisions"}],"predecessor-version":[{"id":15103,"href":"https:\/\/martarodriguez.com.co\/index.php\/wp-json\/wp\/v2\/posts\/15090\/revisions\/15103"}],"wp:featuredmedia":[{"embeddable":true,"href":"https:\/\/martarodriguez.com.co\/index.php\/wp-json\/wp\/v2\/media\/15094"}],"wp:attachment":[{"href":"https:\/\/martarodriguez.com.co\/index.php\/wp-json\/wp\/v2\/media?parent=15090"}],"wp:term":[{"taxonomy":"category","embeddable":true,"href":"https:\/\/martarodriguez.com.co\/index.php\/wp-json\/wp\/v2\/categories?post=15090"},{"taxonomy":"post_tag","embeddable":true,"href":"https:\/\/martarodriguez.com.co\/index.php\/wp-json\/wp\/v2\/tags?post=15090"}],"curies":[{"name":"wp","href":"https:\/\/api.w.org\/{rel}","templated":true}]}}