{"id":15008,"date":"2025-11-10T20:37:30","date_gmt":"2025-11-10T20:37:30","guid":{"rendered":"https:\/\/martarodriguez.com.co\/?p=15008"},"modified":"2025-11-10T20:38:45","modified_gmt":"2025-11-10T20:38:45","slug":"unidad-indigena-no-42-ano-6-julio-de-1980_contraportada","status":"publish","type":"post","link":"https:\/\/martarodriguez.com.co\/index.php\/2025\/11\/10\/unidad-indigena-no-42-ano-6-julio-de-1980_contraportada\/","title":{"rendered":"H0255l UI 42 &#8211; Contraportada"},"content":{"rendered":"\t\t<div data-elementor-type=\"wp-post\" data-elementor-id=\"15008\" class=\"elementor elementor-15008\">\n\t\t\t\t\t\t<section class=\"elementor-section elementor-top-section elementor-element elementor-element-77752575 elementor-section-boxed elementor-section-height-default elementor-section-height-default exad-glass-effect-no wpr-particle-no wpr-jarallax-no wpr-parallax-no wpr-sticky-section-no exad-sticky-section-no\" data-id=\"77752575\" data-element_type=\"section\">\n\t\t\t\t\t\t<div class=\"elementor-container elementor-column-gap-default\">\n\t\t\t\t\t<div class=\"elementor-column elementor-col-100 elementor-top-column elementor-element elementor-element-6fd6a63d exad-glass-effect-no exad-sticky-section-no\" data-id=\"6fd6a63d\" data-element_type=\"column\">\n\t\t\t<div class=\"elementor-widget-wrap elementor-element-populated\">\n\t\t\t\t\t\t<div class=\"elementor-element elementor-element-6b10897 exad-sticky-section-no exad-glass-effect-no elementor-widget elementor-widget-image\" data-id=\"6b10897\" data-element_type=\"widget\" data-widget_type=\"image.default\">\n\t\t\t\t<div class=\"elementor-widget-container\">\n\t\t\t<style>\/*! elementor - v3.21.0 - 15-04-2024 *\/\n.elementor-widget-image{text-align:center}.elementor-widget-image a{display:inline-block}.elementor-widget-image a img[src$=\".svg\"]{width:48px}.elementor-widget-image img{vertical-align:middle;display:inline-block}<\/style>\t\t\t\t\t\t\t\t\t\t<img fetchpriority=\"high\" decoding=\"async\" width=\"988\" height=\"1280\" src=\"https:\/\/martarodriguez.com.co\/wp-content\/uploads\/2025\/11\/12-3.jpg\" class=\"attachment-2048x2048 size-2048x2048 wp-image-15012\" alt=\"\" srcset=\"https:\/\/martarodriguez.com.co\/wp-content\/uploads\/2025\/11\/12-3.jpg 988w, https:\/\/martarodriguez.com.co\/wp-content\/uploads\/2025\/11\/12-3-232x300.jpg 232w, https:\/\/martarodriguez.com.co\/wp-content\/uploads\/2025\/11\/12-3-790x1024.jpg 790w, https:\/\/martarodriguez.com.co\/wp-content\/uploads\/2025\/11\/12-3-768x995.jpg 768w, https:\/\/martarodriguez.com.co\/wp-content\/uploads\/2025\/11\/12-3-750x972.jpg 750w, https:\/\/martarodriguez.com.co\/wp-content\/uploads\/2025\/11\/12-3-600x777.jpg 600w\" sizes=\"(max-width: 988px) 100vw, 988px\" \/>\t\t\t\t\t\t\t\t\t\t\t\t\t<\/div>\n\t\t\t\t<\/div>\n\t\t\t\t<div class=\"elementor-element elementor-element-77b5c1c exad-sticky-section-no exad-glass-effect-no elementor-widget elementor-widget-text-editor\" data-id=\"77b5c1c\" data-element_type=\"widget\" data-widget_type=\"text-editor.default\">\n\t\t\t\t<div class=\"elementor-widget-container\">\n\t\t\t<style>\/*! elementor - v3.21.0 - 15-04-2024 *\/\n.elementor-widget-text-editor.elementor-drop-cap-view-stacked .elementor-drop-cap{background-color:#69727d;color:#fff}.elementor-widget-text-editor.elementor-drop-cap-view-framed .elementor-drop-cap{color:#69727d;border:3px solid;background-color:transparent}.elementor-widget-text-editor:not(.elementor-drop-cap-view-default) .elementor-drop-cap{margin-top:8px}.elementor-widget-text-editor:not(.elementor-drop-cap-view-default) .elementor-drop-cap-letter{width:1em;height:1em}.elementor-widget-text-editor .elementor-drop-cap{float:left;text-align:center;line-height:1;font-size:50px}.elementor-widget-text-editor .elementor-drop-cap-letter{display:inline-block}<\/style>\t\t\t\t<p><span data-sheets-root=\"1\">Contraportada del n\u00famero 42 de Unidad Ind\u00edgena. En la parte superior aparecen dos fotograf\u00edas de mujeres ind\u00edgenas; la del margen izquierdo un plano general de una mujer ind\u00edgena de cuerpo completo mirando a c\u00e1mara, y la del margen derecho, un plano general de cuatro mujeres ind\u00edgenas sentadas con mantas a rayas, y en el fondo las monta\u00f1as. Debajo de estas dos fotos, de lado a lado de la hoja, un s\u00edmbolo ind\u00edgena de color rojo -que se repite a cada lado de la p\u00e1gina- de dos figuras tomadas de la mano y un mam\u00edfero junto a ellos. Debajo de estos s\u00edmbolos, en el margen izquierdo, una fotograf\u00eda de un plano medio de una ind\u00edgena con sus pechos al aire y numerosos collares colgando de su cuello, mientras su mirada se dirige fuera del marco. En el margen derecho, dentro de una delgadas l\u00edneas de color negro que forman un rectangulo , se lee un poema que lleva por t\u00edtulo Mujer ind\u00edgena: &#8220;Soy el fuego del tiempo\/ el pilar interminable\/ que ha aguantado la\/ muerte\/ el sostenimiento de una\/ raza invencible\/ soy la estrella que han\/ guiado\/ hombres perdidos\/ soy la madre de diez mil\/ ni\u00f1os moribundos\/ soy el fuego del tiempo\/ soy una mujer india!&#8221;. <\/span><\/p>\t\t\t\t\t\t<\/div>\n\t\t\t\t<\/div>\n\t\t\t\t<div class=\"elementor-element elementor-element-496b670 exad-sticky-section-no exad-glass-effect-no elementor-widget elementor-widget-text-editor\" data-id=\"496b670\" data-element_type=\"widget\" data-widget_type=\"text-editor.default\">\n\t\t\t\t<div class=\"elementor-widget-container\">\n\t\t\t\t\t\t\t<p><strong>C\u00d3DIGO<\/strong>: H0255l<\/p>\n<p><strong>IDIOMA:<\/strong> Castellano<\/p>\n<p><strong style=\"color: var( --e-global-color-text ); font-family: var( --e-global-typography-text-font-family ), Sans-serif;\">PERSONA JUR\u00cdDICA\/NATURAL\/ROL:\u00a0<\/strong><\/p>\n<p><strong>TOPON\u00cdMICOS:<\/strong>\u00a0<\/p>\n<p><strong style=\"color: var( --e-global-color-text ); font-family: var( --e-global-typography-text-font-family ), Sans-serif;\">TEM\u00c1TICOS:<\/strong> <span data-sheets-root=\"1\">Contraportada, Unidad Ind\u00edgena, Mujer Ind\u00edgena, Poes\u00eda, Poema, <\/span><\/p>\n<p><!-- \/wp:paragraph --><!-- wp:paragraph --><\/p>\n<p><strong>CRONOL\u00d3GICOS:<\/strong> <span data-sheets-root=\"1\">1980<\/span><\/p>\n<p><!-- \/wp:paragraph --><!-- wp:paragraph --><\/p>\n<p><!-- \/wp:paragraph --><!-- wp:paragraph --><\/p>\n<p><!-- \/wp:paragraph --><\/p>\t\t\t\t\t\t<\/div>\n\t\t\t\t<\/div>\n\t\t\t\t\t<\/div>\n\t\t<\/div>\n\t\t\t\t\t<\/div>\n\t\t<\/section>\n\t\t\t\t<\/div>\n\t\t","protected":false},"excerpt":{"rendered":"<p>Contraportada del n\u00famero 42 de Unidad Ind\u00edgena. En la parte superior aparecen dos fotograf\u00edas de mujeres ind\u00edgenas; la del margen izquierdo un plano general de una mujer ind\u00edgena de cuerpo completo mirando a c\u00e1mara, y la del margen derecho, un plano general de cuatro mujeres ind\u00edgenas sentadas con mantas a rayas, y en el fondo [&hellip;]<\/p>\n","protected":false},"author":1,"featured_media":15010,"comment_status":"closed","ping_status":"open","sticky":false,"template":"","format":"standard","meta":{"_acf_changed":false,"footnotes":""},"categories":[28],"tags":[1467,2428,1925,1924,1184],"class_list":["post-15008","post","type-post","status-publish","format-standard","has-post-thumbnail","hentry","category-hemeroteca","tag-contraportada","tag-mujer-indigena","tag-poema","tag-poesia","tag-unidad-indigena"],"acf":[],"_links":{"self":[{"href":"https:\/\/martarodriguez.com.co\/index.php\/wp-json\/wp\/v2\/posts\/15008","targetHints":{"allow":["GET"]}}],"collection":[{"href":"https:\/\/martarodriguez.com.co\/index.php\/wp-json\/wp\/v2\/posts"}],"about":[{"href":"https:\/\/martarodriguez.com.co\/index.php\/wp-json\/wp\/v2\/types\/post"}],"author":[{"embeddable":true,"href":"https:\/\/martarodriguez.com.co\/index.php\/wp-json\/wp\/v2\/users\/1"}],"replies":[{"embeddable":true,"href":"https:\/\/martarodriguez.com.co\/index.php\/wp-json\/wp\/v2\/comments?post=15008"}],"version-history":[{"count":5,"href":"https:\/\/martarodriguez.com.co\/index.php\/wp-json\/wp\/v2\/posts\/15008\/revisions"}],"predecessor-version":[{"id":15015,"href":"https:\/\/martarodriguez.com.co\/index.php\/wp-json\/wp\/v2\/posts\/15008\/revisions\/15015"}],"wp:featuredmedia":[{"embeddable":true,"href":"https:\/\/martarodriguez.com.co\/index.php\/wp-json\/wp\/v2\/media\/15010"}],"wp:attachment":[{"href":"https:\/\/martarodriguez.com.co\/index.php\/wp-json\/wp\/v2\/media?parent=15008"}],"wp:term":[{"taxonomy":"category","embeddable":true,"href":"https:\/\/martarodriguez.com.co\/index.php\/wp-json\/wp\/v2\/categories?post=15008"},{"taxonomy":"post_tag","embeddable":true,"href":"https:\/\/martarodriguez.com.co\/index.php\/wp-json\/wp\/v2\/tags?post=15008"}],"curies":[{"name":"wp","href":"https:\/\/api.w.org\/{rel}","templated":true}]}}