{"id":14944,"date":"2025-11-10T19:33:42","date_gmt":"2025-11-10T19:33:42","guid":{"rendered":"https:\/\/martarodriguez.com.co\/?p=14944"},"modified":"2025-11-10T20:45:53","modified_gmt":"2025-11-10T20:45:53","slug":"0630p1-tierra-alto-cordoba-junio-21-01-marcha-indigena-marta-hija-de-kimi","status":"publish","type":"post","link":"https:\/\/martarodriguez.com.co\/index.php\/2025\/11\/10\/0630p1-tierra-alto-cordoba-junio-21-01-marcha-indigena-marta-hija-de-kimi\/","title":{"rendered":"0630p1 Tierra alto\/Cordoba Junio 21\/01 Marcha indigena Marta, hija de Kimi"},"content":{"rendered":"\t\t<div data-elementor-type=\"wp-post\" data-elementor-id=\"14944\" class=\"elementor elementor-14944\">\n\t\t\t\t\t\t<section class=\"elementor-section elementor-top-section elementor-element elementor-element-31e9a44 elementor-section-boxed elementor-section-height-default elementor-section-height-default exad-glass-effect-no wpr-particle-no wpr-jarallax-no wpr-parallax-no wpr-sticky-section-no exad-sticky-section-no\" data-id=\"31e9a44\" data-element_type=\"section\">\n\t\t\t\t\t\t<div class=\"elementor-container elementor-column-gap-default\">\n\t\t\t\t\t<div class=\"elementor-column elementor-col-100 elementor-top-column elementor-element elementor-element-00c8168 exad-glass-effect-no exad-sticky-section-no\" data-id=\"00c8168\" data-element_type=\"column\">\n\t\t\t<div class=\"elementor-widget-wrap elementor-element-populated\">\n\t\t\t\t\t\t<div class=\"elementor-element elementor-element-9724743 exad-sticky-section-no exad-glass-effect-no elementor-widget elementor-widget-html\" data-id=\"9724743\" data-element_type=\"widget\" data-widget_type=\"html.default\">\n\t\t\t\t<div class=\"elementor-widget-container\">\n\t\t\t<iframe src=\"https:\/\/audiomack.com\/embed\/cinemestizo\/song\/0384-matrimonio-de-una-mujer-de-las-flores-sept15\" scrolling=\"no\" width=\"100%\" height=\"252\" frameborder=\"0\" title=\"0384 Matrimonio De Una Mujer De Las Flores Sept15\"><\/iframe>\t\t<\/div>\n\t\t\t\t<\/div>\n\t\t\t\t<div class=\"elementor-element elementor-element-0928cc3 exad-sticky-section-no exad-glass-effect-no elementor-widget elementor-widget-text-editor\" data-id=\"0928cc3\" data-element_type=\"widget\" data-widget_type=\"text-editor.default\">\n\t\t\t\t<div class=\"elementor-widget-container\">\n\t\t\t<style>\/*! elementor - v3.21.0 - 15-04-2024 *\/\n.elementor-widget-text-editor.elementor-drop-cap-view-stacked .elementor-drop-cap{background-color:#69727d;color:#fff}.elementor-widget-text-editor.elementor-drop-cap-view-framed .elementor-drop-cap{color:#69727d;border:3px solid;background-color:transparent}.elementor-widget-text-editor:not(.elementor-drop-cap-view-default) .elementor-drop-cap{margin-top:8px}.elementor-widget-text-editor:not(.elementor-drop-cap-view-default) .elementor-drop-cap-letter{width:1em;height:1em}.elementor-widget-text-editor .elementor-drop-cap{float:left;text-align:center;line-height:1;font-size:50px}.elementor-widget-text-editor .elementor-drop-cap-letter{display:inline-block}<\/style>\t\t\t\t<p>Registro de la entrevista con Marta Domico, hija del l\u00edder Embera Kimy Pern\u00eda, desaparecido por \u00f3rdenes de Salvatore Mancuso. La conversaci\u00f3n aborda la lucha del pueblo Embera Kat\u00edo contra la construcci\u00f3n de la represa hidroel\u00e9ctrica Urr\u00e1 I. Entre 1995 y 1997 se expidi\u00f3 la licencia ambiental para la construcci\u00f3n de la central en el territorio rural de Tierralta, afectando gravemente la autonom\u00eda, la soberan\u00eda alimentaria y la supervivencia del pueblo Embera, as\u00ed como los r\u00edos que sustentan su territorio. Kimy Pern\u00eda se opuso rotundamente a la obra, se\u00f1alando como principal reclamo la necesidad de una consulta previa con la comunidad sobre los impactos ambientales y culturales de la represa. La situaci\u00f3n gener\u00f3 conflicto y divisi\u00f3n interna dentro de la comunidad. La entrevista tambi\u00e9n traza un perfil de Kimy Pern\u00eda: hombre inquieto, comprometido con su pueblo, elegido como l\u00edder tradicional, y s\u00edmbolo de la resistencia ind\u00edgena frente a proyectos extractivos que amenazan su territorio y cultura.<\/p>\t\t\t\t\t\t<\/div>\n\t\t\t\t<\/div>\n\t\t\t\t<div class=\"elementor-element elementor-element-b460ad5 exad-sticky-section-no exad-glass-effect-no elementor-widget elementor-widget-text-editor\" data-id=\"b460ad5\" data-element_type=\"widget\" data-widget_type=\"text-editor.default\">\n\t\t\t\t<div class=\"elementor-widget-container\">\n\t\t\t\t\t\t\t<p><strong>C\u00d3DIGO:<\/strong> 0630p1<\/p><p><strong>AUTOR\/DIRECTOR\/PRODUCTOR:<\/strong>\u00a0Fundaci\u00f3n Cine Documental Investigaci\u00f3n Social<\/p><p><strong>IDIOMA: <\/strong>Espa\u00f1ol<\/p><p><strong>PERSONA JUR\u00cdDICA\/NATURAL\/ROL:<\/strong>Kimy Pern\u00eda, Marta Domico<\/p><p><strong>TOPON\u00cdMICOS: <\/strong>Bogot\u00e1<\/p><p><strong>TEM\u00c1TICOS:<\/strong> Embera, Urra, Asesinato de lideres, Kimy Pern\u00eda, Paramilitarismo, Megaproyectos,<\/p><p><strong>CRONOL\u00d3GICOS: <\/strong>1\/06\/2001<\/p><p><strong>UNIDAD DE CONSERVACI\u00d3N:\u00a0<\/strong>Caja<\/p><p><strong>SOPORTE:\u00a0<\/strong>Magn\u00e9tico<\/p><p><strong>FORMATO: <\/strong>Cassette<\/p><p><strong>DURACI\u00d3N:<\/strong> 00:31:00<\/p><p><strong>NOTAS:\u00a0<\/strong>N\/A<\/p>\t\t\t\t\t\t<\/div>\n\t\t\t\t<\/div>\n\t\t\t\t\t<\/div>\n\t\t<\/div>\n\t\t\t\t\t<\/div>\n\t\t<\/section>\n\t\t\t\t<\/div>\n\t\t","protected":false},"excerpt":{"rendered":"<p>Registro de la entrevista con Marta Domico, hija del l\u00edder Embera Kimy Pern\u00eda, desaparecido por \u00f3rdenes de Salvatore Mancuso. La conversaci\u00f3n aborda la lucha del pueblo Embera Kat\u00edo contra la construcci\u00f3n de la represa hidroel\u00e9ctrica Urr\u00e1 I. Entre 1995 y 1997 se expidi\u00f3 la licencia ambiental para la construcci\u00f3n de la central en el territorio [&hellip;]<\/p>\n","protected":false},"author":1,"featured_media":14945,"comment_status":"open","ping_status":"open","sticky":false,"template":"","format":"standard","meta":{"_acf_changed":false,"footnotes":""},"categories":[26],"tags":[2384,34,89,2378,2380,2341,2385,2381,2313,38,25,128],"class_list":["post-14944","post","type-post","status-publish","format-standard","has-post-thumbnail","hentry","category-audios","tag-asesinato-de-lideres-2","tag-embera","tag-etnocidio","tag-explotacion-2","tag-fumigaziones","tag-glifosato","tag-kimy-pernia-2","tag-la-oxy","tag-megaproyectos","tag-onic","tag-paramilitarismo","tag-urra"],"acf":[],"_links":{"self":[{"href":"https:\/\/martarodriguez.com.co\/index.php\/wp-json\/wp\/v2\/posts\/14944","targetHints":{"allow":["GET"]}}],"collection":[{"href":"https:\/\/martarodriguez.com.co\/index.php\/wp-json\/wp\/v2\/posts"}],"about":[{"href":"https:\/\/martarodriguez.com.co\/index.php\/wp-json\/wp\/v2\/types\/post"}],"author":[{"embeddable":true,"href":"https:\/\/martarodriguez.com.co\/index.php\/wp-json\/wp\/v2\/users\/1"}],"replies":[{"embeddable":true,"href":"https:\/\/martarodriguez.com.co\/index.php\/wp-json\/wp\/v2\/comments?post=14944"}],"version-history":[{"count":4,"href":"https:\/\/martarodriguez.com.co\/index.php\/wp-json\/wp\/v2\/posts\/14944\/revisions"}],"predecessor-version":[{"id":15030,"href":"https:\/\/martarodriguez.com.co\/index.php\/wp-json\/wp\/v2\/posts\/14944\/revisions\/15030"}],"wp:featuredmedia":[{"embeddable":true,"href":"https:\/\/martarodriguez.com.co\/index.php\/wp-json\/wp\/v2\/media\/14945"}],"wp:attachment":[{"href":"https:\/\/martarodriguez.com.co\/index.php\/wp-json\/wp\/v2\/media?parent=14944"}],"wp:term":[{"taxonomy":"category","embeddable":true,"href":"https:\/\/martarodriguez.com.co\/index.php\/wp-json\/wp\/v2\/categories?post=14944"},{"taxonomy":"post_tag","embeddable":true,"href":"https:\/\/martarodriguez.com.co\/index.php\/wp-json\/wp\/v2\/tags?post=14944"}],"curies":[{"name":"wp","href":"https:\/\/api.w.org\/{rel}","templated":true}]}}