{"id":14931,"date":"2025-11-10T19:16:22","date_gmt":"2025-11-10T19:16:22","guid":{"rendered":"https:\/\/martarodriguez.com.co\/?p=14931"},"modified":"2025-11-10T19:18:33","modified_gmt":"2025-11-10T19:18:33","slug":"0660p1-entrevista-con-juan-mayr-jesus-pinacue-y-marta-rodriguez","status":"publish","type":"post","link":"https:\/\/martarodriguez.com.co\/index.php\/2025\/11\/10\/0660p1-entrevista-con-juan-mayr-jesus-pinacue-y-marta-rodriguez\/","title":{"rendered":"0660p1 Entrevista con Juan Mayr, Jesus Pi\u00f1acu\u00e9 y Marta Rodriguez"},"content":{"rendered":"\t\t<div data-elementor-type=\"wp-post\" data-elementor-id=\"14931\" class=\"elementor elementor-14931\">\n\t\t\t\t\t\t<section class=\"elementor-section elementor-top-section elementor-element elementor-element-31e9a44 elementor-section-boxed elementor-section-height-default elementor-section-height-default exad-glass-effect-no wpr-particle-no wpr-jarallax-no wpr-parallax-no wpr-sticky-section-no exad-sticky-section-no\" data-id=\"31e9a44\" data-element_type=\"section\">\n\t\t\t\t\t\t<div class=\"elementor-container elementor-column-gap-default\">\n\t\t\t\t\t<div class=\"elementor-column elementor-col-100 elementor-top-column elementor-element elementor-element-00c8168 exad-glass-effect-no exad-sticky-section-no\" data-id=\"00c8168\" data-element_type=\"column\">\n\t\t\t<div class=\"elementor-widget-wrap elementor-element-populated\">\n\t\t\t\t\t\t<div class=\"elementor-element elementor-element-9724743 exad-sticky-section-no exad-glass-effect-no elementor-widget elementor-widget-html\" data-id=\"9724743\" data-element_type=\"widget\" data-widget_type=\"html.default\">\n\t\t\t\t<div class=\"elementor-widget-container\">\n\t\t\t<iframe src=\"https:\/\/audiomack.com\/embed\/cinemestizo\/song\/0384-matrimonio-de-una-mujer-de-las-flores-sept15\" scrolling=\"no\" width=\"100%\" height=\"252\" frameborder=\"0\" title=\"0384 Matrimonio De Una Mujer De Las Flores Sept15\"><\/iframe>\t\t<\/div>\n\t\t\t\t<\/div>\n\t\t\t\t<div class=\"elementor-element elementor-element-0928cc3 exad-sticky-section-no exad-glass-effect-no elementor-widget elementor-widget-text-editor\" data-id=\"0928cc3\" data-element_type=\"widget\" data-widget_type=\"text-editor.default\">\n\t\t\t\t<div class=\"elementor-widget-container\">\n\t\t\t<style>\/*! elementor - v3.21.0 - 15-04-2024 *\/\n.elementor-widget-text-editor.elementor-drop-cap-view-stacked .elementor-drop-cap{background-color:#69727d;color:#fff}.elementor-widget-text-editor.elementor-drop-cap-view-framed .elementor-drop-cap{color:#69727d;border:3px solid;background-color:transparent}.elementor-widget-text-editor:not(.elementor-drop-cap-view-default) .elementor-drop-cap{margin-top:8px}.elementor-widget-text-editor:not(.elementor-drop-cap-view-default) .elementor-drop-cap-letter{width:1em;height:1em}.elementor-widget-text-editor .elementor-drop-cap{float:left;text-align:center;line-height:1;font-size:50px}.elementor-widget-text-editor .elementor-drop-cap-letter{display:inline-block}<\/style>\t\t\t\t<p>Entrevistas con Juan Mayr Maldonado, fot\u00f3grafo, activista ecologista y pol\u00edtico colombiano, fundador de la Fundaci\u00f3n Pro-Sierra Nevada de Santa Marta, que completan el contenido del cassette 0653P2.<br \/>Mayr reflexiona sobre lo que le ense\u00f1\u00f3 su cercan\u00eda con las comunidades ind\u00edgenas y c\u00f3mo esta experiencia transform\u00f3 su visi\u00f3n del medio ambiente y del desarrollo. Habla de su labor como Ministro del Medio Ambiente, destacando la importancia de establecer un di\u00e1logo respetuoso con los pueblos originarios y de reconocer su papel fundamental en la conservaci\u00f3n de los ecosistemas.<\/p><p>La grabaci\u00f3n contin\u00faa con una entrevista con Jes\u00fas Pi\u00f1acu\u00e9, l\u00edder ind\u00edgena del pueblo Nasa, pol\u00edtico colombiano, miembro de la Alianza Social Ind\u00edgena, presidente del CRIC y senador de Colombia.<\/p><p>El registro finaliza con la entrevista con Marta Rodr\u00edguez del cassette 0658P1, en la que aborda la muerte de Silvia Duz\u00e1n, la cr\u00f3nica de hacer cine en Colombia, las dificultades de filmar en contextos de violencia. Habla sobre el atentado en el Colombo Americano, al que ella sobrevivi\u00f3.<\/p>\t\t\t\t\t\t<\/div>\n\t\t\t\t<\/div>\n\t\t\t\t<div class=\"elementor-element elementor-element-b460ad5 exad-sticky-section-no exad-glass-effect-no elementor-widget elementor-widget-text-editor\" data-id=\"b460ad5\" data-element_type=\"widget\" data-widget_type=\"text-editor.default\">\n\t\t\t\t<div class=\"elementor-widget-container\">\n\t\t\t\t\t\t\t<p><strong>C\u00d3DIGO:<\/strong> 0660p1<\/p><p><strong>AUTOR\/DIRECTOR\/PRODUCTOR:<\/strong>\u00a0Fundaci\u00f3n Cine Documental Investigaci\u00f3n Social<\/p><p><strong>IDIOMA: <\/strong>Espa\u00f1ol<\/p><p><strong>PERSONA JUR\u00cdDICA\/NATURAL\/ROL:<\/strong>Juan Mayr, Jesus Pi\u00f1acu\u00e9, Marta Rodriguez<\/p><p><strong>TOPON\u00cdMICOS: <\/strong>Bogot\u00e1<\/p><p><strong>TEM\u00c1TICOS:<\/strong> Etnocidio, fumigaziones, Ecologia,\u00a0la Oxy<\/p><p><strong>CRONOL\u00d3GICOS: <\/strong>1\/10\/1998<\/p><p><strong>UNIDAD DE CONSERVACI\u00d3N:\u00a0<\/strong>Caja<\/p><p><strong>SOPORTE:\u00a0<\/strong>Magn\u00e9tico<\/p><p><strong>FORMATO: <\/strong>Cassette<\/p><p><strong>DURACI\u00d3N:<\/strong> 00:48:00<\/p><p><strong>NOTAS:\u00a0<\/strong>N\/A<\/p>\t\t\t\t\t\t<\/div>\n\t\t\t\t<\/div>\n\t\t\t\t\t<\/div>\n\t\t<\/div>\n\t\t\t\t\t<\/div>\n\t\t<\/section>\n\t\t\t\t<\/div>\n\t\t","protected":false},"excerpt":{"rendered":"<p>Entrevistas con Juan Mayr Maldonado, fot\u00f3grafo, activista ecologista y pol\u00edtico colombiano, fundador de la Fundaci\u00f3n Pro-Sierra Nevada de Santa Marta, que completan el contenido del cassette 0653P2.Mayr reflexiona sobre lo que le ense\u00f1\u00f3 su cercan\u00eda con las comunidades ind\u00edgenas y c\u00f3mo esta experiencia transform\u00f3 su visi\u00f3n del medio ambiente y del desarrollo. Habla de su [&hellip;]<\/p>\n","protected":false},"author":1,"featured_media":14781,"comment_status":"open","ping_status":"open","sticky":false,"template":"","format":"standard","meta":{"_acf_changed":false,"footnotes":""},"categories":[26],"tags":[2151,2379,34,89,2378,2380,2341,2381,2294,128,36],"class_list":["post-14931","post","type-post","status-publish","format-standard","has-post-thumbnail","hentry","category-audios","tag-cultivos-de-uso-ilicito-2","tag-ecologia-2","tag-embera","tag-etnocidio","tag-explotacion-2","tag-fumigaziones","tag-glifosato","tag-la-oxy","tag-petrolio","tag-urra","tag-uwa"],"acf":[],"_links":{"self":[{"href":"https:\/\/martarodriguez.com.co\/index.php\/wp-json\/wp\/v2\/posts\/14931","targetHints":{"allow":["GET"]}}],"collection":[{"href":"https:\/\/martarodriguez.com.co\/index.php\/wp-json\/wp\/v2\/posts"}],"about":[{"href":"https:\/\/martarodriguez.com.co\/index.php\/wp-json\/wp\/v2\/types\/post"}],"author":[{"embeddable":true,"href":"https:\/\/martarodriguez.com.co\/index.php\/wp-json\/wp\/v2\/users\/1"}],"replies":[{"embeddable":true,"href":"https:\/\/martarodriguez.com.co\/index.php\/wp-json\/wp\/v2\/comments?post=14931"}],"version-history":[{"count":5,"href":"https:\/\/martarodriguez.com.co\/index.php\/wp-json\/wp\/v2\/posts\/14931\/revisions"}],"predecessor-version":[{"id":14937,"href":"https:\/\/martarodriguez.com.co\/index.php\/wp-json\/wp\/v2\/posts\/14931\/revisions\/14937"}],"wp:featuredmedia":[{"embeddable":true,"href":"https:\/\/martarodriguez.com.co\/index.php\/wp-json\/wp\/v2\/media\/14781"}],"wp:attachment":[{"href":"https:\/\/martarodriguez.com.co\/index.php\/wp-json\/wp\/v2\/media?parent=14931"}],"wp:term":[{"taxonomy":"category","embeddable":true,"href":"https:\/\/martarodriguez.com.co\/index.php\/wp-json\/wp\/v2\/categories?post=14931"},{"taxonomy":"post_tag","embeddable":true,"href":"https:\/\/martarodriguez.com.co\/index.php\/wp-json\/wp\/v2\/tags?post=14931"}],"curies":[{"name":"wp","href":"https:\/\/api.w.org\/{rel}","templated":true}]}}