{"id":14922,"date":"2025-11-10T19:10:07","date_gmt":"2025-11-10T19:10:07","guid":{"rendered":"https:\/\/martarodriguez.com.co\/?p=14922"},"modified":"2025-11-10T19:13:27","modified_gmt":"2025-11-10T19:13:27","slug":"0659p1-entrevista-con-abadio-green-de-octubre-20-de-1998-copy","status":"publish","type":"post","link":"https:\/\/martarodriguez.com.co\/index.php\/2025\/11\/10\/0659p1-entrevista-con-abadio-green-de-octubre-20-de-1998-copy\/","title":{"rendered":"0659p2 Entrevista con Abadio Green de octubre 20 de 1998"},"content":{"rendered":"\t\t<div data-elementor-type=\"wp-post\" data-elementor-id=\"14922\" class=\"elementor elementor-14922\">\n\t\t\t\t\t\t<section class=\"elementor-section elementor-top-section elementor-element elementor-element-31e9a44 elementor-section-boxed elementor-section-height-default elementor-section-height-default exad-glass-effect-no wpr-particle-no wpr-jarallax-no wpr-parallax-no wpr-sticky-section-no exad-sticky-section-no\" data-id=\"31e9a44\" data-element_type=\"section\">\n\t\t\t\t\t\t<div class=\"elementor-container elementor-column-gap-default\">\n\t\t\t\t\t<div class=\"elementor-column elementor-col-100 elementor-top-column elementor-element elementor-element-00c8168 exad-glass-effect-no exad-sticky-section-no\" data-id=\"00c8168\" data-element_type=\"column\">\n\t\t\t<div class=\"elementor-widget-wrap elementor-element-populated\">\n\t\t\t\t\t\t<div class=\"elementor-element elementor-element-9724743 exad-sticky-section-no exad-glass-effect-no elementor-widget elementor-widget-html\" data-id=\"9724743\" data-element_type=\"widget\" data-widget_type=\"html.default\">\n\t\t\t\t<div class=\"elementor-widget-container\">\n\t\t\t<iframe src=\"https:\/\/audiomack.com\/embed\/cinemestizo\/song\/0384-matrimonio-de-una-mujer-de-las-flores-sept15\" scrolling=\"no\" width=\"100%\" height=\"252\" frameborder=\"0\" title=\"0384 Matrimonio De Una Mujer De Las Flores Sept15\"><\/iframe>\t\t<\/div>\n\t\t\t\t<\/div>\n\t\t\t\t<div class=\"elementor-element elementor-element-0928cc3 exad-sticky-section-no exad-glass-effect-no elementor-widget elementor-widget-text-editor\" data-id=\"0928cc3\" data-element_type=\"widget\" data-widget_type=\"text-editor.default\">\n\t\t\t\t<div class=\"elementor-widget-container\">\n\t\t\t<style>\/*! elementor - v3.21.0 - 15-04-2024 *\/\n.elementor-widget-text-editor.elementor-drop-cap-view-stacked .elementor-drop-cap{background-color:#69727d;color:#fff}.elementor-widget-text-editor.elementor-drop-cap-view-framed .elementor-drop-cap{color:#69727d;border:3px solid;background-color:transparent}.elementor-widget-text-editor:not(.elementor-drop-cap-view-default) .elementor-drop-cap{margin-top:8px}.elementor-widget-text-editor:not(.elementor-drop-cap-view-default) .elementor-drop-cap-letter{width:1em;height:1em}.elementor-widget-text-editor .elementor-drop-cap{float:left;text-align:center;line-height:1;font-size:50px}.elementor-widget-text-editor .elementor-drop-cap-letter{display:inline-block}<\/style>\t\t\t\t<p>Entrevista con Abadio Green, realizada en octubre de 1998, presidente del CRIC, l\u00edder, te\u00f3logo, educador y etnoling\u00fcista del pueblo Gunadule. En esta conversaci\u00f3n, Abadio reflexiona sobre las luchas de los pueblos ind\u00edgenas frente a los megaproyectos extractivos que amenazan sus territorios, su cultura y su autonom\u00eda. Hace referencia a casos emblem\u00e1ticos como la resistencia del pueblo Ember\u00e1 ante la construcci\u00f3n de la represa de Urr\u00e1 y la lucha del pueblo U\u2019wa contra la compa\u00f1\u00eda Oxy Petroleum, situando ambos conflictos dentro de una misma l\u00f3gica de defensa de la vida, la tierra y la espiritualidad ind\u00edgena.<\/p><p>Abadio se\u00f1ala que los pueblos ind\u00edgenas son conscientes de la problem\u00e1tica global: un modelo de desarrollo que destruye la tierra y pone en riesgo la existencia misma de las comunidades. Reflexiona sobre la p\u00e9rdida de la cultura, la ruptura de las relaciones con la naturaleza y cuestiona la idea hegem\u00f3nica de \u201cprogreso\u201d, proponiendo en su lugar una visi\u00f3n basada en la armon\u00eda con la Madre Tierra y el respeto por los saberes ancestrales.<\/p><p>Esta entrevista forma parte del contenido registrado en el cassette 0654.<\/p>\t\t\t\t\t\t<\/div>\n\t\t\t\t<\/div>\n\t\t\t\t<div class=\"elementor-element elementor-element-b460ad5 exad-sticky-section-no exad-glass-effect-no elementor-widget elementor-widget-text-editor\" data-id=\"b460ad5\" data-element_type=\"widget\" data-widget_type=\"text-editor.default\">\n\t\t\t\t<div class=\"elementor-widget-container\">\n\t\t\t\t\t\t\t<p><strong>C\u00d3DIGO:<\/strong> 0659p2<\/p><p><strong>AUTOR\/DIRECTOR\/PRODUCTOR:<\/strong>\u00a0Fundaci\u00f3n Cine Documental Investigaci\u00f3n Social<\/p><p><strong>IDIOMA: <\/strong>Espa\u00f1ol<\/p><p><strong>PERSONA JUR\u00cdDICA\/NATURAL\/ROL:<\/strong>Abadio Green<\/p><p><strong>TOPON\u00cdMICOS: <\/strong>Bogot\u00e1<\/p><p><strong>TEM\u00c1TICOS:<\/strong> Etnocidio, fumigaziones, Ecologia<\/p><p><strong>CRONOL\u00d3GICOS: <\/strong>20\/10\/1998<\/p><p><strong>UNIDAD DE CONSERVACI\u00d3N:\u00a0<\/strong>Caja<\/p><p><strong>SOPORTE:\u00a0<\/strong>Magn\u00e9tico<\/p><p><strong>FORMATO: <\/strong>Cassette<\/p><p><strong>DURACI\u00d3N:<\/strong> 00:10:00<\/p><p><strong>NOTAS:\u00a0<\/strong>N\/A<\/p>\t\t\t\t\t\t<\/div>\n\t\t\t\t<\/div>\n\t\t\t\t\t<\/div>\n\t\t<\/div>\n\t\t\t\t\t<\/div>\n\t\t<\/section>\n\t\t\t\t<\/div>\n\t\t","protected":false},"excerpt":{"rendered":"<p>Entrevista con Abadio Green, realizada en octubre de 1998, presidente del CRIC, l\u00edder, te\u00f3logo, educador y etnoling\u00fcista del pueblo Gunadule. En esta conversaci\u00f3n, Abadio reflexiona sobre las luchas de los pueblos ind\u00edgenas frente a los megaproyectos extractivos que amenazan sus territorios, su cultura y su autonom\u00eda. Hace referencia a casos emblem\u00e1ticos como la resistencia del [&hellip;]<\/p>\n","protected":false},"author":1,"featured_media":14781,"comment_status":"open","ping_status":"open","sticky":false,"template":"","format":"standard","meta":{"_acf_changed":false,"footnotes":""},"categories":[26],"tags":[2151,2379,34,89,2378,2380,2341,2294,128,36],"class_list":["post-14922","post","type-post","status-publish","format-standard","has-post-thumbnail","hentry","category-audios","tag-cultivos-de-uso-ilicito-2","tag-ecologia-2","tag-embera","tag-etnocidio","tag-explotacion-2","tag-fumigaziones","tag-glifosato","tag-petrolio","tag-urra","tag-uwa"],"acf":[],"_links":{"self":[{"href":"https:\/\/martarodriguez.com.co\/index.php\/wp-json\/wp\/v2\/posts\/14922","targetHints":{"allow":["GET"]}}],"collection":[{"href":"https:\/\/martarodriguez.com.co\/index.php\/wp-json\/wp\/v2\/posts"}],"about":[{"href":"https:\/\/martarodriguez.com.co\/index.php\/wp-json\/wp\/v2\/types\/post"}],"author":[{"embeddable":true,"href":"https:\/\/martarodriguez.com.co\/index.php\/wp-json\/wp\/v2\/users\/1"}],"replies":[{"embeddable":true,"href":"https:\/\/martarodriguez.com.co\/index.php\/wp-json\/wp\/v2\/comments?post=14922"}],"version-history":[{"count":5,"href":"https:\/\/martarodriguez.com.co\/index.php\/wp-json\/wp\/v2\/posts\/14922\/revisions"}],"predecessor-version":[{"id":14927,"href":"https:\/\/martarodriguez.com.co\/index.php\/wp-json\/wp\/v2\/posts\/14922\/revisions\/14927"}],"wp:featuredmedia":[{"embeddable":true,"href":"https:\/\/martarodriguez.com.co\/index.php\/wp-json\/wp\/v2\/media\/14781"}],"wp:attachment":[{"href":"https:\/\/martarodriguez.com.co\/index.php\/wp-json\/wp\/v2\/media?parent=14922"}],"wp:term":[{"taxonomy":"category","embeddable":true,"href":"https:\/\/martarodriguez.com.co\/index.php\/wp-json\/wp\/v2\/categories?post=14922"},{"taxonomy":"post_tag","embeddable":true,"href":"https:\/\/martarodriguez.com.co\/index.php\/wp-json\/wp\/v2\/tags?post=14922"}],"curies":[{"name":"wp","href":"https:\/\/api.w.org\/{rel}","templated":true}]}}