{"id":14883,"date":"2025-11-10T19:01:00","date_gmt":"2025-11-10T19:01:00","guid":{"rendered":"https:\/\/martarodriguez.com.co\/?p=14883"},"modified":"2025-11-10T19:03:14","modified_gmt":"2025-11-10T19:03:14","slug":"0658p1-uwa-entrevistas-con-marta-rodriguez-y-misionero","status":"publish","type":"post","link":"https:\/\/martarodriguez.com.co\/index.php\/2025\/11\/10\/0658p1-uwa-entrevistas-con-marta-rodriguez-y-misionero\/","title":{"rendered":"0658P1 U&#8217;wa-Entrevistas con Marta Rodriguez y misionero"},"content":{"rendered":"\t\t<div data-elementor-type=\"wp-post\" data-elementor-id=\"14883\" class=\"elementor elementor-14883\">\n\t\t\t\t\t\t<section class=\"elementor-section elementor-top-section elementor-element elementor-element-31e9a44 elementor-section-boxed elementor-section-height-default elementor-section-height-default exad-glass-effect-no wpr-particle-no wpr-jarallax-no wpr-parallax-no wpr-sticky-section-no exad-sticky-section-no\" data-id=\"31e9a44\" data-element_type=\"section\">\n\t\t\t\t\t\t<div class=\"elementor-container elementor-column-gap-default\">\n\t\t\t\t\t<div class=\"elementor-column elementor-col-100 elementor-top-column elementor-element elementor-element-00c8168 exad-glass-effect-no exad-sticky-section-no\" data-id=\"00c8168\" data-element_type=\"column\">\n\t\t\t<div class=\"elementor-widget-wrap elementor-element-populated\">\n\t\t\t\t\t\t<div class=\"elementor-element elementor-element-9724743 exad-sticky-section-no exad-glass-effect-no elementor-widget elementor-widget-html\" data-id=\"9724743\" data-element_type=\"widget\" data-widget_type=\"html.default\">\n\t\t\t\t<div class=\"elementor-widget-container\">\n\t\t\t<iframe src=\"https:\/\/audiomack.com\/embed\/cinemestizo\/song\/0384-matrimonio-de-una-mujer-de-las-flores-sept15\" scrolling=\"no\" width=\"100%\" height=\"252\" frameborder=\"0\" title=\"0384 Matrimonio De Una Mujer De Las Flores Sept15\"><\/iframe>\t\t<\/div>\n\t\t\t\t<\/div>\n\t\t\t\t<div class=\"elementor-element elementor-element-0928cc3 exad-sticky-section-no exad-glass-effect-no elementor-widget elementor-widget-text-editor\" data-id=\"0928cc3\" data-element_type=\"widget\" data-widget_type=\"text-editor.default\">\n\t\t\t\t<div class=\"elementor-widget-container\">\n\t\t\t<style>\/*! elementor - v3.21.0 - 15-04-2024 *\/\n.elementor-widget-text-editor.elementor-drop-cap-view-stacked .elementor-drop-cap{background-color:#69727d;color:#fff}.elementor-widget-text-editor.elementor-drop-cap-view-framed .elementor-drop-cap{color:#69727d;border:3px solid;background-color:transparent}.elementor-widget-text-editor:not(.elementor-drop-cap-view-default) .elementor-drop-cap{margin-top:8px}.elementor-widget-text-editor:not(.elementor-drop-cap-view-default) .elementor-drop-cap-letter{width:1em;height:1em}.elementor-widget-text-editor .elementor-drop-cap{float:left;text-align:center;line-height:1;font-size:50px}.elementor-widget-text-editor .elementor-drop-cap-letter{display:inline-block}<\/style>\t\t\t\t<p>Entrevista con Marta Rodr\u00edguez sobre la reactivaci\u00f3n de los talleres de cine ind\u00edgena y la b\u00fasqueda de nuevas fuentes de financiaci\u00f3n. Durante la d\u00e9cada de 1990, en colaboraci\u00f3n con la UNESCO, la Fundaci\u00f3n de Cine Documental\/Investigaci\u00f3n Social impuls\u00f3 una serie de talleres de video documental en Popay\u00e1n, dirigidos a comunidades ind\u00edgenas del pa\u00eds. En este proceso, Marta Rodr\u00edguez trabaj\u00f3 junto al cineasta boliviano Iv\u00e1n Sanjin\u00e9s dentro del marco del Taller de Comunicaciones Audiovisuales Ind\u00edgenas, con el prop\u00f3sito de fortalecer la voz y la autonom\u00eda audiovisual de los pueblos originarios.<\/p><p>Marta enfatiza la necesidad de crear un espacio de paz, y reflexiona sobre la lucha por la paz en Colombia en medio del narcotr\u00e1fico y el \u201cdesangre\u201d del pueblo colombiano. Habla del proyecto La trilog\u00eda de las amapolas, desarrollado junto a los cabildos ind\u00edgenas, y de su deseo de promover una distribuci\u00f3n de impacto, con un mensaje claro de resistencia y paz.<\/p><p>La cineasta registra en su obra la cr\u00f3nica de vivir en un pa\u00eds profundamente violento, recordando la muerte de sus amigos Mario Calder\u00f3n, Elsa Alvarado y Eduardo Uma\u00f1a Mendoza, as\u00ed como las amenazas sufridas por Alfredo Molano y otros intelectuales cr\u00edticos del poder. Relata tambi\u00e9n c\u00f3mo, bajo el gobierno de Turbay Ayala, su casa fue allanada por las autoridades y c\u00f3mo muchos de sus compa\u00f1eros debieron huir del pa\u00eds. Menciona las amenazas recibidas por el CINEP (Centro de Investigaci\u00f3n y Educaci\u00f3n Popular), organizaci\u00f3n con la que manten\u00eda estrechos v\u00ednculos.<\/p><p>\u201cSi tuviera miedo, nunca har\u00eda cine\u201d, afirma Marta, quien reconoce haber filmado en contextos de extremo peligro y violencia, impulsada por su compromiso \u00e9tico con el cine y los derechos humanos. Tambi\u00e9n recuerda el asesinato de la periodista Silvia Duz\u00e1n, s\u00edmbolo de los riesgos que enfrentan quienes buscan la verdad en Colombia.<\/p><p>La cinta incluye adem\u00e1s una repetici\u00f3n parcial de la entrevista con Abadio Green, tambi\u00e9n registrada en el cassette 0654.<\/p>\t\t\t\t\t\t<\/div>\n\t\t\t\t<\/div>\n\t\t\t\t<div class=\"elementor-element elementor-element-b460ad5 exad-sticky-section-no exad-glass-effect-no elementor-widget elementor-widget-text-editor\" data-id=\"b460ad5\" data-element_type=\"widget\" data-widget_type=\"text-editor.default\">\n\t\t\t\t<div class=\"elementor-widget-container\">\n\t\t\t\t\t\t\t<p><strong>C\u00d3DIGO:<\/strong> 0658p1<\/p><p><strong>AUTOR\/DIRECTOR\/PRODUCTOR:<\/strong>\u00a0Fundaci\u00f3n Cine Documental Investigaci\u00f3n Social<\/p><p><strong>IDIOMA: <\/strong>Espa\u00f1ol<\/p><p><strong>PERSONA JUR\u00cdDICA\/NATURAL\/ROL:<\/strong>Marta Rodriguez, UNESCO, Ivan Sanjines, Abadio Green, Lisa Duzan<\/p><p><strong>TOPON\u00cdMICOS: <\/strong>Bogot\u00e1<\/p><p><strong>TEM\u00c1TICOS:<\/strong> Taller cine indigena, UNESCO, Derechos humanos<\/p><p><strong>CRONOL\u00d3GICOS: <\/strong>1\/10\/1998<\/p><p><strong>UNIDAD DE CONSERVACI\u00d3N:\u00a0<\/strong>Caja<\/p><p><strong>SOPORTE:\u00a0<\/strong>Magn\u00e9tico<\/p><p><strong>FORMATO:<\/strong>Cassette<\/p><p><strong>DURACI\u00d3N:<\/strong> 00:47:00<\/p><p><strong>NOTAS:\u00a0<\/strong>N\/A<\/p>\t\t\t\t\t\t<\/div>\n\t\t\t\t<\/div>\n\t\t\t\t\t<\/div>\n\t\t<\/div>\n\t\t\t\t\t<\/div>\n\t\t<\/section>\n\t\t\t\t<\/div>\n\t\t","protected":false},"excerpt":{"rendered":"<p>Entrevista con Marta Rodr\u00edguez sobre la reactivaci\u00f3n de los talleres de cine ind\u00edgena y la b\u00fasqueda de nuevas fuentes de financiaci\u00f3n. Durante la d\u00e9cada de 1990, en colaboraci\u00f3n con la UNESCO, la Fundaci\u00f3n de Cine Documental\/Investigaci\u00f3n Social impuls\u00f3 una serie de talleres de video documental en Popay\u00e1n, dirigidos a comunidades ind\u00edgenas del pa\u00eds. En este [&hellip;]<\/p>\n","protected":false},"author":1,"featured_media":14781,"comment_status":"open","ping_status":"open","sticky":false,"template":"","format":"standard","meta":{"_acf_changed":false,"footnotes":""},"categories":[26],"tags":[71,62,2313,25,2340,291,36],"class_list":["post-14883","post","type-post","status-publish","format-standard","has-post-thumbnail","hentry","category-audios","tag-derechos-humanos","tag-desplazamiento","tag-megaproyectos","tag-paramilitarismo","tag-taller-cine-indigena","tag-unesco","tag-uwa"],"acf":[],"_links":{"self":[{"href":"https:\/\/martarodriguez.com.co\/index.php\/wp-json\/wp\/v2\/posts\/14883","targetHints":{"allow":["GET"]}}],"collection":[{"href":"https:\/\/martarodriguez.com.co\/index.php\/wp-json\/wp\/v2\/posts"}],"about":[{"href":"https:\/\/martarodriguez.com.co\/index.php\/wp-json\/wp\/v2\/types\/post"}],"author":[{"embeddable":true,"href":"https:\/\/martarodriguez.com.co\/index.php\/wp-json\/wp\/v2\/users\/1"}],"replies":[{"embeddable":true,"href":"https:\/\/martarodriguez.com.co\/index.php\/wp-json\/wp\/v2\/comments?post=14883"}],"version-history":[{"count":4,"href":"https:\/\/martarodriguez.com.co\/index.php\/wp-json\/wp\/v2\/posts\/14883\/revisions"}],"predecessor-version":[{"id":14903,"href":"https:\/\/martarodriguez.com.co\/index.php\/wp-json\/wp\/v2\/posts\/14883\/revisions\/14903"}],"wp:featuredmedia":[{"embeddable":true,"href":"https:\/\/martarodriguez.com.co\/index.php\/wp-json\/wp\/v2\/media\/14781"}],"wp:attachment":[{"href":"https:\/\/martarodriguez.com.co\/index.php\/wp-json\/wp\/v2\/media?parent=14883"}],"wp:term":[{"taxonomy":"category","embeddable":true,"href":"https:\/\/martarodriguez.com.co\/index.php\/wp-json\/wp\/v2\/categories?post=14883"},{"taxonomy":"post_tag","embeddable":true,"href":"https:\/\/martarodriguez.com.co\/index.php\/wp-json\/wp\/v2\/tags?post=14883"}],"curies":[{"name":"wp","href":"https:\/\/api.w.org\/{rel}","templated":true}]}}