{"id":14838,"date":"2025-11-10T18:42:40","date_gmt":"2025-11-10T18:42:40","guid":{"rendered":"https:\/\/martarodriguez.com.co\/?p=14838"},"modified":"2025-11-10T18:49:18","modified_gmt":"2025-11-10T18:49:18","slug":"unidad-indigena-no-42-ano-6-julio-de-1980_porque-apoyamos-el-2-paro-civico-nacional","status":"publish","type":"post","link":"https:\/\/martarodriguez.com.co\/index.php\/2025\/11\/10\/unidad-indigena-no-42-ano-6-julio-de-1980_porque-apoyamos-el-2-paro-civico-nacional\/","title":{"rendered":"H0255a UI 42 -Porqu\u00e9 apoyamos el 2\u00b0 Paro C\u00edvico Nacional"},"content":{"rendered":"\t\t<div data-elementor-type=\"wp-post\" data-elementor-id=\"14838\" class=\"elementor elementor-14838\">\n\t\t\t\t\t\t<section class=\"elementor-section elementor-top-section elementor-element elementor-element-77752575 elementor-section-boxed elementor-section-height-default elementor-section-height-default exad-glass-effect-no wpr-particle-no wpr-jarallax-no wpr-parallax-no wpr-sticky-section-no exad-sticky-section-no\" data-id=\"77752575\" data-element_type=\"section\">\n\t\t\t\t\t\t<div class=\"elementor-container elementor-column-gap-default\">\n\t\t\t\t\t<div class=\"elementor-column elementor-col-100 elementor-top-column elementor-element elementor-element-6fd6a63d exad-glass-effect-no exad-sticky-section-no\" data-id=\"6fd6a63d\" data-element_type=\"column\">\n\t\t\t<div class=\"elementor-widget-wrap elementor-element-populated\">\n\t\t\t\t\t\t<div class=\"elementor-element elementor-element-6b10897 exad-sticky-section-no exad-glass-effect-no elementor-widget elementor-widget-image\" data-id=\"6b10897\" data-element_type=\"widget\" data-widget_type=\"image.default\">\n\t\t\t\t<div class=\"elementor-widget-container\">\n\t\t\t<style>\/*! elementor - v3.21.0 - 15-04-2024 *\/\n.elementor-widget-image{text-align:center}.elementor-widget-image a{display:inline-block}.elementor-widget-image a img[src$=\".svg\"]{width:48px}.elementor-widget-image img{vertical-align:middle;display:inline-block}<\/style>\t\t\t\t\t\t\t\t\t\t<img fetchpriority=\"high\" decoding=\"async\" width=\"994\" height=\"1280\" src=\"https:\/\/martarodriguez.com.co\/wp-content\/uploads\/2025\/11\/2-2.jpg\" class=\"attachment-2048x2048 size-2048x2048 wp-image-14865\" alt=\"\" srcset=\"https:\/\/martarodriguez.com.co\/wp-content\/uploads\/2025\/11\/2-2.jpg 994w, https:\/\/martarodriguez.com.co\/wp-content\/uploads\/2025\/11\/2-2-233x300.jpg 233w, https:\/\/martarodriguez.com.co\/wp-content\/uploads\/2025\/11\/2-2-795x1024.jpg 795w, https:\/\/martarodriguez.com.co\/wp-content\/uploads\/2025\/11\/2-2-768x989.jpg 768w, https:\/\/martarodriguez.com.co\/wp-content\/uploads\/2025\/11\/2-2-750x966.jpg 750w, https:\/\/martarodriguez.com.co\/wp-content\/uploads\/2025\/11\/2-2-600x773.jpg 600w\" sizes=\"(max-width: 994px) 100vw, 994px\" \/>\t\t\t\t\t\t\t\t\t\t\t\t\t<\/div>\n\t\t\t\t<\/div>\n\t\t\t\t<div class=\"elementor-element elementor-element-77b5c1c exad-sticky-section-no exad-glass-effect-no elementor-widget elementor-widget-text-editor\" data-id=\"77b5c1c\" data-element_type=\"widget\" data-widget_type=\"text-editor.default\">\n\t\t\t\t<div class=\"elementor-widget-container\">\n\t\t\t<style>\/*! elementor - v3.21.0 - 15-04-2024 *\/\n.elementor-widget-text-editor.elementor-drop-cap-view-stacked .elementor-drop-cap{background-color:#69727d;color:#fff}.elementor-widget-text-editor.elementor-drop-cap-view-framed .elementor-drop-cap{color:#69727d;border:3px solid;background-color:transparent}.elementor-widget-text-editor:not(.elementor-drop-cap-view-default) .elementor-drop-cap{margin-top:8px}.elementor-widget-text-editor:not(.elementor-drop-cap-view-default) .elementor-drop-cap-letter{width:1em;height:1em}.elementor-widget-text-editor .elementor-drop-cap{float:left;text-align:center;line-height:1;font-size:50px}.elementor-widget-text-editor .elementor-drop-cap-letter{display:inline-block}<\/style>\t\t\t\t<p><span data-sheets-root=\"1\">El art\u00edculo resume la posici\u00f3n del CRIC para apoyar el 2\u00b0 Paro C\u00edvico Nacional. <\/span><\/p>\t\t\t\t\t\t<\/div>\n\t\t\t\t<\/div>\n\t\t\t\t<div class=\"elementor-element elementor-element-496b670 exad-sticky-section-no exad-glass-effect-no elementor-widget elementor-widget-text-editor\" data-id=\"496b670\" data-element_type=\"widget\" data-widget_type=\"text-editor.default\">\n\t\t\t\t<div class=\"elementor-widget-container\">\n\t\t\t\t\t\t\t<p><strong>C\u00d3DIGO<\/strong>: H0255a<\/p>\n<p><strong>IDIOMA:<\/strong> Castellano<\/p>\n<p><strong style=\"color: var( --e-global-color-text ); font-family: var( --e-global-typography-text-font-family ), Sans-serif;\">PERSONA JUR\u00cdDICA\/NATURAL\/ROL: <\/strong>Julio C\u00e9sar Turbay Ayala,<\/p>\n<p><strong>TOPON\u00cdMICOS:<\/strong>\u00a0<\/p>\n<p><strong style=\"color: var( --e-global-color-text ); font-family: var( --e-global-typography-text-font-family ), Sans-serif;\">TEM\u00c1TICOS: <\/strong>2\u00b0 Paro C\u00edvico Nacional, Derechos Humanos, Estatuto de Seguridad, Subversi\u00f3n, Carest\u00eda, CRIC, Estatuto Ind\u00edgena, Ley 89 de 1890,<\/p>\n<p><!-- \/wp:paragraph --><!-- wp:paragraph --><\/p>\n<p><strong>CRONOL\u00d3GICOS:<\/strong> <span data-sheets-root=\"1\">1980<\/span><\/p>\n<p><!-- \/wp:paragraph --><!-- wp:paragraph --><\/p>\n<p><!-- \/wp:paragraph --><!-- wp:paragraph --><\/p>\n<p><!-- \/wp:paragraph --><\/p>\t\t\t\t\t\t<\/div>\n\t\t\t\t<\/div>\n\t\t\t\t\t<\/div>\n\t\t<\/div>\n\t\t\t\t\t<\/div>\n\t\t<\/section>\n\t\t\t\t<\/div>\n\t\t","protected":false},"excerpt":{"rendered":"<p>El art\u00edculo resume la posici\u00f3n del CRIC para apoyar el 2\u00b0 Paro C\u00edvico Nacional. C\u00d3DIGO: H0255a IDIOMA: Castellano PERSONA JUR\u00cdDICA\/NATURAL\/ROL: Julio C\u00e9sar Turbay Ayala, TOPON\u00cdMICOS:\u00a0 TEM\u00c1TICOS: 2\u00b0 Paro C\u00edvico Nacional, Derechos Humanos, Estatuto de Seguridad, Subversi\u00f3n, Carest\u00eda, CRIC, Estatuto Ind\u00edgena, Ley 89 de 1890, CRONOL\u00d3GICOS: 1980<\/p>\n","protected":false},"author":1,"featured_media":14870,"comment_status":"closed","ping_status":"open","sticky":false,"template":"","format":"standard","meta":{"_acf_changed":false,"footnotes":""},"categories":[28],"tags":[2321,2324,108,71,1727,2091,433,1539,157],"class_list":["post-14838","post","type-post","status-publish","format-standard","has-post-thumbnail","hentry","category-hemeroteca","tag-2-paro-civico-nacional","tag-carestia","tag-cric","tag-derechos-humanos","tag-estatuto-de-seguridad","tag-estatuto-indigena","tag-julio-cesar-turbay-ayala","tag-ley-89-de-1890","tag-subversion"],"acf":[],"_links":{"self":[{"href":"https:\/\/martarodriguez.com.co\/index.php\/wp-json\/wp\/v2\/posts\/14838","targetHints":{"allow":["GET"]}}],"collection":[{"href":"https:\/\/martarodriguez.com.co\/index.php\/wp-json\/wp\/v2\/posts"}],"about":[{"href":"https:\/\/martarodriguez.com.co\/index.php\/wp-json\/wp\/v2\/types\/post"}],"author":[{"embeddable":true,"href":"https:\/\/martarodriguez.com.co\/index.php\/wp-json\/wp\/v2\/users\/1"}],"replies":[{"embeddable":true,"href":"https:\/\/martarodriguez.com.co\/index.php\/wp-json\/wp\/v2\/comments?post=14838"}],"version-history":[{"count":7,"href":"https:\/\/martarodriguez.com.co\/index.php\/wp-json\/wp\/v2\/posts\/14838\/revisions"}],"predecessor-version":[{"id":14874,"href":"https:\/\/martarodriguez.com.co\/index.php\/wp-json\/wp\/v2\/posts\/14838\/revisions\/14874"}],"wp:featuredmedia":[{"embeddable":true,"href":"https:\/\/martarodriguez.com.co\/index.php\/wp-json\/wp\/v2\/media\/14870"}],"wp:attachment":[{"href":"https:\/\/martarodriguez.com.co\/index.php\/wp-json\/wp\/v2\/media?parent=14838"}],"wp:term":[{"taxonomy":"category","embeddable":true,"href":"https:\/\/martarodriguez.com.co\/index.php\/wp-json\/wp\/v2\/categories?post=14838"},{"taxonomy":"post_tag","embeddable":true,"href":"https:\/\/martarodriguez.com.co\/index.php\/wp-json\/wp\/v2\/tags?post=14838"}],"curies":[{"name":"wp","href":"https:\/\/api.w.org\/{rel}","templated":true}]}}