{"id":14823,"date":"2025-11-10T18:17:26","date_gmt":"2025-11-10T18:17:26","guid":{"rendered":"https:\/\/martarodriguez.com.co\/?p=14823"},"modified":"2025-11-10T18:40:41","modified_gmt":"2025-11-10T18:40:41","slug":"0654p2-entrevista-con-jose-david-bueno-y-abadio-green","status":"publish","type":"post","link":"https:\/\/martarodriguez.com.co\/index.php\/2025\/11\/10\/0654p2-entrevista-con-jose-david-bueno-y-abadio-green\/","title":{"rendered":"0654p2 Entrevista con Jose David Bueno y Abadio Green"},"content":{"rendered":"\t\t<div data-elementor-type=\"wp-post\" data-elementor-id=\"14823\" class=\"elementor elementor-14823\">\n\t\t\t\t\t\t<section class=\"elementor-section elementor-top-section elementor-element elementor-element-31e9a44 elementor-section-boxed elementor-section-height-default elementor-section-height-default exad-glass-effect-no wpr-particle-no wpr-jarallax-no wpr-parallax-no wpr-sticky-section-no exad-sticky-section-no\" data-id=\"31e9a44\" data-element_type=\"section\">\n\t\t\t\t\t\t<div class=\"elementor-container elementor-column-gap-default\">\n\t\t\t\t\t<div class=\"elementor-column elementor-col-100 elementor-top-column elementor-element elementor-element-00c8168 exad-glass-effect-no exad-sticky-section-no\" data-id=\"00c8168\" data-element_type=\"column\">\n\t\t\t<div class=\"elementor-widget-wrap elementor-element-populated\">\n\t\t\t\t\t\t<div class=\"elementor-element elementor-element-9724743 exad-sticky-section-no exad-glass-effect-no elementor-widget elementor-widget-html\" data-id=\"9724743\" data-element_type=\"widget\" data-widget_type=\"html.default\">\n\t\t\t\t<div class=\"elementor-widget-container\">\n\t\t\t<iframe src=\"https:\/\/audiomack.com\/embed\/cinemestizo\/song\/0384-matrimonio-de-una-mujer-de-las-flores-sept15\" scrolling=\"no\" width=\"100%\" height=\"252\" frameborder=\"0\" title=\"0384 Matrimonio De Una Mujer De Las Flores Sept15\"><\/iframe>\t\t<\/div>\n\t\t\t\t<\/div>\n\t\t\t\t<div class=\"elementor-element elementor-element-0928cc3 exad-sticky-section-no exad-glass-effect-no elementor-widget elementor-widget-text-editor\" data-id=\"0928cc3\" data-element_type=\"widget\" data-widget_type=\"text-editor.default\">\n\t\t\t\t<div class=\"elementor-widget-container\">\n\t\t\t<style>\/*! elementor - v3.21.0 - 15-04-2024 *\/\n.elementor-widget-text-editor.elementor-drop-cap-view-stacked .elementor-drop-cap{background-color:#69727d;color:#fff}.elementor-widget-text-editor.elementor-drop-cap-view-framed .elementor-drop-cap{color:#69727d;border:3px solid;background-color:transparent}.elementor-widget-text-editor:not(.elementor-drop-cap-view-default) .elementor-drop-cap{margin-top:8px}.elementor-widget-text-editor:not(.elementor-drop-cap-view-default) .elementor-drop-cap-letter{width:1em;height:1em}.elementor-widget-text-editor .elementor-drop-cap{float:left;text-align:center;line-height:1;font-size:50px}.elementor-widget-text-editor .elementor-drop-cap-letter{display:inline-block}<\/style>\t\t\t\t<p>Segunda parte de la entrevista con Jos\u00e9 David Bueno, l\u00edder Embera Cham\u00ed y Secretario General de la Organizaci\u00f3n Nacional Ind\u00edgena de Colombia (ONIC), seguido de una entrevista de Marta Rodriguez con Abadio Green, presidente de la ONIC.<\/p><p>Jos\u00e9 David Bueno aborda el asesinato de l\u00edderes ind\u00edgenas en diversas regiones de Colombia, haciendo especial \u00e9nfasis en el Proyecto de explotaci\u00f3n petrolera en el territorio del pueblo U\u2019wa. Este pueblo ha logrado conservar su cultura, identidad y control sobre gran parte de su territorio, que no ha sido penetrado por actores externos. Para los U\u2019wa, el petr\u00f3leo representa la sangre de la Madre Tierra, estableciendo una relaci\u00f3n simb\u00f3lica entre el equilibrio del suelo y la atm\u00f3sfera.<\/p><p>Los U\u2019wa han obstaculizado la explotaci\u00f3n petrolera en su territorio y advierten que si se llega a realizar, podr\u00edan optar por un suicidio colectivo, ya que el da\u00f1o derivado podr\u00eda llevar a la extinci\u00f3n de su cultura. Aunque el proyecto de explotaci\u00f3n se encuentra paralizado, puede ser reactivado en cualquier momento sin tener en cuenta a la poblaci\u00f3n ind\u00edgena. En 1997 se realiz\u00f3 una campa\u00f1a nacional en defensa del pueblo U\u2019wa, que implic\u00f3 una movilizaci\u00f3n social significativa. Abadio Green habla de c\u00f3mo lleg\u00f3 al cargo de presidente de la Organizaci\u00f3n Nacional Ind\u00edgena de Colombia (ONIC) y de su lucha por los derechos de los pueblos ind\u00edgenas. Se\u00f1ala que ser dirigente nacional ha sido muy importante, ya que le ha permitido formarse, conocer a muchas personas y comprender que los acontecimientos del mundo tienden a repetirse. Destaca que la inteligencia del ser humano consiste en entender estos patrones, aunque advierte que la humanidad est\u00e1 psicol\u00f3gicamente desfasada y hace un llamado al mundo occidental sobre esta situaci\u00f3n. Para \u00e9l, la madre es la Madre Tierra y el esposo es la Luna, y los planetas son guardianes que defienden la Tierra. Abadio Green expresa orgullo por su pueblo y por su resistencia hist\u00f3rica. Subraya que la existencia de la ONIC responde a la necesidad de defender a las comunidades ind\u00edgenas, que han sido invisibilizadas por el gobierno nacional. Adem\u00e1s, narra el nacimiento de la ONIC y su labor desde una perspectiva mitol\u00f3gica, conectando la organizaci\u00f3n con la cosmovisi\u00f3n y la espiritualidad de los pueblos ind\u00edgenas.<\/p>\t\t\t\t\t\t<\/div>\n\t\t\t\t<\/div>\n\t\t\t\t<div class=\"elementor-element elementor-element-b460ad5 exad-sticky-section-no exad-glass-effect-no elementor-widget elementor-widget-text-editor\" data-id=\"b460ad5\" data-element_type=\"widget\" data-widget_type=\"text-editor.default\">\n\t\t\t\t<div class=\"elementor-widget-container\">\n\t\t\t\t\t\t\t<p><strong>C\u00d3DIGO:<\/strong> 0654p2<\/p><p><strong>AUTOR\/DIRECTOR\/PRODUCTOR:<\/strong>\u00a0Fundaci\u00f3n Cine Documental Investigaci\u00f3n Social<\/p><p><strong>IDIOMA: <\/strong>Espa\u00f1ol<\/p><p><strong>PERSONA JUR\u00cdDICA\/NATURAL\/ROL:<\/strong>Marta Rodriguez, Abadio Green<\/p><p><strong>TOPON\u00cdMICOS: <\/strong>Bogot\u00e1<\/p><p><strong>TEM\u00c1TICOS:<\/strong> ONIC, megaproyectos, Petrolio, Lucha ambiental, Desplazamiento, Etnocidio, U&#8217;wa, ONIC<\/p><p><strong>CRONOL\u00d3GICOS: <\/strong>5 oct 1998<\/p><p><strong>UNIDAD DE CONSERVACI\u00d3N:\u00a0<\/strong>Caja<\/p><p><strong>SOPORTE:\u00a0<\/strong>Magn\u00e9tico<\/p><p><strong>FORMATO: <\/strong>Cassette<\/p><p><strong>DURACI\u00d3N:<\/strong> 00:47:00<\/p><p><strong>NOTAS:\u00a0<\/strong>N\/A<\/p>\t\t\t\t\t\t<\/div>\n\t\t\t\t<\/div>\n\t\t\t\t\t<\/div>\n\t\t<\/div>\n\t\t\t\t\t<\/div>\n\t\t<\/section>\n\t\t\t\t<\/div>\n\t\t","protected":false},"excerpt":{"rendered":"<p>Segunda parte de la entrevista con Jos\u00e9 David Bueno, l\u00edder Embera Cham\u00ed y Secretario General de la Organizaci\u00f3n Nacional Ind\u00edgena de Colombia (ONIC), seguido de una entrevista de Marta Rodriguez con Abadio Green, presidente de la ONIC. Jos\u00e9 David Bueno aborda el asesinato de l\u00edderes ind\u00edgenas en diversas regiones de Colombia, haciendo especial \u00e9nfasis en [&hellip;]<\/p>\n","protected":false},"author":1,"featured_media":14781,"comment_status":"open","ping_status":"open","sticky":false,"template":"","format":"standard","meta":{"_acf_changed":false,"footnotes":""},"categories":[26],"tags":[62,89,2194,2313,38,151,2294,36],"class_list":["post-14823","post","type-post","status-publish","format-standard","has-post-thumbnail","hentry","category-audios","tag-desplazamiento","tag-etnocidio","tag-lucha-ambiental","tag-megaproyectos","tag-onic","tag-petroleras","tag-petrolio","tag-uwa"],"acf":[],"_links":{"self":[{"href":"https:\/\/martarodriguez.com.co\/index.php\/wp-json\/wp\/v2\/posts\/14823","targetHints":{"allow":["GET"]}}],"collection":[{"href":"https:\/\/martarodriguez.com.co\/index.php\/wp-json\/wp\/v2\/posts"}],"about":[{"href":"https:\/\/martarodriguez.com.co\/index.php\/wp-json\/wp\/v2\/types\/post"}],"author":[{"embeddable":true,"href":"https:\/\/martarodriguez.com.co\/index.php\/wp-json\/wp\/v2\/users\/1"}],"replies":[{"embeddable":true,"href":"https:\/\/martarodriguez.com.co\/index.php\/wp-json\/wp\/v2\/comments?post=14823"}],"version-history":[{"count":7,"href":"https:\/\/martarodriguez.com.co\/index.php\/wp-json\/wp\/v2\/posts\/14823\/revisions"}],"predecessor-version":[{"id":14846,"href":"https:\/\/martarodriguez.com.co\/index.php\/wp-json\/wp\/v2\/posts\/14823\/revisions\/14846"}],"wp:featuredmedia":[{"embeddable":true,"href":"https:\/\/martarodriguez.com.co\/index.php\/wp-json\/wp\/v2\/media\/14781"}],"wp:attachment":[{"href":"https:\/\/martarodriguez.com.co\/index.php\/wp-json\/wp\/v2\/media?parent=14823"}],"wp:term":[{"taxonomy":"category","embeddable":true,"href":"https:\/\/martarodriguez.com.co\/index.php\/wp-json\/wp\/v2\/categories?post=14823"},{"taxonomy":"post_tag","embeddable":true,"href":"https:\/\/martarodriguez.com.co\/index.php\/wp-json\/wp\/v2\/tags?post=14823"}],"curies":[{"name":"wp","href":"https:\/\/api.w.org\/{rel}","templated":true}]}}