{"id":14789,"date":"2025-11-10T17:59:50","date_gmt":"2025-11-10T17:59:50","guid":{"rendered":"https:\/\/martarodriguez.com.co\/?p=14789"},"modified":"2025-11-10T18:42:34","modified_gmt":"2025-11-10T18:42:34","slug":"0653p2-uwa-entrevistas-con-david-bueno-y-juan-mayr","status":"publish","type":"post","link":"https:\/\/martarodriguez.com.co\/index.php\/2025\/11\/10\/0653p2-uwa-entrevistas-con-david-bueno-y-juan-mayr\/","title":{"rendered":"0653p2 U&#8217;wa-Entrevistas con David Bueno y Juan Mayr"},"content":{"rendered":"\t\t<div data-elementor-type=\"wp-post\" data-elementor-id=\"14789\" class=\"elementor elementor-14789\">\n\t\t\t\t\t\t<section class=\"elementor-section elementor-top-section elementor-element elementor-element-31e9a44 elementor-section-boxed elementor-section-height-default elementor-section-height-default exad-glass-effect-no wpr-particle-no wpr-jarallax-no wpr-parallax-no wpr-sticky-section-no exad-sticky-section-no\" data-id=\"31e9a44\" data-element_type=\"section\">\n\t\t\t\t\t\t<div class=\"elementor-container elementor-column-gap-default\">\n\t\t\t\t\t<div class=\"elementor-column elementor-col-100 elementor-top-column elementor-element elementor-element-00c8168 exad-glass-effect-no exad-sticky-section-no\" data-id=\"00c8168\" data-element_type=\"column\">\n\t\t\t<div class=\"elementor-widget-wrap elementor-element-populated\">\n\t\t\t\t\t\t<div class=\"elementor-element elementor-element-9724743 exad-sticky-section-no exad-glass-effect-no elementor-widget elementor-widget-html\" data-id=\"9724743\" data-element_type=\"widget\" data-widget_type=\"html.default\">\n\t\t\t\t<div class=\"elementor-widget-container\">\n\t\t\t<iframe src=\"https:\/\/audiomack.com\/embed\/cinemestizo\/song\/0384-matrimonio-de-una-mujer-de-las-flores-sept15\" scrolling=\"no\" width=\"100%\" height=\"252\" frameborder=\"0\" title=\"0384 Matrimonio De Una Mujer De Las Flores Sept15\"><\/iframe>\t\t<\/div>\n\t\t\t\t<\/div>\n\t\t\t\t<div class=\"elementor-element elementor-element-0928cc3 exad-sticky-section-no exad-glass-effect-no elementor-widget elementor-widget-text-editor\" data-id=\"0928cc3\" data-element_type=\"widget\" data-widget_type=\"text-editor.default\">\n\t\t\t\t<div class=\"elementor-widget-container\">\n\t\t\t<style>\/*! elementor - v3.21.0 - 15-04-2024 *\/\n.elementor-widget-text-editor.elementor-drop-cap-view-stacked .elementor-drop-cap{background-color:#69727d;color:#fff}.elementor-widget-text-editor.elementor-drop-cap-view-framed .elementor-drop-cap{color:#69727d;border:3px solid;background-color:transparent}.elementor-widget-text-editor:not(.elementor-drop-cap-view-default) .elementor-drop-cap{margin-top:8px}.elementor-widget-text-editor:not(.elementor-drop-cap-view-default) .elementor-drop-cap-letter{width:1em;height:1em}.elementor-widget-text-editor .elementor-drop-cap{float:left;text-align:center;line-height:1;font-size:50px}.elementor-widget-text-editor .elementor-drop-cap-letter{display:inline-block}<\/style>\t\t\t\t<p>Segunda parte de la entrevista con Jos\u00e9 David Bueno, l\u00edder Embera Cham\u00ed y Secretario General de la Organizaci\u00f3n Nacional Ind\u00edgena de Colombia (ONIC), y Juan Mayr, fot\u00f3grafo, activista ecologista y pol\u00edtico colombiano, fundador de la Fundaci\u00f3n Pro-Sierra Nevada de Santa Marta.<\/p><p>Jos\u00e9 David Bueno aborda el asesinato de l\u00edderes ind\u00edgenas en diversas regiones de Colombia, haciendo especial \u00e9nfasis en el Proyecto de explotaci\u00f3n petrolera en el territorio del pueblo U\u2019wa. Este pueblo ha logrado conservar su cultura, identidad y control sobre gran parte de su territorio, que no ha sido penetrado por actores externos. Para los U\u2019wa, el petr\u00f3leo representa la sangre de la Madre Tierra, estableciendo una relaci\u00f3n simb\u00f3lica entre el equilibrio del suelo y la atm\u00f3sfera. Los U\u2019wa han obstaculizado la explotaci\u00f3n petrolera en su territorio y advierten que si se llega a realizar, podr\u00edan optar por un suicidio colectivo, ya que el da\u00f1o derivado podr\u00eda llevar a la extinci\u00f3n de su cultura. Aunque el proyecto de explotaci\u00f3n se encuentra paralizado, puede ser reactivado en cualquier momento sin tener en cuenta a la poblaci\u00f3n ind\u00edgena. En 1997 se realiz\u00f3 una campa\u00f1a nacional en defensa del pueblo U\u2019wa, que implic\u00f3 una movilizaci\u00f3n social significativa.<\/p><p>La entrevista contin\u00faa con Juan Mayr, quien relata su llegada a la Sierra Nevada de Santa Marta y su labor como fot\u00f3grafo. Habla tambi\u00e9n sobre el papel del Ministerio del Medio Ambiente y su relaci\u00f3n con las organizaciones ind\u00edgenas.<\/p>\t\t\t\t\t\t<\/div>\n\t\t\t\t<\/div>\n\t\t\t\t<div class=\"elementor-element elementor-element-b460ad5 exad-sticky-section-no exad-glass-effect-no elementor-widget elementor-widget-text-editor\" data-id=\"b460ad5\" data-element_type=\"widget\" data-widget_type=\"text-editor.default\">\n\t\t\t\t<div class=\"elementor-widget-container\">\n\t\t\t\t\t\t\t<p><strong>C\u00d3DIGO:<\/strong> 0653p2<\/p><p><strong>AUTOR\/DIRECTOR\/PRODUCTOR:<\/strong>\u00a0Fundaci\u00f3n Cine Documental Investigaci\u00f3n Social<\/p><p><strong>IDIOMA: <\/strong>Espa\u00f1ol<\/p><p><strong>PERSONA JUR\u00cdDICA\/NATURAL\/ROL:<\/strong>Juan Mayr, David Buano, Marta Rodriguez<\/p><p><strong>TOPON\u00cdMICOS: <\/strong>Bogot\u00e1<\/p><p><strong>TEM\u00c1TICOS:<\/strong> Petrolio, Lucha ambiental, Desplazamiento, Etnocidio, U&#8217;wa, ONIC<\/p><p><strong>CRONOL\u00d3GICOS:\u00a0<\/strong>01\/10\/1998<\/p><p><strong>UNIDAD DE CONSERVACI\u00d3N:\u00a0<\/strong>Caja<\/p><p><strong>SOPORTE:\u00a0<\/strong>Magn\u00e9tico<\/p><p><strong>FORMATO: <\/strong>Cassette<\/p><p><strong>DURACI\u00d3N:<\/strong> 00:40:00<\/p><p><strong>NOTAS:\u00a0<\/strong>N\/A<\/p>\t\t\t\t\t\t<\/div>\n\t\t\t\t<\/div>\n\t\t\t\t\t<\/div>\n\t\t<\/div>\n\t\t\t\t\t<\/div>\n\t\t<\/section>\n\t\t\t\t<\/div>\n\t\t","protected":false},"excerpt":{"rendered":"<p>Segunda parte de la entrevista con Jos\u00e9 David Bueno, l\u00edder Embera Cham\u00ed y Secretario General de la Organizaci\u00f3n Nacional Ind\u00edgena de Colombia (ONIC), y Juan Mayr, fot\u00f3grafo, activista ecologista y pol\u00edtico colombiano, fundador de la Fundaci\u00f3n Pro-Sierra Nevada de Santa Marta. Jos\u00e9 David Bueno aborda el asesinato de l\u00edderes ind\u00edgenas en diversas regiones de Colombia, [&hellip;]<\/p>\n","protected":false},"author":1,"featured_media":14781,"comment_status":"open","ping_status":"open","sticky":false,"template":"","format":"standard","meta":{"_acf_changed":false,"footnotes":""},"categories":[26],"tags":[62,89,2194,38,151,2294,36],"class_list":["post-14789","post","type-post","status-publish","format-standard","has-post-thumbnail","hentry","category-audios","tag-desplazamiento","tag-etnocidio","tag-lucha-ambiental","tag-onic","tag-petroleras","tag-petrolio","tag-uwa"],"acf":[],"_links":{"self":[{"href":"https:\/\/martarodriguez.com.co\/index.php\/wp-json\/wp\/v2\/posts\/14789","targetHints":{"allow":["GET"]}}],"collection":[{"href":"https:\/\/martarodriguez.com.co\/index.php\/wp-json\/wp\/v2\/posts"}],"about":[{"href":"https:\/\/martarodriguez.com.co\/index.php\/wp-json\/wp\/v2\/types\/post"}],"author":[{"embeddable":true,"href":"https:\/\/martarodriguez.com.co\/index.php\/wp-json\/wp\/v2\/users\/1"}],"replies":[{"embeddable":true,"href":"https:\/\/martarodriguez.com.co\/index.php\/wp-json\/wp\/v2\/comments?post=14789"}],"version-history":[{"count":7,"href":"https:\/\/martarodriguez.com.co\/index.php\/wp-json\/wp\/v2\/posts\/14789\/revisions"}],"predecessor-version":[{"id":14854,"href":"https:\/\/martarodriguez.com.co\/index.php\/wp-json\/wp\/v2\/posts\/14789\/revisions\/14854"}],"wp:featuredmedia":[{"embeddable":true,"href":"https:\/\/martarodriguez.com.co\/index.php\/wp-json\/wp\/v2\/media\/14781"}],"wp:attachment":[{"href":"https:\/\/martarodriguez.com.co\/index.php\/wp-json\/wp\/v2\/media?parent=14789"}],"wp:term":[{"taxonomy":"category","embeddable":true,"href":"https:\/\/martarodriguez.com.co\/index.php\/wp-json\/wp\/v2\/categories?post=14789"},{"taxonomy":"post_tag","embeddable":true,"href":"https:\/\/martarodriguez.com.co\/index.php\/wp-json\/wp\/v2\/tags?post=14789"}],"curies":[{"name":"wp","href":"https:\/\/api.w.org\/{rel}","templated":true}]}}