{"id":14777,"date":"2025-11-10T17:55:15","date_gmt":"2025-11-10T17:55:15","guid":{"rendered":"https:\/\/martarodriguez.com.co\/?p=14777"},"modified":"2025-11-10T17:56:26","modified_gmt":"2025-11-10T17:56:26","slug":"unidad-indigena-no-40-ano-6-febrero-de-1980_obreros-campesinos-en-indigenas-con-un-problema-en-comun-el-alto-costo-de-la-vida","status":"publish","type":"post","link":"https:\/\/martarodriguez.com.co\/index.php\/2025\/11\/10\/unidad-indigena-no-40-ano-6-febrero-de-1980_obreros-campesinos-en-indigenas-con-un-problema-en-comun-el-alto-costo-de-la-vida\/","title":{"rendered":"H0254m UI 40 &#8211; Obreros campesinos e ind\u00edgenas"},"content":{"rendered":"\t\t<div data-elementor-type=\"wp-post\" data-elementor-id=\"14777\" class=\"elementor elementor-14777\">\n\t\t\t\t\t\t<section class=\"elementor-section elementor-top-section elementor-element elementor-element-77752575 elementor-section-boxed elementor-section-height-default elementor-section-height-default exad-glass-effect-no wpr-particle-no wpr-jarallax-no wpr-parallax-no wpr-sticky-section-no exad-sticky-section-no\" data-id=\"77752575\" data-element_type=\"section\">\n\t\t\t\t\t\t<div class=\"elementor-container elementor-column-gap-default\">\n\t\t\t\t\t<div class=\"elementor-column elementor-col-100 elementor-top-column elementor-element elementor-element-6fd6a63d exad-glass-effect-no exad-sticky-section-no\" data-id=\"6fd6a63d\" data-element_type=\"column\">\n\t\t\t<div class=\"elementor-widget-wrap elementor-element-populated\">\n\t\t\t\t\t\t<div class=\"elementor-element elementor-element-6b10897 exad-sticky-section-no exad-glass-effect-no elementor-widget elementor-widget-image\" data-id=\"6b10897\" data-element_type=\"widget\" data-widget_type=\"image.default\">\n\t\t\t\t<div class=\"elementor-widget-container\">\n\t\t\t<style>\/*! elementor - v3.21.0 - 15-04-2024 *\/\n.elementor-widget-image{text-align:center}.elementor-widget-image a{display:inline-block}.elementor-widget-image a img[src$=\".svg\"]{width:48px}.elementor-widget-image img{vertical-align:middle;display:inline-block}<\/style>\t\t\t\t\t\t\t\t\t\t<img fetchpriority=\"high\" decoding=\"async\" width=\"971\" height=\"1280\" src=\"https:\/\/martarodriguez.com.co\/wp-content\/uploads\/2025\/11\/10.jpg\" class=\"attachment-2048x2048 size-2048x2048 wp-image-14784\" alt=\"\" srcset=\"https:\/\/martarodriguez.com.co\/wp-content\/uploads\/2025\/11\/10.jpg 971w, https:\/\/martarodriguez.com.co\/wp-content\/uploads\/2025\/11\/10-228x300.jpg 228w, https:\/\/martarodriguez.com.co\/wp-content\/uploads\/2025\/11\/10-777x1024.jpg 777w, https:\/\/martarodriguez.com.co\/wp-content\/uploads\/2025\/11\/10-768x1012.jpg 768w, https:\/\/martarodriguez.com.co\/wp-content\/uploads\/2025\/11\/10-750x989.jpg 750w, https:\/\/martarodriguez.com.co\/wp-content\/uploads\/2025\/11\/10-600x791.jpg 600w\" sizes=\"(max-width: 971px) 100vw, 971px\" \/>\t\t\t\t\t\t\t\t\t\t\t\t\t<\/div>\n\t\t\t\t<\/div>\n\t\t\t\t<div class=\"elementor-element elementor-element-77b5c1c exad-sticky-section-no exad-glass-effect-no elementor-widget elementor-widget-text-editor\" data-id=\"77b5c1c\" data-element_type=\"widget\" data-widget_type=\"text-editor.default\">\n\t\t\t\t<div class=\"elementor-widget-container\">\n\t\t\t<style>\/*! elementor - v3.21.0 - 15-04-2024 *\/\n.elementor-widget-text-editor.elementor-drop-cap-view-stacked .elementor-drop-cap{background-color:#69727d;color:#fff}.elementor-widget-text-editor.elementor-drop-cap-view-framed .elementor-drop-cap{color:#69727d;border:3px solid;background-color:transparent}.elementor-widget-text-editor:not(.elementor-drop-cap-view-default) .elementor-drop-cap{margin-top:8px}.elementor-widget-text-editor:not(.elementor-drop-cap-view-default) .elementor-drop-cap-letter{width:1em;height:1em}.elementor-widget-text-editor .elementor-drop-cap{float:left;text-align:center;line-height:1;font-size:50px}.elementor-widget-text-editor .elementor-drop-cap-letter{display:inline-block}<\/style>\t\t\t\t<p><span data-sheets-root=\"1\">El art\u00edculo describe las consecuencias para las clases populares de la especulaci\u00f3n y la explotaci\u00f3n, aumentando el costo de vida, y precarizando a las familias trabajadoras. <\/span><\/p>\t\t\t\t\t\t<\/div>\n\t\t\t\t<\/div>\n\t\t\t\t<div class=\"elementor-element elementor-element-496b670 exad-sticky-section-no exad-glass-effect-no elementor-widget elementor-widget-text-editor\" data-id=\"496b670\" data-element_type=\"widget\" data-widget_type=\"text-editor.default\">\n\t\t\t\t<div class=\"elementor-widget-container\">\n\t\t\t\t\t\t\t<p><strong>C\u00d3DIGO<\/strong>: H0254m<\/p>\n<p><strong>IDIOMA:<\/strong> Castellano<\/p>\n<p><strong style=\"color: var( --e-global-color-text ); font-family: var( --e-global-typography-text-font-family ), Sans-serif;\">PERSONA JUR\u00cdDICA\/NATURAL\/ROL: <\/strong><strong>TOPON\u00cdMICOS:<\/strong> <span data-sheets-root=\"1\">Popay\u00e1n, r\u00edo Ejido, <\/span><\/p>\n<p><strong style=\"color: var( --e-global-color-text ); font-family: var( --e-global-typography-text-font-family ), Sans-serif;\">TEM\u00c1TICOS: <\/strong>Arroz, Az\u00facar, Carne, Aceite, Salario M\u00ednimo, IDEMA, Especulaci\u00f3n, Ministro de Agricultura, Fique, Empaques del Cauca, Caja Agraria, Servicio P\u00fablicos, CRIC, Marcha de Canastos Vac\u00edos, Cooperativa Central,<\/p>\n<p><!-- \/wp:paragraph --><!-- wp:paragraph --><\/p>\n<p><strong>CRONOL\u00d3GICOS:<\/strong> <span data-sheets-root=\"1\">1980<\/span><\/p>\n<p><!-- \/wp:paragraph --><!-- wp:paragraph --><\/p>\n<p><!-- \/wp:paragraph --><!-- wp:paragraph --><\/p>\n<p><!-- \/wp:paragraph --><\/p>\t\t\t\t\t\t<\/div>\n\t\t\t\t<\/div>\n\t\t\t\t\t<\/div>\n\t\t<\/div>\n\t\t\t\t\t<\/div>\n\t\t<\/section>\n\t\t\t\t<\/div>\n\t\t","protected":false},"excerpt":{"rendered":"<p>El art\u00edculo describe las consecuencias para las clases populares de la especulaci\u00f3n y la explotaci\u00f3n, aumentando el costo de vida, y precarizando a las familias trabajadoras. C\u00d3DIGO: H0254m IDIOMA: Castellano PERSONA JUR\u00cdDICA\/NATURAL\/ROL: TOPON\u00cdMICOS: Popay\u00e1n, r\u00edo Ejido, TEM\u00c1TICOS: Arroz, Az\u00facar, Carne, Aceite, Salario M\u00ednimo, IDEMA, Especulaci\u00f3n, Ministro de Agricultura, Fique, Empaques del Cauca, Caja Agraria, Servicio [&hellip;]<\/p>\n","protected":false},"author":1,"featured_media":14779,"comment_status":"closed","ping_status":"open","sticky":false,"template":"","format":"standard","meta":{"_acf_changed":false,"footnotes":""},"categories":[28],"tags":[2284,2281,2282,2291,2283,1913,108,2290,2287,2289,2286,2293,2288,1492,2199,2285,2292],"class_list":["post-14777","post","type-post","status-publish","format-standard","has-post-thumbnail","hentry","category-hemeroteca","tag-aceite","tag-arroz","tag-azucar","tag-caja-agraria","tag-carne","tag-cooperativa-central","tag-cric","tag-empaques-del-cauca","tag-especulacion","tag-fique","tag-idema","tag-marcha-de-canastos-vacios","tag-ministro-de-agricultura","tag-popayan","tag-rio-ejido","tag-salario-minimo","tag-servicio-publicos"],"acf":[],"_links":{"self":[{"href":"https:\/\/martarodriguez.com.co\/index.php\/wp-json\/wp\/v2\/posts\/14777","targetHints":{"allow":["GET"]}}],"collection":[{"href":"https:\/\/martarodriguez.com.co\/index.php\/wp-json\/wp\/v2\/posts"}],"about":[{"href":"https:\/\/martarodriguez.com.co\/index.php\/wp-json\/wp\/v2\/types\/post"}],"author":[{"embeddable":true,"href":"https:\/\/martarodriguez.com.co\/index.php\/wp-json\/wp\/v2\/users\/1"}],"replies":[{"embeddable":true,"href":"https:\/\/martarodriguez.com.co\/index.php\/wp-json\/wp\/v2\/comments?post=14777"}],"version-history":[{"count":5,"href":"https:\/\/martarodriguez.com.co\/index.php\/wp-json\/wp\/v2\/posts\/14777\/revisions"}],"predecessor-version":[{"id":14787,"href":"https:\/\/martarodriguez.com.co\/index.php\/wp-json\/wp\/v2\/posts\/14777\/revisions\/14787"}],"wp:featuredmedia":[{"embeddable":true,"href":"https:\/\/martarodriguez.com.co\/index.php\/wp-json\/wp\/v2\/media\/14779"}],"wp:attachment":[{"href":"https:\/\/martarodriguez.com.co\/index.php\/wp-json\/wp\/v2\/media?parent=14777"}],"wp:term":[{"taxonomy":"category","embeddable":true,"href":"https:\/\/martarodriguez.com.co\/index.php\/wp-json\/wp\/v2\/categories?post=14777"},{"taxonomy":"post_tag","embeddable":true,"href":"https:\/\/martarodriguez.com.co\/index.php\/wp-json\/wp\/v2\/tags?post=14777"}],"curies":[{"name":"wp","href":"https:\/\/api.w.org\/{rel}","templated":true}]}}