{"id":14714,"date":"2025-11-10T17:11:53","date_gmt":"2025-11-10T17:11:53","guid":{"rendered":"https:\/\/martarodriguez.com.co\/?p=14714"},"modified":"2025-11-10T17:13:23","modified_gmt":"2025-11-10T17:13:23","slug":"unidad-indigena-no-40-ano-6-febrero-de-1980_comite-sindical-de-presos-politicos","status":"publish","type":"post","link":"https:\/\/martarodriguez.com.co\/index.php\/2025\/11\/10\/unidad-indigena-no-40-ano-6-febrero-de-1980_comite-sindical-de-presos-politicos\/","title":{"rendered":"H0254d UI 40 &#8211; Comit\u00e9 sindical de presos pol\u00edticos"},"content":{"rendered":"\t\t<div data-elementor-type=\"wp-post\" data-elementor-id=\"14714\" class=\"elementor elementor-14714\">\n\t\t\t\t\t\t<section class=\"elementor-section elementor-top-section elementor-element elementor-element-77752575 elementor-section-boxed elementor-section-height-default elementor-section-height-default exad-glass-effect-no wpr-particle-no wpr-jarallax-no wpr-parallax-no wpr-sticky-section-no exad-sticky-section-no\" data-id=\"77752575\" data-element_type=\"section\">\n\t\t\t\t\t\t<div class=\"elementor-container elementor-column-gap-default\">\n\t\t\t\t\t<div class=\"elementor-column elementor-col-100 elementor-top-column elementor-element elementor-element-6fd6a63d exad-glass-effect-no exad-sticky-section-no\" data-id=\"6fd6a63d\" data-element_type=\"column\">\n\t\t\t<div class=\"elementor-widget-wrap elementor-element-populated\">\n\t\t\t\t\t\t<div class=\"elementor-element elementor-element-6b10897 exad-sticky-section-no exad-glass-effect-no elementor-widget elementor-widget-image\" data-id=\"6b10897\" data-element_type=\"widget\" data-widget_type=\"image.default\">\n\t\t\t\t<div class=\"elementor-widget-container\">\n\t\t\t<style>\/*! elementor - v3.21.0 - 15-04-2024 *\/\n.elementor-widget-image{text-align:center}.elementor-widget-image a{display:inline-block}.elementor-widget-image a img[src$=\".svg\"]{width:48px}.elementor-widget-image img{vertical-align:middle;display:inline-block}<\/style>\t\t\t\t\t\t\t\t\t\t<img fetchpriority=\"high\" decoding=\"async\" width=\"976\" height=\"1280\" src=\"https:\/\/martarodriguez.com.co\/wp-content\/uploads\/2025\/11\/4.jpg\" class=\"attachment-2048x2048 size-2048x2048 wp-image-14720\" alt=\"\" srcset=\"https:\/\/martarodriguez.com.co\/wp-content\/uploads\/2025\/11\/4.jpg 976w, https:\/\/martarodriguez.com.co\/wp-content\/uploads\/2025\/11\/4-229x300.jpg 229w, https:\/\/martarodriguez.com.co\/wp-content\/uploads\/2025\/11\/4-781x1024.jpg 781w, https:\/\/martarodriguez.com.co\/wp-content\/uploads\/2025\/11\/4-768x1007.jpg 768w, https:\/\/martarodriguez.com.co\/wp-content\/uploads\/2025\/11\/4-750x984.jpg 750w, https:\/\/martarodriguez.com.co\/wp-content\/uploads\/2025\/11\/4-600x787.jpg 600w\" sizes=\"(max-width: 976px) 100vw, 976px\" \/>\t\t\t\t\t\t\t\t\t\t\t\t\t<\/div>\n\t\t\t\t<\/div>\n\t\t\t\t<div class=\"elementor-element elementor-element-77b5c1c exad-sticky-section-no exad-glass-effect-no elementor-widget elementor-widget-text-editor\" data-id=\"77b5c1c\" data-element_type=\"widget\" data-widget_type=\"text-editor.default\">\n\t\t\t\t<div class=\"elementor-widget-container\">\n\t\t\t<style>\/*! elementor - v3.21.0 - 15-04-2024 *\/\n.elementor-widget-text-editor.elementor-drop-cap-view-stacked .elementor-drop-cap{background-color:#69727d;color:#fff}.elementor-widget-text-editor.elementor-drop-cap-view-framed .elementor-drop-cap{color:#69727d;border:3px solid;background-color:transparent}.elementor-widget-text-editor:not(.elementor-drop-cap-view-default) .elementor-drop-cap{margin-top:8px}.elementor-widget-text-editor:not(.elementor-drop-cap-view-default) .elementor-drop-cap-letter{width:1em;height:1em}.elementor-widget-text-editor .elementor-drop-cap{float:left;text-align:center;line-height:1;font-size:50px}.elementor-widget-text-editor .elementor-drop-cap-letter{display:inline-block}<\/style>\t\t\t\t<p><span data-sheets-root=\"1\">El art\u00edculo reproduce el texto que el reci\u00e9n creado comit\u00e9 sindical env\u00edo a las organizaciones gremiales y pol\u00edticas de los trabajadores colombianos. Al final se adjuntas las firmas, nombres y sector del que hacen parte los firmantes del texto. <\/span><\/p>\t\t\t\t\t\t<\/div>\n\t\t\t\t<\/div>\n\t\t\t\t<div class=\"elementor-element elementor-element-496b670 exad-sticky-section-no exad-glass-effect-no elementor-widget elementor-widget-text-editor\" data-id=\"496b670\" data-element_type=\"widget\" data-widget_type=\"text-editor.default\">\n\t\t\t\t<div class=\"elementor-widget-container\">\n\t\t\t\t\t\t\t<p><strong>C\u00d3DIGO<\/strong>: H0254d<\/p>\n<p><strong>IDIOMA:<\/strong> Castellano<\/p>\n<p><strong style=\"color: var( --e-global-color-text ); font-family: var( --e-global-typography-text-font-family ), Sans-serif;\">PERSONA JUR\u00cdDICA\/NATURAL\/ROL:<\/strong>Mardoqueo Ram\u00edrez Gamboa, Pedro Mogoll\u00f3n, Manuel Pesca, Edgar Aviraman, Salvador Morales, Sa\u00fal Maecha, Maco Avirama, Alirio Franco, Ricardo Montalvo, Miliciades Soach\u00e9, Cristo,<\/p>\n<p><strong>TOPON\u00cdMICOS:<\/strong> <span data-sheets-root=\"1\">Colombia, <\/span><\/p>\n<p><strong style=\"color: var( --e-global-color-text ); font-family: var( --e-global-typography-text-font-family ), Sans-serif;\">TEM\u00c1TICOS:<\/strong><span style=\"color: var( --e-global-color-text ); font-family: var( --e-global-typography-text-font-family ), Sans-serif; font-weight: var( --e-global-typography-text-font-weight );\"> <span data-sheets-root=\"1\">Presos Pol\u00edticos, Consejo Verbal de Guerra, Penitenciar\u00eda La Picota, Cooperativa Santa Elena, CRIC, Comunidad Tinajas, Represi\u00f3n, Patronal, Torturas, Solidaridad, Liberaci\u00f3n, <\/span><\/span><\/p>\n<p><!-- \/wp:paragraph --><!-- wp:paragraph --><\/p>\n<p><strong>CRONOL\u00d3GICOS:<\/strong> <span data-sheets-root=\"1\">1980<\/span><\/p>\n<p><!-- \/wp:paragraph --><!-- wp:paragraph --><\/p>\n<p><!-- \/wp:paragraph --><!-- wp:paragraph --><\/p>\n<p><!-- \/wp:paragraph --><\/p>\t\t\t\t\t\t<\/div>\n\t\t\t\t<\/div>\n\t\t\t\t\t<\/div>\n\t\t<\/div>\n\t\t\t\t\t<\/div>\n\t\t<\/section>\n\t\t\t\t<\/div>\n\t\t","protected":false},"excerpt":{"rendered":"<p>El art\u00edculo reproduce el texto que el reci\u00e9n creado comit\u00e9 sindical env\u00edo a las organizaciones gremiales y pol\u00edticas de los trabajadores colombianos. Al final se adjuntas las firmas, nombres y sector del que hacen parte los firmantes del texto. C\u00d3DIGO: H0254d IDIOMA: Castellano PERSONA JUR\u00cdDICA\/NATURAL\/ROL:Mardoqueo Ram\u00edrez Gamboa, Pedro Mogoll\u00f3n, Manuel Pesca, Edgar Aviraman, Salvador Morales, [&hellip;]<\/p>\n","protected":false},"author":1,"featured_media":14718,"comment_status":"closed","ping_status":"open","sticky":false,"template":"","format":"standard","meta":{"_acf_changed":false,"footnotes":""},"categories":[28],"tags":[2215,513,2220,1706,2219,108,2218,2211,1204,2214,2210,2208,2217,2221,2209,2206,740,169,2216,2212,2213,2222,1789],"class_list":["post-14714","post","type-post","status-publish","format-standard","has-post-thumbnail","hentry","category-hemeroteca","tag-alirio-franco","tag-colombia","tag-comunidad-tinajas","tag-consejo-verbal-de-guerra","tag-cooperativa-santa-elena","tag-cric","tag-cristo","tag-edgar-aviraman","tag-liberacion","tag-maco-avirama","tag-manuel-pesca","tag-mardoqueo-ramirez-gamboa","tag-miliciades-soache","tag-patronal","tag-pedro-mogollon","tag-penitenciaria-la-picota","tag-presos-politicos","tag-represion","tag-ricardo-montalvo","tag-salvador-morales","tag-saul-maecha","tag-solidaridad","tag-torturas"],"acf":[],"_links":{"self":[{"href":"https:\/\/martarodriguez.com.co\/index.php\/wp-json\/wp\/v2\/posts\/14714","targetHints":{"allow":["GET"]}}],"collection":[{"href":"https:\/\/martarodriguez.com.co\/index.php\/wp-json\/wp\/v2\/posts"}],"about":[{"href":"https:\/\/martarodriguez.com.co\/index.php\/wp-json\/wp\/v2\/types\/post"}],"author":[{"embeddable":true,"href":"https:\/\/martarodriguez.com.co\/index.php\/wp-json\/wp\/v2\/users\/1"}],"replies":[{"embeddable":true,"href":"https:\/\/martarodriguez.com.co\/index.php\/wp-json\/wp\/v2\/comments?post=14714"}],"version-history":[{"count":5,"href":"https:\/\/martarodriguez.com.co\/index.php\/wp-json\/wp\/v2\/posts\/14714\/revisions"}],"predecessor-version":[{"id":14723,"href":"https:\/\/martarodriguez.com.co\/index.php\/wp-json\/wp\/v2\/posts\/14714\/revisions\/14723"}],"wp:featuredmedia":[{"embeddable":true,"href":"https:\/\/martarodriguez.com.co\/index.php\/wp-json\/wp\/v2\/media\/14718"}],"wp:attachment":[{"href":"https:\/\/martarodriguez.com.co\/index.php\/wp-json\/wp\/v2\/media?parent=14714"}],"wp:term":[{"taxonomy":"category","embeddable":true,"href":"https:\/\/martarodriguez.com.co\/index.php\/wp-json\/wp\/v2\/categories?post=14714"},{"taxonomy":"post_tag","embeddable":true,"href":"https:\/\/martarodriguez.com.co\/index.php\/wp-json\/wp\/v2\/tags?post=14714"}],"curies":[{"name":"wp","href":"https:\/\/api.w.org\/{rel}","templated":true}]}}