{"id":14628,"date":"2025-11-10T15:38:41","date_gmt":"2025-11-10T15:38:41","guid":{"rendered":"https:\/\/martarodriguez.com.co\/?p=14628"},"modified":"2025-11-10T15:40:00","modified_gmt":"2025-11-10T15:40:00","slug":"0024-8-planas","status":"publish","type":"post","link":"https:\/\/martarodriguez.com.co\/index.php\/2025\/11\/10\/0024-8-planas\/","title":{"rendered":"0024-8 Planas"},"content":{"rendered":"\t\t<div data-elementor-type=\"wp-post\" data-elementor-id=\"14628\" class=\"elementor elementor-14628\">\n\t\t\t\t\t\t<section class=\"elementor-section elementor-top-section elementor-element elementor-element-31e9a44 elementor-section-boxed elementor-section-height-default elementor-section-height-default exad-glass-effect-no wpr-particle-no wpr-jarallax-no wpr-parallax-no wpr-sticky-section-no exad-sticky-section-no\" data-id=\"31e9a44\" data-element_type=\"section\">\n\t\t\t\t\t\t<div class=\"elementor-container elementor-column-gap-default\">\n\t\t\t\t\t<div class=\"elementor-column elementor-col-100 elementor-top-column elementor-element elementor-element-00c8168 exad-glass-effect-no exad-sticky-section-no\" data-id=\"00c8168\" data-element_type=\"column\">\n\t\t\t<div class=\"elementor-widget-wrap elementor-element-populated\">\n\t\t\t\t\t\t<div class=\"elementor-element elementor-element-9724743 exad-sticky-section-no exad-glass-effect-no elementor-widget elementor-widget-html\" data-id=\"9724743\" data-element_type=\"widget\" data-widget_type=\"html.default\">\n\t\t\t\t<div class=\"elementor-widget-container\">\n\t\t\t<iframe src=\"https:\/\/audiomack.com\/embed\/cinemestizo\/song\/0384-matrimonio-de-una-mujer-de-las-flores-sept15\" scrolling=\"no\" width=\"100%\" height=\"252\" frameborder=\"0\" title=\"0384 Matrimonio De Una Mujer De Las Flores Sept15\"><\/iframe>\t\t<\/div>\n\t\t\t\t<\/div>\n\t\t\t\t<div class=\"elementor-element elementor-element-0928cc3 exad-sticky-section-no exad-glass-effect-no elementor-widget elementor-widget-text-editor\" data-id=\"0928cc3\" data-element_type=\"widget\" data-widget_type=\"text-editor.default\">\n\t\t\t\t<div class=\"elementor-widget-container\">\n\t\t\t<style>\/*! elementor - v3.21.0 - 15-04-2024 *\/\n.elementor-widget-text-editor.elementor-drop-cap-view-stacked .elementor-drop-cap{background-color:#69727d;color:#fff}.elementor-widget-text-editor.elementor-drop-cap-view-framed .elementor-drop-cap{color:#69727d;border:3px solid;background-color:transparent}.elementor-widget-text-editor:not(.elementor-drop-cap-view-default) .elementor-drop-cap{margin-top:8px}.elementor-widget-text-editor:not(.elementor-drop-cap-view-default) .elementor-drop-cap-letter{width:1em;height:1em}.elementor-widget-text-editor .elementor-drop-cap{float:left;text-align:center;line-height:1;font-size:50px}.elementor-widget-text-editor .elementor-drop-cap-letter{display:inline-block}<\/style>\t\t\t\t<p>Grabaci\u00f3n realizada en el marco de la investigaci\u00f3n y el rodaje de Planas, documental dirigido por Marta Rodr\u00edguez y Jorge Silva sobre la masacre de Planas, ocurrida en los Llanos Orientales (Vichada). Planas es una regi\u00f3n del departamento del Meta, habitada por la comunidad Guahibo, dedicada tradicionalmente a la caza, la pesca y la agricultura. Desde la \u00e9poca colonial, los Guahibo han sido perseguidos sistem\u00e1ticamente por colonos y terratenientes, quienes buscaban despojarlos de sus tierras.<\/p><p>A comienzos de la d\u00e9cada de 1970, Rafael Jaramillo Ulloa organiz\u00f3 a la comunidad ind\u00edgena en torno a una cooperativa agropecuaria integral, proceso que evidenci\u00f3 los mecanismos de explotaci\u00f3n y persecuci\u00f3n ejercidos por los colonos y las autoridades locales. La creaci\u00f3n de la cooperativa interrumpi\u00f3 el control econ\u00f3mico de los terratenientes y comerciantes sobre la comunidad, provocando una represi\u00f3n violenta y acusaciones de subversi\u00f3n contra Jaramillo y los miembros de la cooperativa.<\/p><p>Esta grabaci\u00f3n recoge el testimonio de Rosa Gait\u00e1n, mujer ind\u00edgena guahiba que relata c\u00f3mo debi\u00f3 huir durante tres meses por la selva para escapar de las persecuciones del ej\u00e9rcito. Rosa describe la violencia sufrida por la comunidad, las condiciones de la huida y la p\u00e9rdida de ni\u00f1os en la selva, muchos de ellos muertos o desaparecidos. En su testimonio, denuncia la intenci\u00f3n deliberada de los colonos y del ej\u00e9rcito de exterminar a la comunidad Guahibo para apropiarse de sus tierras. Finalmente, hace un llamado al gobierno para que intervenga, expulse a los colonos del territorio y brinde ayuda a las familias desplazadas, que han quedado sin recursos ni pertenencias.<\/p>\t\t\t\t\t\t<\/div>\n\t\t\t\t<\/div>\n\t\t\t\t<div class=\"elementor-element elementor-element-b460ad5 exad-sticky-section-no exad-glass-effect-no elementor-widget elementor-widget-text-editor\" data-id=\"b460ad5\" data-element_type=\"widget\" data-widget_type=\"text-editor.default\">\n\t\t\t\t<div class=\"elementor-widget-container\">\n\t\t\t\t\t\t\t<p><strong>C\u00d3DIGO:<\/strong> 0024-8<\/p><p><strong>AUTOR\/DIRECTOR\/PRODUCTOR:<\/strong>\u00a0Fundaci\u00f3n Cine Documental Investigaci\u00f3n Social<\/p><p><strong>IDIOMA: <\/strong>Espa\u00f1ol<\/p><p><strong>PERSONA JUR\u00cdDICA\/NATURAL\/ROL:<\/strong>Marta Rodriguez, Jorge Silva, Rafael Jaramillo Ulloa, Rosa Gaitan<\/p><p><strong>TOPON\u00cdMICOS:\u00a0<\/strong>San Rafael de Planas &#8211; Vichada &#8211; Meta<\/p><p><strong>TEM\u00c1TICOS:<\/strong> Etnocidio, Planas, Colonialismo, Torturas<\/p><p><strong>CRONOL\u00d3GICOS:<\/strong>1970<\/p><p><strong>UNIDAD DE CONSERVACI\u00d3N:\u00a0<\/strong>Caja<\/p><p><strong>SOPORTE:\u00a0<\/strong>Magn\u00e9tico<\/p><p><strong>FORMATO: <\/strong>1\/4<\/p><p><strong>DURACI\u00d3N:<\/strong> 00:13:00<\/p><p><strong>NOTAS:\u00a0<\/strong>N\/A<\/p>\t\t\t\t\t\t<\/div>\n\t\t\t\t<\/div>\n\t\t\t\t\t<\/div>\n\t\t<\/div>\n\t\t\t\t\t<\/div>\n\t\t<\/section>\n\t\t\t\t<\/div>\n\t\t","protected":false},"excerpt":{"rendered":"<p>Grabaci\u00f3n realizada en el marco de la investigaci\u00f3n y el rodaje de Planas, documental dirigido por Marta Rodr\u00edguez y Jorge Silva sobre la masacre de Planas, ocurrida en los Llanos Orientales (Vichada). Planas es una regi\u00f3n del departamento del Meta, habitada por la comunidad Guahibo, dedicada tradicionalmente a la caza, la pesca y la agricultura. [&hellip;]<\/p>\n","protected":false},"author":1,"featured_media":14571,"comment_status":"open","ping_status":"open","sticky":false,"template":"","format":"standard","meta":{"_acf_changed":false,"footnotes":""},"categories":[26],"tags":[115,89,76],"class_list":["post-14628","post","type-post","status-publish","format-standard","has-post-thumbnail","hentry","category-audios","tag-colonialismo","tag-etnocidio","tag-planas"],"acf":[],"_links":{"self":[{"href":"https:\/\/martarodriguez.com.co\/index.php\/wp-json\/wp\/v2\/posts\/14628","targetHints":{"allow":["GET"]}}],"collection":[{"href":"https:\/\/martarodriguez.com.co\/index.php\/wp-json\/wp\/v2\/posts"}],"about":[{"href":"https:\/\/martarodriguez.com.co\/index.php\/wp-json\/wp\/v2\/types\/post"}],"author":[{"embeddable":true,"href":"https:\/\/martarodriguez.com.co\/index.php\/wp-json\/wp\/v2\/users\/1"}],"replies":[{"embeddable":true,"href":"https:\/\/martarodriguez.com.co\/index.php\/wp-json\/wp\/v2\/comments?post=14628"}],"version-history":[{"count":4,"href":"https:\/\/martarodriguez.com.co\/index.php\/wp-json\/wp\/v2\/posts\/14628\/revisions"}],"predecessor-version":[{"id":14636,"href":"https:\/\/martarodriguez.com.co\/index.php\/wp-json\/wp\/v2\/posts\/14628\/revisions\/14636"}],"wp:featuredmedia":[{"embeddable":true,"href":"https:\/\/martarodriguez.com.co\/index.php\/wp-json\/wp\/v2\/media\/14571"}],"wp:attachment":[{"href":"https:\/\/martarodriguez.com.co\/index.php\/wp-json\/wp\/v2\/media?parent=14628"}],"wp:term":[{"taxonomy":"category","embeddable":true,"href":"https:\/\/martarodriguez.com.co\/index.php\/wp-json\/wp\/v2\/categories?post=14628"},{"taxonomy":"post_tag","embeddable":true,"href":"https:\/\/martarodriguez.com.co\/index.php\/wp-json\/wp\/v2\/tags?post=14628"}],"curies":[{"name":"wp","href":"https:\/\/api.w.org\/{rel}","templated":true}]}}