{"id":14548,"date":"2025-11-10T14:27:29","date_gmt":"2025-11-10T14:27:29","guid":{"rendered":"https:\/\/martarodriguez.com.co\/?p=14548"},"modified":"2025-11-10T22:39:02","modified_gmt":"2025-11-10T22:39:02","slug":"0377-amapola-enero-1995-certificacion-usa","status":"publish","type":"post","link":"https:\/\/martarodriguez.com.co\/index.php\/2025\/11\/10\/0377-amapola-enero-1995-certificacion-usa\/","title":{"rendered":"0377 Amapola Enero 1995 Certificaci\u00f3n USA"},"content":{"rendered":"\t\t<div data-elementor-type=\"wp-post\" data-elementor-id=\"14548\" class=\"elementor elementor-14548\">\n\t\t\t\t\t\t<section class=\"elementor-section elementor-top-section elementor-element elementor-element-31e9a44 elementor-section-boxed elementor-section-height-default elementor-section-height-default exad-glass-effect-no wpr-particle-no wpr-jarallax-no wpr-parallax-no wpr-sticky-section-no exad-sticky-section-no\" data-id=\"31e9a44\" data-element_type=\"section\">\n\t\t\t\t\t\t<div class=\"elementor-container elementor-column-gap-default\">\n\t\t\t\t\t<div class=\"elementor-column elementor-col-100 elementor-top-column elementor-element elementor-element-00c8168 exad-glass-effect-no exad-sticky-section-no\" data-id=\"00c8168\" data-element_type=\"column\">\n\t\t\t<div class=\"elementor-widget-wrap elementor-element-populated\">\n\t\t\t\t\t\t<div class=\"elementor-element elementor-element-9724743 exad-sticky-section-no exad-glass-effect-no elementor-widget elementor-widget-html\" data-id=\"9724743\" data-element_type=\"widget\" data-widget_type=\"html.default\">\n\t\t\t\t<div class=\"elementor-widget-container\">\n\t\t\t<iframe src=\"https:\/\/audiomack.com\/embed\/cinemestizo\/song\/0384-matrimonio-de-una-mujer-de-las-flores-sept15\" scrolling=\"no\" width=\"100%\" height=\"252\" frameborder=\"0\" title=\"0384 Matrimonio De Una Mujer De Las Flores Sept15\"><\/iframe>\t\t<\/div>\n\t\t\t\t<\/div>\n\t\t\t\t<div class=\"elementor-element elementor-element-0928cc3 exad-sticky-section-no exad-glass-effect-no elementor-widget elementor-widget-text-editor\" data-id=\"0928cc3\" data-element_type=\"widget\" data-widget_type=\"text-editor.default\">\n\t\t\t\t<div class=\"elementor-widget-container\">\n\t\t\t<style>\/*! elementor - v3.21.0 - 15-04-2024 *\/\n.elementor-widget-text-editor.elementor-drop-cap-view-stacked .elementor-drop-cap{background-color:#69727d;color:#fff}.elementor-widget-text-editor.elementor-drop-cap-view-framed .elementor-drop-cap{color:#69727d;border:3px solid;background-color:transparent}.elementor-widget-text-editor:not(.elementor-drop-cap-view-default) .elementor-drop-cap{margin-top:8px}.elementor-widget-text-editor:not(.elementor-drop-cap-view-default) .elementor-drop-cap-letter{width:1em;height:1em}.elementor-widget-text-editor .elementor-drop-cap{float:left;text-align:center;line-height:1;font-size:50px}.elementor-widget-text-editor .elementor-drop-cap-letter{display:inline-block}<\/style>\t\t\t\t<p>Grabaci\u00f3n realizada en el marco de la investigaci\u00f3n para la trilog\u00eda La trilog\u00eda de las amapolas, dirigida por Marta Rodr\u00edguez. Desde la d\u00e9cada de 1970, la documentalista ha acompa\u00f1ado y registrado las luchas de las comunidades ind\u00edgenas, en especial en el departamento del Cauca, donde se consolidaron procesos organizativos como el del Consejo Regional Ind\u00edgena del Cauca (CRIC).<\/p><p>En los a\u00f1os noventa, ante la creciente estigmatizaci\u00f3n de los pueblos ind\u00edgenas, particularmente los Guambianos\/Misak, como cultivadores de amapola, Rodr\u00edguez inicia esta trilog\u00eda para reflexionar sobre los efectos sociales, pol\u00edticos y ambientales de los cultivos de uso il\u00edcito y de las pol\u00edticas de erradicaci\u00f3n en Colombia.<\/p><p>En esta grabaci\u00f3n del 18 de febrero de 1995, Marta Rodr\u00edguez registra met\u00f3dicamente diversos informes radiales de Caracol sobre los cultivos de amapola, con el prop\u00f3sito de documentar el tratamiento medi\u00e1tico y las narrativas oficiales en torno al tema. Entre los contenidos se incluye el informe anual del gobierno de Estados Unidos, quien certifica la \u201cbuena conducta\u201d de Colombia en la guerra contra las drogas.<\/p>\t\t\t\t\t\t<\/div>\n\t\t\t\t<\/div>\n\t\t\t\t<div class=\"elementor-element elementor-element-b460ad5 exad-sticky-section-no exad-glass-effect-no elementor-widget elementor-widget-text-editor\" data-id=\"b460ad5\" data-element_type=\"widget\" data-widget_type=\"text-editor.default\">\n\t\t\t\t<div class=\"elementor-widget-container\">\n\t\t\t\t\t\t\t<p><strong>C\u00d3DIGO:<\/strong> 0377<\/p><p><strong>AUTOR\/DIRECTOR\/PRODUCTOR:<\/strong>\u00a0Fundaci\u00f3n Cine Documental Investigaci\u00f3n Social<\/p><p><strong>IDIOMA: <\/strong>Espa\u00f1ol<\/p><p><strong>PERSONA JUR\u00cdDICA\/NATURAL\/ROL:<\/strong>Marta Rodriguez, Caracol, Bill Clinton<\/p><p><strong>TOPON\u00cdMICOS:<\/strong><\/p><p><strong>TEM\u00c1TICOS:<\/strong> Drogas, cultivos de uso ilicito, glisofato<\/p><p><strong>CRONOL\u00d3GICOS: <\/strong>25 feb 1995<\/p><p><strong>UNIDAD DE CONSERVACI\u00d3N:\u00a0<\/strong>Caja<\/p><p><strong>SOPORTE:\u00a0<\/strong>Magn\u00e9tico<\/p><p><strong>FORMATO: <\/strong>1\/4<\/p><p><strong>DURACI\u00d3N:<\/strong> 00:40:00<\/p><p><strong>NOTAS:\u00a0<\/strong>N\/A<\/p>\t\t\t\t\t\t<\/div>\n\t\t\t\t<\/div>\n\t\t\t\t\t<\/div>\n\t\t<\/div>\n\t\t\t\t\t<\/div>\n\t\t<\/section>\n\t\t\t\t<\/div>\n\t\t","protected":false},"excerpt":{"rendered":"<p>Grabaci\u00f3n realizada en el marco de la investigaci\u00f3n para la trilog\u00eda La trilog\u00eda de las amapolas, dirigida por Marta Rodr\u00edguez. Desde la d\u00e9cada de 1970, la documentalista ha acompa\u00f1ado y registrado las luchas de las comunidades ind\u00edgenas, en especial en el departamento del Cauca, donde se consolidaron procesos organizativos como el del Consejo Regional Ind\u00edgena [&hellip;]<\/p>\n","protected":false},"author":1,"featured_media":15323,"comment_status":"open","ping_status":"open","sticky":false,"template":"","format":"standard","meta":{"_acf_changed":false,"footnotes":""},"categories":[26],"tags":[134,2152,2153],"class_list":["post-14548","post","type-post","status-publish","format-standard","has-post-thumbnail","hentry","category-audios","tag-cultivos-de-uso-ilicito","tag-drogas","tag-glisofato"],"acf":[],"_links":{"self":[{"href":"https:\/\/martarodriguez.com.co\/index.php\/wp-json\/wp\/v2\/posts\/14548","targetHints":{"allow":["GET"]}}],"collection":[{"href":"https:\/\/martarodriguez.com.co\/index.php\/wp-json\/wp\/v2\/posts"}],"about":[{"href":"https:\/\/martarodriguez.com.co\/index.php\/wp-json\/wp\/v2\/types\/post"}],"author":[{"embeddable":true,"href":"https:\/\/martarodriguez.com.co\/index.php\/wp-json\/wp\/v2\/users\/1"}],"replies":[{"embeddable":true,"href":"https:\/\/martarodriguez.com.co\/index.php\/wp-json\/wp\/v2\/comments?post=14548"}],"version-history":[{"count":4,"href":"https:\/\/martarodriguez.com.co\/index.php\/wp-json\/wp\/v2\/posts\/14548\/revisions"}],"predecessor-version":[{"id":14552,"href":"https:\/\/martarodriguez.com.co\/index.php\/wp-json\/wp\/v2\/posts\/14548\/revisions\/14552"}],"wp:featuredmedia":[{"embeddable":true,"href":"https:\/\/martarodriguez.com.co\/index.php\/wp-json\/wp\/v2\/media\/15323"}],"wp:attachment":[{"href":"https:\/\/martarodriguez.com.co\/index.php\/wp-json\/wp\/v2\/media?parent=14548"}],"wp:term":[{"taxonomy":"category","embeddable":true,"href":"https:\/\/martarodriguez.com.co\/index.php\/wp-json\/wp\/v2\/categories?post=14548"},{"taxonomy":"post_tag","embeddable":true,"href":"https:\/\/martarodriguez.com.co\/index.php\/wp-json\/wp\/v2\/tags?post=14548"}],"curies":[{"name":"wp","href":"https:\/\/api.w.org\/{rel}","templated":true}]}}