{"id":14242,"date":"2025-11-08T00:02:17","date_gmt":"2025-11-08T00:02:17","guid":{"rendered":"https:\/\/martarodriguez.com.co\/?p=14242"},"modified":"2025-11-08T00:04:52","modified_gmt":"2025-11-08T00:04:52","slug":"unidad-indigena-no-37-ano-5-octubre-de-1979_declaracion-de-los-participantes-en-la-quinta-conferencia-nordica-de-investigacion-sobre-america-latina","status":"publish","type":"post","link":"https:\/\/martarodriguez.com.co\/index.php\/2025\/11\/08\/unidad-indigena-no-37-ano-5-octubre-de-1979_declaracion-de-los-participantes-en-la-quinta-conferencia-nordica-de-investigacion-sobre-america-latina\/","title":{"rendered":"H0253d- UI 37 Declaraci\u00f3n de los participantes en la quinta conferencia N\u00f3rdica de investigaci\u00f3n sobre Am\u00e9rica Latina con respecto a la persecuci\u00f3n y represi\u00f3n contra el CRIC"},"content":{"rendered":"\t\t<div data-elementor-type=\"wp-post\" data-elementor-id=\"14242\" class=\"elementor elementor-14242\">\n\t\t\t\t\t\t<section class=\"elementor-section elementor-top-section elementor-element elementor-element-77752575 elementor-section-boxed elementor-section-height-default elementor-section-height-default exad-glass-effect-no wpr-particle-no wpr-jarallax-no wpr-parallax-no wpr-sticky-section-no exad-sticky-section-no\" data-id=\"77752575\" data-element_type=\"section\">\n\t\t\t\t\t\t<div class=\"elementor-container elementor-column-gap-default\">\n\t\t\t\t\t<div class=\"elementor-column elementor-col-100 elementor-top-column elementor-element elementor-element-6fd6a63d exad-glass-effect-no exad-sticky-section-no\" data-id=\"6fd6a63d\" data-element_type=\"column\">\n\t\t\t<div class=\"elementor-widget-wrap elementor-element-populated\">\n\t\t\t\t\t\t<div class=\"elementor-element elementor-element-6b10897 exad-sticky-section-no exad-glass-effect-no elementor-widget elementor-widget-image\" data-id=\"6b10897\" data-element_type=\"widget\" data-widget_type=\"image.default\">\n\t\t\t\t<div class=\"elementor-widget-container\">\n\t\t\t<style>\/*! elementor - v3.21.0 - 15-04-2024 *\/\n.elementor-widget-image{text-align:center}.elementor-widget-image a{display:inline-block}.elementor-widget-image a img[src$=\".svg\"]{width:48px}.elementor-widget-image img{vertical-align:middle;display:inline-block}<\/style>\t\t\t\t\t\t\t\t\t\t<img fetchpriority=\"high\" decoding=\"async\" width=\"1594\" height=\"2048\" src=\"https:\/\/martarodriguez.com.co\/wp-content\/uploads\/2025\/11\/5-UNIDAD-INDIGENA-37-1594x2048.jpg\" class=\"attachment-2048x2048 size-2048x2048 wp-image-14246\" alt=\"\" srcset=\"https:\/\/martarodriguez.com.co\/wp-content\/uploads\/2025\/11\/5-UNIDAD-INDIGENA-37-1594x2048.jpg 1594w, https:\/\/martarodriguez.com.co\/wp-content\/uploads\/2025\/11\/5-UNIDAD-INDIGENA-37-233x300.jpg 233w, https:\/\/martarodriguez.com.co\/wp-content\/uploads\/2025\/11\/5-UNIDAD-INDIGENA-37-797x1024.jpg 797w, https:\/\/martarodriguez.com.co\/wp-content\/uploads\/2025\/11\/5-UNIDAD-INDIGENA-37-768x987.jpg 768w, https:\/\/martarodriguez.com.co\/wp-content\/uploads\/2025\/11\/5-UNIDAD-INDIGENA-37-1195x1536.jpg 1195w, https:\/\/martarodriguez.com.co\/wp-content\/uploads\/2025\/11\/5-UNIDAD-INDIGENA-37-750x964.jpg 750w, https:\/\/martarodriguez.com.co\/wp-content\/uploads\/2025\/11\/5-UNIDAD-INDIGENA-37-600x771.jpg 600w, https:\/\/martarodriguez.com.co\/wp-content\/uploads\/2025\/11\/5-UNIDAD-INDIGENA-37-scaled.jpg 1992w\" sizes=\"(max-width: 1594px) 100vw, 1594px\" \/>\t\t\t\t\t\t\t\t\t\t\t\t\t<\/div>\n\t\t\t\t<\/div>\n\t\t\t\t<div class=\"elementor-element elementor-element-77b5c1c exad-sticky-section-no exad-glass-effect-no elementor-widget elementor-widget-text-editor\" data-id=\"77b5c1c\" data-element_type=\"widget\" data-widget_type=\"text-editor.default\">\n\t\t\t\t<div class=\"elementor-widget-container\">\n\t\t\t<style>\/*! elementor - v3.21.0 - 15-04-2024 *\/\n.elementor-widget-text-editor.elementor-drop-cap-view-stacked .elementor-drop-cap{background-color:#69727d;color:#fff}.elementor-widget-text-editor.elementor-drop-cap-view-framed .elementor-drop-cap{color:#69727d;border:3px solid;background-color:transparent}.elementor-widget-text-editor:not(.elementor-drop-cap-view-default) .elementor-drop-cap{margin-top:8px}.elementor-widget-text-editor:not(.elementor-drop-cap-view-default) .elementor-drop-cap-letter{width:1em;height:1em}.elementor-widget-text-editor .elementor-drop-cap{float:left;text-align:center;line-height:1;font-size:50px}.elementor-widget-text-editor .elementor-drop-cap-letter{display:inline-block}<\/style>\t\t\t\t<p><span data-sheets-root=\"1\">Declaraci\u00f3n de rechazo a la situaci\u00f3n de represi\u00f3n de las comunidades ind\u00edgenas del CRIC. <\/span><\/p>\t\t\t\t\t\t<\/div>\n\t\t\t\t<\/div>\n\t\t\t\t<div class=\"elementor-element elementor-element-496b670 exad-sticky-section-no exad-glass-effect-no elementor-widget elementor-widget-text-editor\" data-id=\"496b670\" data-element_type=\"widget\" data-widget_type=\"text-editor.default\">\n\t\t\t\t<div class=\"elementor-widget-container\">\n\t\t\t\t\t\t\t<p><strong>C\u00d3DIGO<\/strong>: H0253d<\/p>\n<p><strong>IDIOMA:<\/strong> Castellano<\/p>\n<p><strong style=\"color: var( --e-global-color-text ); font-family: var( --e-global-typography-text-font-family ), Sans-serif;\">PERSONA JUR\u00cdDICA\/NATURAL\/ROL:<\/strong> <span data-sheets-root=\"1\">Marco Avirama, Edgar Avirama, Taurino Nuescue, Guillermo Amotequi Ram\u00edrez, Venancia Quitumbo, Miguel Ulucu\u00e9, Rub\u00e9n Pilcu\u00e9, Miguel Nuscue, Mario Escue, Laurentino Apusta, Luis Angel Monroy Cruz, Graciela Bola\u00f1os, <\/span><\/p>\n<p><strong>TOPON\u00cdMICOS:<\/strong> <span data-sheets-root=\"1\">Bogot\u00e1, Cauca, Corinto, Torib\u00edo, Jambal\u00f3, Huila, Colombia, Murikka, Finlandia, <\/span><\/p>\n<p><strong style=\"color: var( --e-global-color-text ); font-family: var( --e-global-typography-text-font-family ), Sans-serif;\">TEM\u00c1TICOS:<\/strong><span style=\"color: var( --e-global-color-text ); font-family: var( --e-global-typography-text-font-family ), Sans-serif; font-weight: var( --e-global-typography-text-font-weight );\"> <span data-sheets-root=\"1\">Quinta Conferencia de NOSALF, CRIC, Represi\u00f3n, M-19, Servicio de Seguridad Militar, Oposici\u00f3n Pol\u00edtica, Lideres Sindicales, Ley 89 de 1890, Terratenientes, Amnist\u00eda Internacional, Derechos Humanos, Naciones Unidas, Anti-Imperialismo, <\/span><\/span><\/p>\n<p><!-- \/wp:paragraph --><!-- wp:paragraph --><\/p>\n<p><strong>CRONOL\u00d3GICOS:<\/strong> <span data-sheets-root=\"1\">1979<\/span><\/p>\n<p><!-- \/wp:paragraph --><!-- wp:paragraph --><\/p>\n<p><!-- \/wp:paragraph --><!-- wp:paragraph --><\/p>\n<p><!-- \/wp:paragraph --><\/p>\t\t\t\t\t\t<\/div>\n\t\t\t\t<\/div>\n\t\t\t\t\t<\/div>\n\t\t<\/div>\n\t\t\t\t\t<\/div>\n\t\t<\/section>\n\t\t\t\t<\/div>\n\t\t","protected":false},"excerpt":{"rendered":"<p>Declaraci\u00f3n de rechazo a la situaci\u00f3n de represi\u00f3n de las comunidades ind\u00edgenas del CRIC. C\u00d3DIGO: H0253d IDIOMA: Castellano PERSONA JUR\u00cdDICA\/NATURAL\/ROL: Marco Avirama, Edgar Avirama, Taurino Nuescue, Guillermo Amotequi Ram\u00edrez, Venancia Quitumbo, Miguel Ulucu\u00e9, Rub\u00e9n Pilcu\u00e9, Miguel Nuscue, Mario Escue, Laurentino Apusta, Luis Angel Monroy Cruz, Graciela Bola\u00f1os, TOPON\u00cdMICOS: Bogot\u00e1, Cauca, Corinto, Torib\u00edo, Jambal\u00f3, Huila, Colombia, [&hellip;]<\/p>\n","protected":false},"author":1,"featured_media":14244,"comment_status":"closed","ping_status":"open","sticky":false,"template":"","format":"standard","meta":{"_acf_changed":false,"footnotes":""},"categories":[28],"tags":[182,150,458,800,513,1599,108,71,816,2116,2124,2117,542,1555,2122,1539,2113,2123,667,1986,1988,2121,2119,2115,2114,2112,2110,169,2120,2111,1987,1422,1747,2118],"class_list":["post-14242","post","type-post","status-publish","format-standard","has-post-thumbnail","hentry","category-hemeroteca","tag-amnistia-internacional","tag-anti-imperialismo","tag-bogota","tag-cauca","tag-colombia","tag-corinto","tag-cric","tag-derechos-humanos","tag-edgar-avirama","tag-finlandia","tag-graciela-bolanos","tag-guillermo-amotequi-ramirez","tag-huila","tag-jambalo","tag-laurentino-apusta","tag-ley-89-de-1890","tag-lideres-sindicales","tag-luis-angel-monroy-cruz","tag-m-19","tag-marco-avirama","tag-mario-escue","tag-miguel-nuscue","tag-miguel-ulucue","tag-murikka","tag-naciones-unidas","tag-opocision-politica","tag-quinta-conferencia-de-nosalf","tag-represion","tag-ruben-pilcue","tag-servicio-de-seguridad-militar","tag-taurino-nuescue","tag-terratenientes","tag-toribio","tag-venancia-quitumbo"],"acf":[],"_links":{"self":[{"href":"https:\/\/martarodriguez.com.co\/index.php\/wp-json\/wp\/v2\/posts\/14242","targetHints":{"allow":["GET"]}}],"collection":[{"href":"https:\/\/martarodriguez.com.co\/index.php\/wp-json\/wp\/v2\/posts"}],"about":[{"href":"https:\/\/martarodriguez.com.co\/index.php\/wp-json\/wp\/v2\/types\/post"}],"author":[{"embeddable":true,"href":"https:\/\/martarodriguez.com.co\/index.php\/wp-json\/wp\/v2\/users\/1"}],"replies":[{"embeddable":true,"href":"https:\/\/martarodriguez.com.co\/index.php\/wp-json\/wp\/v2\/comments?post=14242"}],"version-history":[{"count":5,"href":"https:\/\/martarodriguez.com.co\/index.php\/wp-json\/wp\/v2\/posts\/14242\/revisions"}],"predecessor-version":[{"id":14251,"href":"https:\/\/martarodriguez.com.co\/index.php\/wp-json\/wp\/v2\/posts\/14242\/revisions\/14251"}],"wp:featuredmedia":[{"embeddable":true,"href":"https:\/\/martarodriguez.com.co\/index.php\/wp-json\/wp\/v2\/media\/14244"}],"wp:attachment":[{"href":"https:\/\/martarodriguez.com.co\/index.php\/wp-json\/wp\/v2\/media?parent=14242"}],"wp:term":[{"taxonomy":"category","embeddable":true,"href":"https:\/\/martarodriguez.com.co\/index.php\/wp-json\/wp\/v2\/categories?post=14242"},{"taxonomy":"post_tag","embeddable":true,"href":"https:\/\/martarodriguez.com.co\/index.php\/wp-json\/wp\/v2\/tags?post=14242"}],"curies":[{"name":"wp","href":"https:\/\/api.w.org\/{rel}","templated":true}]}}