{"id":13896,"date":"2025-11-07T16:29:27","date_gmt":"2025-11-07T16:29:27","guid":{"rendered":"https:\/\/martarodriguez.com.co\/?p=13896"},"modified":"2026-02-09T12:34:16","modified_gmt":"2026-02-09T12:34:16","slug":"0682p1-john-jairo-jesus-patriarcas-pedro-hernandez-pablo-mosquera-eteluina-murillo","status":"publish","type":"post","link":"https:\/\/martarodriguez.com.co\/index.php\/2025\/11\/07\/0682p1-john-jairo-jesus-patriarcas-pedro-hernandez-pablo-mosquera-eteluina-murillo\/","title":{"rendered":"0682p1 John Jairo-Jesus Patriarcas-Pedro Hernandez -Pablo Mosquera-Eteluina Murillo"},"content":{"rendered":"\t\t<div data-elementor-type=\"wp-post\" data-elementor-id=\"13896\" class=\"elementor elementor-13896\">\n\t\t\t\t\t\t<section class=\"elementor-section elementor-top-section elementor-element elementor-element-31e9a44 elementor-section-boxed elementor-section-height-default elementor-section-height-default exad-glass-effect-no wpr-particle-no wpr-jarallax-no wpr-parallax-no wpr-sticky-section-no exad-sticky-section-no\" data-id=\"31e9a44\" data-element_type=\"section\">\n\t\t\t\t\t\t<div class=\"elementor-container elementor-column-gap-default\">\n\t\t\t\t\t<div class=\"elementor-column elementor-col-100 elementor-top-column elementor-element elementor-element-00c8168 exad-glass-effect-no exad-sticky-section-no\" data-id=\"00c8168\" data-element_type=\"column\">\n\t\t\t<div class=\"elementor-widget-wrap elementor-element-populated\">\n\t\t\t\t\t\t<div class=\"elementor-element elementor-element-0928cc3 exad-sticky-section-no exad-glass-effect-no elementor-widget elementor-widget-text-editor\" data-id=\"0928cc3\" data-element_type=\"widget\" data-widget_type=\"text-editor.default\">\n\t\t\t\t<div class=\"elementor-widget-container\">\n\t\t\t<style>\/*! elementor - v3.21.0 - 15-04-2024 *\/\n.elementor-widget-text-editor.elementor-drop-cap-view-stacked .elementor-drop-cap{background-color:#69727d;color:#fff}.elementor-widget-text-editor.elementor-drop-cap-view-framed .elementor-drop-cap{color:#69727d;border:3px solid;background-color:transparent}.elementor-widget-text-editor:not(.elementor-drop-cap-view-default) .elementor-drop-cap{margin-top:8px}.elementor-widget-text-editor:not(.elementor-drop-cap-view-default) .elementor-drop-cap-letter{width:1em;height:1em}.elementor-widget-text-editor .elementor-drop-cap{float:left;text-align:center;line-height:1;font-size:50px}.elementor-widget-text-editor .elementor-drop-cap-letter{display:inline-block}<\/style>\t\t\t\t<p>Registro en el marco de la investigaci\u00f3n para la trilog\u00eda de Urab\u00e1, documentales dirigidos por Marta Rodr\u00edguez y Fernando Restrepo. Esta trilog\u00eda narra las historias de campesinos y campesinas afrocolombianos del departamento del Choc\u00f3, desplazados por el conflicto armado entre el Ej\u00e9rcito Nacional, las guerrillas colombianas y los grupos paramilitares de derecha. El trabajo de los documentalistas abarca diversas localidades del Urab\u00e1, incluyendo Turbo, Bah\u00eda Cupica, Dabeiba y San Jos\u00e9 de Apartad\u00f3.<\/p><p>Este registro se realiza en el contexto de una investigaci\u00f3n sobre lo que posteriormente se denominar\u00e1 Operaci\u00f3n G\u00e9nesis, una ofensiva coordinada entre el Ej\u00e9rcito Nacional y los paramilitares de las Autodefensas Campesinas de C\u00f3rdoba y Urab\u00e1 (ACCU), quienes actuaron bajo el pretexto de retomar zonas controladas por la guerrilla de las FARC-EP.<\/p><p>La grabaci\u00f3n tiene lugar en el coliseo de Turbo, un espacio donde entidades p\u00fablicas agruparon en un campamento a m\u00e1s de tres mil personas desplazadas del norte del Atrato. All\u00ed, Marta Rodr\u00edguez y Fernando Restrepo registran diversos testimonios de los desplazados.<\/p><p>En esta cinta se escucha a John Jairo, quien describe las condiciones de vida en el coliseo de Turbo, marcadas por el hacinamiento, la falta de higiene y la propagaci\u00f3n de enfermedades, y c\u00f3mo la comunidad ha intentado sobreponerse a pesar de la precariedad. Se\u00f1ala que, aunque en el nuevo albergue las condiciones han mejorado ligeramente, siguen siendo insuficientes y dif\u00edciles de sostener.<\/p><p>Tambi\u00e9n habla sobre su rol como coordinador comunitario y del \u201cplan de vida\u201d de la comunidad, estructurado a partir de cinco principios: verdad, justicia, libertad, solidaridad y fraternidad. Explica que fueron desplazados tanto por las fuerzas militares como por los paramilitares.<\/p><p>Sigue el testimonio del patriarca Jes\u00fas, quien expresa su satisfacci\u00f3n frente a la exploraci\u00f3n de pre-retorno, entendida como una demostraci\u00f3n al Estado del deseo de volver a sus tierras. Intervienen tambi\u00e9n otros hombres como Pedro Hern\u00e1ndez y Pablo Mosquera, quienes manifiestan su esperanza en el retorno y la reconstrucci\u00f3n del territorio. Finalmente, se invita a las mujeres a compartir sus experiencias y reflexiones sobre el desplazamiento y la resistencia comunitaria.<\/p>\t\t\t\t\t\t<\/div>\n\t\t\t\t<\/div>\n\t\t\t\t<div class=\"elementor-element elementor-element-9724743 exad-sticky-section-no exad-glass-effect-no elementor-widget elementor-widget-html\" data-id=\"9724743\" data-element_type=\"widget\" data-widget_type=\"html.default\">\n\t\t\t\t<div class=\"elementor-widget-container\">\n\t\t\t<iframe src=\"https:\/\/audiomack.com\/\/embed\/cinemestizo\/song\/6977595e43a3c\" scrolling=\"no\" width=\"100%\" height=\"252\" frameborder=\"0\" title=\"0682P1 John Jairo-Jesus Patriarcas-Pedro Hernandez -Pablo Mosquera-Eteluina\"><\/iframe>\t\t<\/div>\n\t\t\t\t<\/div>\n\t\t\t\t<div class=\"elementor-element elementor-element-b460ad5 exad-sticky-section-no exad-glass-effect-no elementor-widget elementor-widget-text-editor\" data-id=\"b460ad5\" data-element_type=\"widget\" data-widget_type=\"text-editor.default\">\n\t\t\t\t<div class=\"elementor-widget-container\">\n\t\t\t\t\t\t\t<p><strong>C\u00d3DIGO:<\/strong> 0682p1<\/p><p><strong>AUTOR\/DIRECTOR\/PRODUCTOR:<\/strong>\u00a0Fundaci\u00f3n Cine Documental Investigaci\u00f3n Social<\/p><p><strong>IDIOMA: <\/strong>Espa\u00f1ol<\/p><p><strong>PERSONA JUR\u00cdDICA\/NATURAL\/ROL: <\/strong>Marta Rodriguez, Fernando Restrepo, John Jairo, Jesus Patriarcas, Pedro Hernandez, Pablo Mosquera, Eteluina Murillo<\/p><p><strong>TOPON\u00cdMICOS:<\/strong> Urab\u00e1<\/p><p><strong>TEM\u00c1TICOS:<\/strong> Desplazamiento<\/p><p><strong>CRONOL\u00d3GICOS: <\/strong>2000&#8217;s<\/p><p><strong>UNIDAD DE CONSERVACI\u00d3N:\u00a0<\/strong>Caja<\/p><p><strong>SOPORTE:\u00a0<\/strong>Magn\u00e9tico<\/p><p><strong>FORMATO: <\/strong>Cassette<\/p><p><strong>DURACI\u00d3N:<\/strong> 00:31:00<\/p><p><strong>NOTAS:\u00a0<\/strong>N\/A<\/p>\t\t\t\t\t\t<\/div>\n\t\t\t\t<\/div>\n\t\t\t\t\t<\/div>\n\t\t<\/div>\n\t\t\t\t\t<\/div>\n\t\t<\/section>\n\t\t\t\t<\/div>\n\t\t","protected":false},"excerpt":{"rendered":"<p>Registro en el marco de la investigaci\u00f3n para la trilog\u00eda de Urab\u00e1, documentales dirigidos por Marta Rodr\u00edguez y Fernando Restrepo. Esta trilog\u00eda narra las historias de campesinos y campesinas afrocolombianos del departamento del Choc\u00f3, desplazados por el conflicto armado entre el Ej\u00e9rcito Nacional, las guerrillas colombianas y los grupos paramilitares de derecha. El trabajo de [&hellip;]<\/p>\n","protected":false},"author":1,"featured_media":15375,"comment_status":"open","ping_status":"open","sticky":false,"template":"","format":"standard","meta":{"_acf_changed":false,"footnotes":""},"categories":[26],"tags":[62,1486],"class_list":["post-13896","post","type-post","status-publish","format-standard","has-post-thumbnail","hentry","category-audios","tag-desplazamiento","tag-uraba"],"acf":[],"_links":{"self":[{"href":"https:\/\/martarodriguez.com.co\/index.php\/wp-json\/wp\/v2\/posts\/13896","targetHints":{"allow":["GET"]}}],"collection":[{"href":"https:\/\/martarodriguez.com.co\/index.php\/wp-json\/wp\/v2\/posts"}],"about":[{"href":"https:\/\/martarodriguez.com.co\/index.php\/wp-json\/wp\/v2\/types\/post"}],"author":[{"embeddable":true,"href":"https:\/\/martarodriguez.com.co\/index.php\/wp-json\/wp\/v2\/users\/1"}],"replies":[{"embeddable":true,"href":"https:\/\/martarodriguez.com.co\/index.php\/wp-json\/wp\/v2\/comments?post=13896"}],"version-history":[{"count":10,"href":"https:\/\/martarodriguez.com.co\/index.php\/wp-json\/wp\/v2\/posts\/13896\/revisions"}],"predecessor-version":[{"id":18281,"href":"https:\/\/martarodriguez.com.co\/index.php\/wp-json\/wp\/v2\/posts\/13896\/revisions\/18281"}],"wp:featuredmedia":[{"embeddable":true,"href":"https:\/\/martarodriguez.com.co\/index.php\/wp-json\/wp\/v2\/media\/15375"}],"wp:attachment":[{"href":"https:\/\/martarodriguez.com.co\/index.php\/wp-json\/wp\/v2\/media?parent=13896"}],"wp:term":[{"taxonomy":"category","embeddable":true,"href":"https:\/\/martarodriguez.com.co\/index.php\/wp-json\/wp\/v2\/categories?post=13896"},{"taxonomy":"post_tag","embeddable":true,"href":"https:\/\/martarodriguez.com.co\/index.php\/wp-json\/wp\/v2\/tags?post=13896"}],"curies":[{"name":"wp","href":"https:\/\/api.w.org\/{rel}","templated":true}]}}