{"id":13882,"date":"2025-11-07T16:19:00","date_gmt":"2025-11-07T16:19:00","guid":{"rendered":"https:\/\/martarodriguez.com.co\/?p=13882"},"modified":"2026-02-09T12:28:24","modified_gmt":"2026-02-09T12:28:24","slug":"0681p1-ana-rosa-lopez-juliana-canta-john-jairo-bernardosantos-pezcador","status":"publish","type":"post","link":"https:\/\/martarodriguez.com.co\/index.php\/2025\/11\/07\/0681p1-ana-rosa-lopez-juliana-canta-john-jairo-bernardosantos-pezcador\/","title":{"rendered":"0681p1 Ana Rosa Lopez, Juliana canta, John Jairo, Bernardo(Santos pezcador)"},"content":{"rendered":"\t\t<div data-elementor-type=\"wp-post\" data-elementor-id=\"13882\" class=\"elementor elementor-13882\">\n\t\t\t\t\t\t<section class=\"elementor-section elementor-top-section elementor-element elementor-element-31e9a44 elementor-section-boxed elementor-section-height-default elementor-section-height-default exad-glass-effect-no wpr-particle-no wpr-jarallax-no wpr-parallax-no wpr-sticky-section-no exad-sticky-section-no\" data-id=\"31e9a44\" data-element_type=\"section\">\n\t\t\t\t\t\t<div class=\"elementor-container elementor-column-gap-default\">\n\t\t\t\t\t<div class=\"elementor-column elementor-col-100 elementor-top-column elementor-element elementor-element-00c8168 exad-glass-effect-no exad-sticky-section-no\" data-id=\"00c8168\" data-element_type=\"column\">\n\t\t\t<div class=\"elementor-widget-wrap elementor-element-populated\">\n\t\t\t\t\t\t<div class=\"elementor-element elementor-element-0928cc3 exad-sticky-section-no exad-glass-effect-no elementor-widget elementor-widget-text-editor\" data-id=\"0928cc3\" data-element_type=\"widget\" data-widget_type=\"text-editor.default\">\n\t\t\t\t<div class=\"elementor-widget-container\">\n\t\t\t<style>\/*! elementor - v3.21.0 - 15-04-2024 *\/\n.elementor-widget-text-editor.elementor-drop-cap-view-stacked .elementor-drop-cap{background-color:#69727d;color:#fff}.elementor-widget-text-editor.elementor-drop-cap-view-framed .elementor-drop-cap{color:#69727d;border:3px solid;background-color:transparent}.elementor-widget-text-editor:not(.elementor-drop-cap-view-default) .elementor-drop-cap{margin-top:8px}.elementor-widget-text-editor:not(.elementor-drop-cap-view-default) .elementor-drop-cap-letter{width:1em;height:1em}.elementor-widget-text-editor .elementor-drop-cap{float:left;text-align:center;line-height:1;font-size:50px}.elementor-widget-text-editor .elementor-drop-cap-letter{display:inline-block}<\/style>\t\t\t\t<p>Registro en el marco de la investigaci\u00f3n para la trilog\u00eda de Urab\u00e1, documentales dirigidos por Marta Rodr\u00edguez y Fernando Restrepo. Esta trilog\u00eda narra las historias de campesinos y campesinas afrocolombianos del departamento del Choc\u00f3, desplazados por el conflicto armado entre el Ej\u00e9rcito Nacional, las guerrillas colombianas y los grupos paramilitares de derecha. El trabajo de los documentalistas abarca diversas localidades del Urab\u00e1, incluyendo Turbo, Bah\u00eda Cupica, Dabeiba y San Jos\u00e9 de Apartad\u00f3.<\/p><p>Este registro se realiza en el contexto de una investigaci\u00f3n sobre lo que posteriormente se denominar\u00e1 Operaci\u00f3n G\u00e9nesis, una ofensiva coordinada entre el Ej\u00e9rcito Nacional y los paramilitares de las Autodefensas Campesinas de C\u00f3rdoba y Urab\u00e1 (ACCU), quienes actuaron bajo el pretexto de retomar zonas controladas por la guerrilla de las FARC-EP.<\/p><p>La grabaci\u00f3n tiene lugar en el coliseo de Turbo, un espacio donde entidades p\u00fablicas agruparon en un campamento a m\u00e1s de tres mil personas desplazadas del norte del Atrato. All\u00ed, Marta Rodr\u00edguez y Fernando Restrepo registran diversos testimonios de los desplazados.<\/p><p>En esta grabaci\u00f3n se escucha el relato de Ana Rosa L\u00f3pez, una mujer desplazada que narra su llegada al asentamiento en Turbo tras huir de sus tierras. Relata c\u00f3mo varias mujeres dieron a luz en plena trocha mientras hu\u00edan, y c\u00f3mo perdi\u00f3 a varios familiares durante el trayecto. Habla del trauma que persiste a pesar de los esfuerzos por seguir viviendo y denuncia que la violencia ha sido dirigida contra la poblaci\u00f3n civil con el objetivo de despojarla de sus territorios.<\/p><p>A continuaci\u00f3n, Juliana interpreta una canci\u00f3n sobre el desplazamiento, en la que, a trav\u00e9s de su canto, preserva la memoria y la historia de la comunidad.<\/p><p>Posteriormente, John Jairo, otro desplazado y gu\u00eda de los documentalistas durante sus viajes a Turbo, reflexiona sobre el sentimiento de impotencia ante la violencia. Expresa que, aunque el dolor y la rabia son profundos, no es posible defenderse ni buscar venganza frente a quienes portan las armas, revelando la profunda desigualdad y desprotecci\u00f3n vivida por las comunidades.<\/p>\t\t\t\t\t\t<\/div>\n\t\t\t\t<\/div>\n\t\t\t\t<div class=\"elementor-element elementor-element-9724743 exad-sticky-section-no exad-glass-effect-no elementor-widget elementor-widget-html\" data-id=\"9724743\" data-element_type=\"widget\" data-widget_type=\"html.default\">\n\t\t\t\t<div class=\"elementor-widget-container\">\n\t\t\t<iframe src=\"https:\/\/audiomack.com\/\/embed\/cinemestizo\/song\/697755e6a5a1d\" scrolling=\"no\" width=\"100%\" height=\"252\" frameborder=\"0\" title=\"0681P1 Ana Rosa Lopez, Juliana canta, John Jairo, Bernardo(Santos pezcador)\"><\/iframe>\t\t<\/div>\n\t\t\t\t<\/div>\n\t\t\t\t<div class=\"elementor-element elementor-element-b460ad5 exad-sticky-section-no exad-glass-effect-no elementor-widget elementor-widget-text-editor\" data-id=\"b460ad5\" data-element_type=\"widget\" data-widget_type=\"text-editor.default\">\n\t\t\t\t<div class=\"elementor-widget-container\">\n\t\t\t\t\t\t\t<p><strong>C\u00d3DIGO:<\/strong> 0681p1<\/p><p><strong>AUTOR\/DIRECTOR\/PRODUCTOR:<\/strong>\u00a0Fundaci\u00f3n Cine Documental Investigaci\u00f3n Social<\/p><p><strong>IDIOMA: <\/strong>Espa\u00f1ol<\/p><p><strong>PERSONA JUR\u00cdDICA\/NATURAL\/ROL: <\/strong>Marta Rodriguez, Fernando Restrepo, Juliana, John Jairo Palacios<\/p><p><strong>TOPON\u00cdMICOS:<\/strong> Urab\u00e1<\/p><p><strong>TEM\u00c1TICOS:<\/strong> Desplazamiento<\/p><p><strong>CRONOL\u00d3GICOS: <\/strong>2000&#8217;s<\/p><p><strong>UNIDAD DE CONSERVACI\u00d3N:\u00a0<\/strong>Caja<\/p><p><strong>SOPORTE:\u00a0<\/strong>Magn\u00e9tico<\/p><p><strong>FORMATO: <\/strong>Cassette<\/p><p><strong>DURACI\u00d3N:<\/strong> 00:31:00<\/p><p><strong>NOTAS:\u00a0<\/strong>N\/A<\/p>\t\t\t\t\t\t<\/div>\n\t\t\t\t<\/div>\n\t\t\t\t\t<\/div>\n\t\t<\/div>\n\t\t\t\t\t<\/div>\n\t\t<\/section>\n\t\t\t\t<\/div>\n\t\t","protected":false},"excerpt":{"rendered":"<p>Registro en el marco de la investigaci\u00f3n para la trilog\u00eda de Urab\u00e1, documentales dirigidos por Marta Rodr\u00edguez y Fernando Restrepo. Esta trilog\u00eda narra las historias de campesinos y campesinas afrocolombianos del departamento del Choc\u00f3, desplazados por el conflicto armado entre el Ej\u00e9rcito Nacional, las guerrillas colombianas y los grupos paramilitares de derecha. El trabajo de [&hellip;]<\/p>\n","protected":false},"author":1,"featured_media":15375,"comment_status":"open","ping_status":"open","sticky":false,"template":"","format":"standard","meta":{"_acf_changed":false,"footnotes":""},"categories":[26],"tags":[62,1486],"class_list":["post-13882","post","type-post","status-publish","format-standard","has-post-thumbnail","hentry","category-audios","tag-desplazamiento","tag-uraba"],"acf":[],"_links":{"self":[{"href":"https:\/\/martarodriguez.com.co\/index.php\/wp-json\/wp\/v2\/posts\/13882","targetHints":{"allow":["GET"]}}],"collection":[{"href":"https:\/\/martarodriguez.com.co\/index.php\/wp-json\/wp\/v2\/posts"}],"about":[{"href":"https:\/\/martarodriguez.com.co\/index.php\/wp-json\/wp\/v2\/types\/post"}],"author":[{"embeddable":true,"href":"https:\/\/martarodriguez.com.co\/index.php\/wp-json\/wp\/v2\/users\/1"}],"replies":[{"embeddable":true,"href":"https:\/\/martarodriguez.com.co\/index.php\/wp-json\/wp\/v2\/comments?post=13882"}],"version-history":[{"count":9,"href":"https:\/\/martarodriguez.com.co\/index.php\/wp-json\/wp\/v2\/posts\/13882\/revisions"}],"predecessor-version":[{"id":18272,"href":"https:\/\/martarodriguez.com.co\/index.php\/wp-json\/wp\/v2\/posts\/13882\/revisions\/18272"}],"wp:featuredmedia":[{"embeddable":true,"href":"https:\/\/martarodriguez.com.co\/index.php\/wp-json\/wp\/v2\/media\/15375"}],"wp:attachment":[{"href":"https:\/\/martarodriguez.com.co\/index.php\/wp-json\/wp\/v2\/media?parent=13882"}],"wp:term":[{"taxonomy":"category","embeddable":true,"href":"https:\/\/martarodriguez.com.co\/index.php\/wp-json\/wp\/v2\/categories?post=13882"},{"taxonomy":"post_tag","embeddable":true,"href":"https:\/\/martarodriguez.com.co\/index.php\/wp-json\/wp\/v2\/tags?post=13882"}],"curies":[{"name":"wp","href":"https:\/\/api.w.org\/{rel}","templated":true}]}}