{"id":13809,"date":"2025-11-07T14:40:38","date_gmt":"2025-11-07T14:40:38","guid":{"rendered":"https:\/\/martarodriguez.com.co\/?p=13809"},"modified":"2026-02-04T18:37:10","modified_gmt":"2026-02-04T18:37:10","slug":"0705p2-fidel","status":"publish","type":"post","link":"https:\/\/martarodriguez.com.co\/index.php\/2025\/11\/07\/0705p2-fidel\/","title":{"rendered":"0705p2 FIDEL!"},"content":{"rendered":"\t\t<div data-elementor-type=\"wp-post\" data-elementor-id=\"13809\" class=\"elementor elementor-13809\">\n\t\t\t\t\t\t<section class=\"elementor-section elementor-top-section elementor-element elementor-element-31e9a44 elementor-section-boxed elementor-section-height-default elementor-section-height-default exad-glass-effect-no wpr-particle-no wpr-jarallax-no wpr-parallax-no wpr-sticky-section-no exad-sticky-section-no\" data-id=\"31e9a44\" data-element_type=\"section\">\n\t\t\t\t\t\t<div class=\"elementor-container elementor-column-gap-default\">\n\t\t\t\t\t<div class=\"elementor-column elementor-col-100 elementor-top-column elementor-element elementor-element-00c8168 exad-glass-effect-no exad-sticky-section-no\" data-id=\"00c8168\" data-element_type=\"column\">\n\t\t\t<div class=\"elementor-widget-wrap elementor-element-populated\">\n\t\t\t\t\t\t<div class=\"elementor-element elementor-element-0928cc3 exad-sticky-section-no exad-glass-effect-no elementor-widget elementor-widget-text-editor\" data-id=\"0928cc3\" data-element_type=\"widget\" data-widget_type=\"text-editor.default\">\n\t\t\t\t<div class=\"elementor-widget-container\">\n\t\t\t<style>\/*! elementor - v3.21.0 - 15-04-2024 *\/\n.elementor-widget-text-editor.elementor-drop-cap-view-stacked .elementor-drop-cap{background-color:#69727d;color:#fff}.elementor-widget-text-editor.elementor-drop-cap-view-framed .elementor-drop-cap{color:#69727d;border:3px solid;background-color:transparent}.elementor-widget-text-editor:not(.elementor-drop-cap-view-default) .elementor-drop-cap{margin-top:8px}.elementor-widget-text-editor:not(.elementor-drop-cap-view-default) .elementor-drop-cap-letter{width:1em;height:1em}.elementor-widget-text-editor .elementor-drop-cap{float:left;text-align:center;line-height:1;font-size:50px}.elementor-widget-text-editor .elementor-drop-cap-letter{display:inline-block}<\/style>\t\t\t\t<p>Registro en el marco de la investigaci\u00f3n para la trilog\u00eda de Urab\u00e1, documentales dirigidos por Marta Rodr\u00edguez y Fernando Restrepo. Esta trilog\u00eda narra las historias de campesinos y campesinas afrocolombianos del departamento del Choc\u00f3, desplazados por el conflicto armado entre el Ej\u00e9rcito Nacional, las guerrillas colombianas y los grupos paramilitares de derecha. El trabajo de los documentalistas abarca diversas localidades del Urab\u00e1, incluyendo Turbo, Bah\u00eda Cupica, Dabeiba y San Jos\u00e9 de Apartad\u00f3.<\/p><p>Este registro se realiza en el marco de una investigaci\u00f3n sobre lo que se denominar\u00e1 Operaci\u00f3n G\u00e9nesis, una ofensiva coordinada entre el Ej\u00e9rcito Nacional y paramilitares de las Autodefensas Campesinas de C\u00f3rdoba y Urab\u00e1 (ACCU), quienes actuaron con el pretexto de retomar zonas controladas por la guerrilla de las FARC-EP.<\/p><p>Durante el viaje, los documentalistas visitan un campamento de la comunidad Ember\u00e1 desplazada en Mutat\u00e1, v\u00edctimas de la llamada Marcha de Pabarand\u00f3, una operaci\u00f3n militar y paramilitar que funcion\u00f3 como una red de control que desplaz\u00f3 a la poblaci\u00f3n de las orillas del r\u00edo Atrato hasta la carretera. La poblaci\u00f3n afrocolombiana lleg\u00f3 a Dabeiba, mientras que la comunidad ind\u00edgena decidi\u00f3 trasladarse hasta Mutat\u00e1.<\/p><p>La grabaci\u00f3n comienza con el testimonio de una mujer Ember\u00e1, quien no recuerda su fecha de nacimiento ni su edad exacta. La entrevista se interrumpe por el llanto de un beb\u00e9 y el sonido de gallinas. La mujer trabaj\u00f3 como empleada dom\u00e9stica, es analfabeta y vivi\u00f3 en la monta\u00f1a, lo que le impidi\u00f3 acceder a estudios formales. A pesar de las dificultades, expresa sentirse colombiana. Durante la conversaci\u00f3n, hace una distinci\u00f3n entre los ind\u00edgenas y los llamados \u201clibres\u201d y manifiesta su deseo de regresar a su territorio, ya que considera muy dura la vida en el campamento.<\/p>\t\t\t\t\t\t<\/div>\n\t\t\t\t<\/div>\n\t\t\t\t<div class=\"elementor-element elementor-element-9724743 exad-sticky-section-no exad-glass-effect-no elementor-widget elementor-widget-html\" data-id=\"9724743\" data-element_type=\"widget\" data-widget_type=\"html.default\">\n\t\t\t\t<div class=\"elementor-widget-container\">\n\t\t\t<iframe src=\"https:\/\/audiomack.com\/\/embed\/cinemestizo\/song\/69774262651c4\" scrolling=\"no\" width=\"100%\" height=\"252\" frameborder=\"0\" title=\"0705P2 FIDEL! p2\"><\/iframe>\t\t<\/div>\n\t\t\t\t<\/div>\n\t\t\t\t<div class=\"elementor-element elementor-element-b460ad5 exad-sticky-section-no exad-glass-effect-no elementor-widget elementor-widget-text-editor\" data-id=\"b460ad5\" data-element_type=\"widget\" data-widget_type=\"text-editor.default\">\n\t\t\t\t<div class=\"elementor-widget-container\">\n\t\t\t\t\t\t\t<p><strong>C\u00d3DIGO:<\/strong> 0705p2<\/p><p><strong>AUTOR\/DIRECTOR\/PRODUCTOR:<\/strong>\u00a0Fundaci\u00f3n Cine Documental Investigaci\u00f3n Social<\/p><p><strong>IDIOMA: <\/strong>Espa\u00f1ol<\/p><p><strong>PERSONA JUR\u00cdDICA\/NATURAL\/ROL:<\/strong> Marta Rodriguez, Fernando Restrepo<\/p><p><strong>TOPON\u00cdMICOS:<\/strong> Antioquia, Dabeiba<\/p><p><strong>TEM\u00c1TICOS:<\/strong> Embera, Desplazamiento<\/p><p><strong>CRONOL\u00d3GICOS: <\/strong>2000&#8217;s<\/p><p><strong>UNIDAD DE CONSERVACI\u00d3N:\u00a0<\/strong>Caja<\/p><p><strong>SOPORTE:\u00a0<\/strong>Magn\u00e9tico<\/p><p><strong>FORMATO: <\/strong>Cassette<\/p><p><strong>DURACI\u00d3N:<\/strong> 00:19:48<\/p><p><strong>NOTAS:\u00a0<\/strong>N\/A<\/p>\t\t\t\t\t\t<\/div>\n\t\t\t\t<\/div>\n\t\t\t\t\t<\/div>\n\t\t<\/div>\n\t\t\t\t\t<\/div>\n\t\t<\/section>\n\t\t\t\t<\/div>\n\t\t","protected":false},"excerpt":{"rendered":"<p>Registro en el marco de la investigaci\u00f3n para la trilog\u00eda de Urab\u00e1, documentales dirigidos por Marta Rodr\u00edguez y Fernando Restrepo. Esta trilog\u00eda narra las historias de campesinos y campesinas afrocolombianos del departamento del Choc\u00f3, desplazados por el conflicto armado entre el Ej\u00e9rcito Nacional, las guerrillas colombianas y los grupos paramilitares de derecha. El trabajo de [&hellip;]<\/p>\n","protected":false},"author":1,"featured_media":14945,"comment_status":"open","ping_status":"open","sticky":false,"template":"","format":"standard","meta":{"_acf_changed":false,"footnotes":""},"categories":[26],"tags":[62,34],"class_list":["post-13809","post","type-post","status-publish","format-standard","has-post-thumbnail","hentry","category-audios","tag-desplazamiento","tag-embera"],"acf":[],"_links":{"self":[{"href":"https:\/\/martarodriguez.com.co\/index.php\/wp-json\/wp\/v2\/posts\/13809","targetHints":{"allow":["GET"]}}],"collection":[{"href":"https:\/\/martarodriguez.com.co\/index.php\/wp-json\/wp\/v2\/posts"}],"about":[{"href":"https:\/\/martarodriguez.com.co\/index.php\/wp-json\/wp\/v2\/types\/post"}],"author":[{"embeddable":true,"href":"https:\/\/martarodriguez.com.co\/index.php\/wp-json\/wp\/v2\/users\/1"}],"replies":[{"embeddable":true,"href":"https:\/\/martarodriguez.com.co\/index.php\/wp-json\/wp\/v2\/comments?post=13809"}],"version-history":[{"count":7,"href":"https:\/\/martarodriguez.com.co\/index.php\/wp-json\/wp\/v2\/posts\/13809\/revisions"}],"predecessor-version":[{"id":18230,"href":"https:\/\/martarodriguez.com.co\/index.php\/wp-json\/wp\/v2\/posts\/13809\/revisions\/18230"}],"wp:featuredmedia":[{"embeddable":true,"href":"https:\/\/martarodriguez.com.co\/index.php\/wp-json\/wp\/v2\/media\/14945"}],"wp:attachment":[{"href":"https:\/\/martarodriguez.com.co\/index.php\/wp-json\/wp\/v2\/media?parent=13809"}],"wp:term":[{"taxonomy":"category","embeddable":true,"href":"https:\/\/martarodriguez.com.co\/index.php\/wp-json\/wp\/v2\/categories?post=13809"},{"taxonomy":"post_tag","embeddable":true,"href":"https:\/\/martarodriguez.com.co\/index.php\/wp-json\/wp\/v2\/tags?post=13809"}],"curies":[{"name":"wp","href":"https:\/\/api.w.org\/{rel}","templated":true}]}}