{"id":13799,"date":"2025-11-07T14:30:57","date_gmt":"2025-11-07T14:30:57","guid":{"rendered":"https:\/\/martarodriguez.com.co\/?p=13799"},"modified":"2025-11-12T15:54:14","modified_gmt":"2025-11-12T15:54:14","slug":"0704p2-cupica-conjunto-musical","status":"publish","type":"post","link":"https:\/\/martarodriguez.com.co\/index.php\/2025\/11\/07\/0704p2-cupica-conjunto-musical\/","title":{"rendered":"0704p2 Cupica : Conjunto musical"},"content":{"rendered":"\t\t<div data-elementor-type=\"wp-post\" data-elementor-id=\"13799\" class=\"elementor elementor-13799\">\n\t\t\t\t\t\t<section class=\"elementor-section elementor-top-section elementor-element elementor-element-31e9a44 elementor-section-boxed elementor-section-height-default elementor-section-height-default exad-glass-effect-no wpr-particle-no wpr-jarallax-no wpr-parallax-no wpr-sticky-section-no exad-sticky-section-no\" data-id=\"31e9a44\" data-element_type=\"section\">\n\t\t\t\t\t\t<div class=\"elementor-container elementor-column-gap-default\">\n\t\t\t\t\t<div class=\"elementor-column elementor-col-100 elementor-top-column elementor-element elementor-element-00c8168 exad-glass-effect-no exad-sticky-section-no\" data-id=\"00c8168\" data-element_type=\"column\">\n\t\t\t<div class=\"elementor-widget-wrap elementor-element-populated\">\n\t\t\t\t\t\t<div class=\"elementor-element elementor-element-0928cc3 exad-sticky-section-no exad-glass-effect-no elementor-widget elementor-widget-text-editor\" data-id=\"0928cc3\" data-element_type=\"widget\" data-widget_type=\"text-editor.default\">\n\t\t\t\t<div class=\"elementor-widget-container\">\n\t\t\t<style>\/*! elementor - v3.21.0 - 15-04-2024 *\/\n.elementor-widget-text-editor.elementor-drop-cap-view-stacked .elementor-drop-cap{background-color:#69727d;color:#fff}.elementor-widget-text-editor.elementor-drop-cap-view-framed .elementor-drop-cap{color:#69727d;border:3px solid;background-color:transparent}.elementor-widget-text-editor:not(.elementor-drop-cap-view-default) .elementor-drop-cap{margin-top:8px}.elementor-widget-text-editor:not(.elementor-drop-cap-view-default) .elementor-drop-cap-letter{width:1em;height:1em}.elementor-widget-text-editor .elementor-drop-cap{float:left;text-align:center;line-height:1;font-size:50px}.elementor-widget-text-editor .elementor-drop-cap-letter{display:inline-block}<\/style>\t\t\t\t<p>Registro realizado en el marco de la investigaci\u00f3n para la trilog\u00eda de Urab\u00e1, serie de documentales dirigidos por Marta Rodr\u00edguez y Fernando Restrepo. Esta trilog\u00eda narra las historias de campesinos y campesinas afrocolombianos del departamento del Choc\u00f3, desplazados por el conflicto armado entre el Ej\u00e9rcito Nacional, las guerrillas colombianas y los grupos paramilitares de derecha.<\/p><p>En esta grabaci\u00f3n, Marta Rodr\u00edguez recopila testimonios sobre los maltratos, torturas y asesinatos sufridos por los desplazados, e indaga sobre el desplazamiento forzado, sus or\u00edgenes y experiencias individuales, con un enfoque en la Comunidad de Paz de San Jos\u00e9 de Apartad\u00f3, durante el aniversario de los tres a\u00f1os de su fundaci\u00f3n. La zona estuvo afectada por enfrentamientos entre paramilitares, guerrillas y fuerzas del Estado desde las d\u00e9cadas de 1980 y 1990.<\/p><p>La Comunidad de Paz de San Jos\u00e9 de Apartad\u00f3 se organiz\u00f3 formalmente en 1997 como un movimiento civil neutral, que resiste la violencia y denuncia las violaciones de derechos humanos. Las masacres que afectaron a la poblaci\u00f3n \u2014incluyendo asesinatos en masa y desplazamientos forzados\u2014 ocurrieron antes y durante los primeros a\u00f1os de existencia de la comunidad. Estos hechos, ocurridos en los a\u00f1os noventa y comienzos de los dos mil, fueron detonantes para que los habitantes se organizaran bajo este modelo de resistencia no violenta.<\/p><p>Sigue la segunda parte de la entrevista con Ramiro Osorio, quien cuenta c\u00f3mo la m\u00fasica lo ayuda a distraerse del trauma y a superar su pasado. La conversaci\u00f3n aborda su infancia, su historia de vida y el proceso de resiliencia. Marta reflexiona sobre el coraje y la capacidad de reimaginar un futuro. La grabaci\u00f3n incluye tambi\u00e9n un concierto de Ramiro, en el que interpreta su m\u00fasica como testimonio de desplazamiento y resistencia. El sonido de la grabaci\u00f3n est\u00e1 saturado, lo que puede dificultar la audici\u00f3n clara de los testimonios.<\/p>\t\t\t\t\t\t<\/div>\n\t\t\t\t<\/div>\n\t\t\t\t<div class=\"elementor-element elementor-element-9724743 exad-sticky-section-no exad-glass-effect-no elementor-widget elementor-widget-html\" data-id=\"9724743\" data-element_type=\"widget\" data-widget_type=\"html.default\">\n\t\t\t\t<div class=\"elementor-widget-container\">\n\t\t\t<iframe src=\"https:\/\/audiomack.com\/embed\/cinemestizo\/song\/0384-matrimonio-de-una-mujer-de-las-flores-sept15\" scrolling=\"no\" width=\"100%\" height=\"252\" frameborder=\"0\" title=\"0384 Matrimonio De Una Mujer De Las Flores Sept15\"><\/iframe>\t\t<\/div>\n\t\t\t\t<\/div>\n\t\t\t\t<div class=\"elementor-element elementor-element-b460ad5 exad-sticky-section-no exad-glass-effect-no elementor-widget elementor-widget-text-editor\" data-id=\"b460ad5\" data-element_type=\"widget\" data-widget_type=\"text-editor.default\">\n\t\t\t\t<div class=\"elementor-widget-container\">\n\t\t\t\t\t\t\t<p><strong>C\u00d3DIGO:<\/strong> 0704p2<\/p><p><strong>AUTOR\/DIRECTOR\/PRODUCTOR:<\/strong>\u00a0Fundaci\u00f3n Cine Documental Investigaci\u00f3n Social<\/p><p><strong>IDIOMA: <\/strong>Espa\u00f1ol<\/p><p><strong>PERSONA JUR\u00cdDICA\/NATURAL\/ROL:<\/strong> Marta Rodriguez, Fernando Restrepo, Ramiro Osorio<\/p><p><strong>TOPON\u00cdMICOS:<\/strong>\u00a0 Urab\u00e1<\/p><p><strong>TEM\u00c1TICOS:<\/strong> Comunidad de paz de San Jos\u00e9 de Apartad\u00f3, Desplazamiento, Musica<\/p><p><strong>CRONOL\u00d3GICOS: <\/strong>2000&#8217;s<\/p><p><strong>UNIDAD DE CONSERVACI\u00d3N:\u00a0<\/strong>Caja<\/p><p><strong>SOPORTE:\u00a0<\/strong>Magn\u00e9tico<\/p><p><strong>FORMATO: <\/strong>Cassette<\/p><p><strong>DURACI\u00d3N:<\/strong> 00:31:23<\/p><p><strong>NOTAS:\u00a0<\/strong>N\/A<\/p>\t\t\t\t\t\t<\/div>\n\t\t\t\t<\/div>\n\t\t\t\t\t<\/div>\n\t\t<\/div>\n\t\t\t\t\t<\/div>\n\t\t<\/section>\n\t\t\t\t<\/div>\n\t\t","protected":false},"excerpt":{"rendered":"<p>Registro realizado en el marco de la investigaci\u00f3n para la trilog\u00eda de Urab\u00e1, serie de documentales dirigidos por Marta Rodr\u00edguez y Fernando Restrepo. Esta trilog\u00eda narra las historias de campesinos y campesinas afrocolombianos del departamento del Choc\u00f3, desplazados por el conflicto armado entre el Ej\u00e9rcito Nacional, las guerrillas colombianas y los grupos paramilitares de derecha. [&hellip;]<\/p>\n","protected":false},"author":1,"featured_media":15375,"comment_status":"open","ping_status":"open","sticky":false,"template":"","format":"standard","meta":{"_acf_changed":false,"footnotes":""},"categories":[26],"tags":[2016,62,1798],"class_list":["post-13799","post","type-post","status-publish","format-standard","has-post-thumbnail","hentry","category-audios","tag-comunidad-de-paz-de-san-jose-de-apartado","tag-desplazamiento","tag-musica-2"],"acf":[],"_links":{"self":[{"href":"https:\/\/martarodriguez.com.co\/index.php\/wp-json\/wp\/v2\/posts\/13799","targetHints":{"allow":["GET"]}}],"collection":[{"href":"https:\/\/martarodriguez.com.co\/index.php\/wp-json\/wp\/v2\/posts"}],"about":[{"href":"https:\/\/martarodriguez.com.co\/index.php\/wp-json\/wp\/v2\/types\/post"}],"author":[{"embeddable":true,"href":"https:\/\/martarodriguez.com.co\/index.php\/wp-json\/wp\/v2\/users\/1"}],"replies":[{"embeddable":true,"href":"https:\/\/martarodriguez.com.co\/index.php\/wp-json\/wp\/v2\/comments?post=13799"}],"version-history":[{"count":4,"href":"https:\/\/martarodriguez.com.co\/index.php\/wp-json\/wp\/v2\/posts\/13799\/revisions"}],"predecessor-version":[{"id":13803,"href":"https:\/\/martarodriguez.com.co\/index.php\/wp-json\/wp\/v2\/posts\/13799\/revisions\/13803"}],"wp:featuredmedia":[{"embeddable":true,"href":"https:\/\/martarodriguez.com.co\/index.php\/wp-json\/wp\/v2\/media\/15375"}],"wp:attachment":[{"href":"https:\/\/martarodriguez.com.co\/index.php\/wp-json\/wp\/v2\/media?parent=13799"}],"wp:term":[{"taxonomy":"category","embeddable":true,"href":"https:\/\/martarodriguez.com.co\/index.php\/wp-json\/wp\/v2\/categories?post=13799"},{"taxonomy":"post_tag","embeddable":true,"href":"https:\/\/martarodriguez.com.co\/index.php\/wp-json\/wp\/v2\/tags?post=13799"}],"curies":[{"name":"wp","href":"https:\/\/api.w.org\/{rel}","templated":true}]}}