{"id":13780,"date":"2025-11-07T13:57:40","date_gmt":"2025-11-07T13:57:40","guid":{"rendered":"https:\/\/martarodriguez.com.co\/?p=13780"},"modified":"2026-02-04T17:05:34","modified_gmt":"2026-02-04T17:05:34","slug":"0703p1-san-jose-de-apartado","status":"publish","type":"post","link":"https:\/\/martarodriguez.com.co\/index.php\/2025\/11\/07\/0703p1-san-jose-de-apartado\/","title":{"rendered":"0703P1 San Jos\u00e9 de Apartad\u00f3"},"content":{"rendered":"\t\t<div data-elementor-type=\"wp-post\" data-elementor-id=\"13780\" class=\"elementor elementor-13780\">\n\t\t\t\t\t\t<section class=\"elementor-section elementor-top-section elementor-element elementor-element-31e9a44 elementor-section-boxed elementor-section-height-default elementor-section-height-default exad-glass-effect-no wpr-particle-no wpr-jarallax-no wpr-parallax-no wpr-sticky-section-no exad-sticky-section-no\" data-id=\"31e9a44\" data-element_type=\"section\">\n\t\t\t\t\t\t<div class=\"elementor-container elementor-column-gap-default\">\n\t\t\t\t\t<div class=\"elementor-column elementor-col-100 elementor-top-column elementor-element elementor-element-00c8168 exad-glass-effect-no exad-sticky-section-no\" data-id=\"00c8168\" data-element_type=\"column\">\n\t\t\t<div class=\"elementor-widget-wrap elementor-element-populated\">\n\t\t\t\t\t\t<div class=\"elementor-element elementor-element-0928cc3 exad-sticky-section-no exad-glass-effect-no elementor-widget elementor-widget-text-editor\" data-id=\"0928cc3\" data-element_type=\"widget\" data-widget_type=\"text-editor.default\">\n\t\t\t\t<div class=\"elementor-widget-container\">\n\t\t\t<style>\/*! elementor - v3.21.0 - 15-04-2024 *\/\n.elementor-widget-text-editor.elementor-drop-cap-view-stacked .elementor-drop-cap{background-color:#69727d;color:#fff}.elementor-widget-text-editor.elementor-drop-cap-view-framed .elementor-drop-cap{color:#69727d;border:3px solid;background-color:transparent}.elementor-widget-text-editor:not(.elementor-drop-cap-view-default) .elementor-drop-cap{margin-top:8px}.elementor-widget-text-editor:not(.elementor-drop-cap-view-default) .elementor-drop-cap-letter{width:1em;height:1em}.elementor-widget-text-editor .elementor-drop-cap{float:left;text-align:center;line-height:1;font-size:50px}.elementor-widget-text-editor .elementor-drop-cap-letter{display:inline-block}<\/style>\t\t\t\t<p>Registro realizado en el marco de la investigaci\u00f3n para la trilog\u00eda de Urab\u00e1, serie de documentales dirigidos por Marta Rodr\u00edguez y Fernando Restrepo. Esta trilog\u00eda narra las historias de campesinos y campesinas afrocolombianos del departamento del Choc\u00f3, desplazados por el conflicto armado entre el Ej\u00e9rcito Nacional, las guerrillas colombianas y los grupos paramilitares de derecha.<\/p><p>En esta grabaci\u00f3n, Marta Rodr\u00edguez recopila testimonios sobre los maltratos, torturas y asesinatos sufridos por los desplazados, e indaga sobre el desplazamiento forzado, sus or\u00edgenes y experiencias individuales, con un enfoque en la Comunidad de Paz de San Jos\u00e9 de Apartad\u00f3, durante el aniversario de los tres a\u00f1os de su fundaci\u00f3n. La zona estuvo afectada por enfrentamientos entre paramilitares, guerrillas y fuerzas del Estado desde las d\u00e9cadas de 1980 y 1990.<\/p><p>La Comunidad de Paz de San Jos\u00e9 de Apartad\u00f3 se organiz\u00f3 formalmente en 1997 como un movimiento civil neutral, que resiste la violencia y denuncia las violaciones de derechos humanos. Las masacres que afectaron a la poblaci\u00f3n \u2014incluyendo asesinatos en masa y desplazamientos forzados\u2014 ocurrieron antes y durante los primeros a\u00f1os de existencia de la comunidad. Estos hechos, ocurridos en los a\u00f1os 90 y comienzos de los 2000, fueron detonantes para que los habitantes se organizaran bajo este modelo de resistencia no violenta.<\/p><p>La grabaci\u00f3n incluye una entrevista con Luis Eduardo, militante de las Juventudes Comunistas y de la Uni\u00f3n Patri\u00f3tica, quien posteriormente se integr\u00f3 a la Comunidad de Paz. El entrevistado reflexiona sobre la continuidad entre su militancia y su participaci\u00f3n en la comunidad, al considerar que una de las luchas fundamentales sigue siendo el derecho a la vida y la exigencia al Estado de garantizar protecci\u00f3n. Para \u00e9l, la Comunidad de Paz representa una alternativa frente a la violencia omnipresente en la regi\u00f3n, una nueva forma de lucha basada en la resistencia civil.Tambi\u00e9n conversa sobre la violencia hist\u00f3rica en Colombia, la influencia de las organizaciones de izquierda en el Urab\u00e1 y la persecuci\u00f3n pol\u00edtica. Durante la conversaci\u00f3n, se aborda tambi\u00e9n la p\u00e9rdida de valores e ideales en los grupos guerrilleros, tomando como ejemplo el caso del EPL. Marta Rodr\u00edguez se interroga sobre esta degradaci\u00f3n moral y la p\u00e9rdida de convicciones pol\u00edticas en los movimientos armados.<\/p><p>La grabaci\u00f3n contin\u00faa con una entrevista a Mar\u00eda, quien comparte recuerdos de su infancia y de su familia en la \u00e9poca de La Violencia. La mujer considera que el gobierno no es capaz de instaurar la paz en el pa\u00eds y reflexiona sobre los asesinatos de miembros de la Uni\u00f3n Patri\u00f3tica (UP). Luis Edouardo concluye que por medio de las armas no se encontrar\u00e1 una soluci\u00f3n, ya que m\u00e1s de 30 a\u00f1os de lucha armada no han dado resultados positivos.<\/p>\t\t\t\t\t\t<\/div>\n\t\t\t\t<\/div>\n\t\t\t\t<div class=\"elementor-element elementor-element-9724743 exad-sticky-section-no exad-glass-effect-no elementor-widget elementor-widget-html\" data-id=\"9724743\" data-element_type=\"widget\" data-widget_type=\"html.default\">\n\t\t\t\t<div class=\"elementor-widget-container\">\n\t\t\t<iframe src=\"https:\/\/audiomack.com\/\/embed\/cinemestizo\/song\/6977420d433f0\" scrolling=\"no\" width=\"100%\" height=\"252\" frameborder=\"0\" title=\"0703P1 San Jos\u00e9 de Apartad\u00f3\"><\/iframe>\t\t<\/div>\n\t\t\t\t<\/div>\n\t\t\t\t<div class=\"elementor-element elementor-element-b460ad5 exad-sticky-section-no exad-glass-effect-no elementor-widget elementor-widget-text-editor\" data-id=\"b460ad5\" data-element_type=\"widget\" data-widget_type=\"text-editor.default\">\n\t\t\t\t<div class=\"elementor-widget-container\">\n\t\t\t\t\t\t\t<p><strong>C\u00d3DIGO:<\/strong> 0703p1<\/p><p><strong>AUTOR\/DIRECTOR\/PRODUCTOR:<\/strong>\u00a0Fundaci\u00f3n Cine Documental Investigaci\u00f3n Social<\/p><p><strong>IDIOMA: <\/strong>Espa\u00f1ol<\/p><p><strong>PERSONA JUR\u00cdDICA\/NATURAL\/ROL:<\/strong> Marta Rodriguez, Fernando Restrepo<\/p><p><strong>TOPON\u00cdMICOS:<\/strong>\u00a0 Urab\u00e1<\/p><p><strong>TEM\u00c1TICOS:<\/strong> Comunidad de paz de San Jos\u00e9 de Apartad\u00f3, Desplazamiento, Chulabitas, Liberales, La Violencia, Partido Comunista, Union Patriotica, Guerrilas, Plan Colombia, Proceso de paz<\/p><p><strong>CRONOL\u00d3GICOS: <\/strong>2000&#8217;s<\/p><p><strong>UNIDAD DE CONSERVACI\u00d3N:\u00a0<\/strong>Caja<\/p><p><strong>SOPORTE:\u00a0<\/strong>Magn\u00e9tico<\/p><p><strong>FORMATO: <\/strong>Cassette<\/p><p><strong>DURACI\u00d3N:<\/strong> 00:47:00<\/p><p><strong>NOTAS:\u00a0<\/strong>N\/A<\/p>\t\t\t\t\t\t<\/div>\n\t\t\t\t<\/div>\n\t\t\t\t\t<\/div>\n\t\t<\/div>\n\t\t\t\t\t<\/div>\n\t\t<\/section>\n\t\t\t\t<\/div>\n\t\t","protected":false},"excerpt":{"rendered":"<p>Registro realizado en el marco de la investigaci\u00f3n para la trilog\u00eda de Urab\u00e1, serie de documentales dirigidos por Marta Rodr\u00edguez y Fernando Restrepo. Esta trilog\u00eda narra las historias de campesinos y campesinas afrocolombianos del departamento del Choc\u00f3, desplazados por el conflicto armado entre el Ej\u00e9rcito Nacional, las guerrillas colombianas y los grupos paramilitares de derecha. [&hellip;]<\/p>\n","protected":false},"author":1,"featured_media":15375,"comment_status":"open","ping_status":"open","sticky":false,"template":"","format":"standard","meta":{"_acf_changed":false,"footnotes":""},"categories":[26],"tags":[2028,2016,62,2032,1019,2031,2029,2033,225,2030],"class_list":["post-13780","post","type-post","status-publish","format-standard","has-post-thumbnail","hentry","category-audios","tag-chulabitas","tag-comunidad-de-paz-de-san-jose-de-apartado","tag-desplazamiento","tag-guerrilas","tag-la-violencia","tag-liberales","tag-partido-comunista","tag-plan-colombia","tag-proceso-de-paz","tag-union-patriotica-2"],"acf":[],"_links":{"self":[{"href":"https:\/\/martarodriguez.com.co\/index.php\/wp-json\/wp\/v2\/posts\/13780","targetHints":{"allow":["GET"]}}],"collection":[{"href":"https:\/\/martarodriguez.com.co\/index.php\/wp-json\/wp\/v2\/posts"}],"about":[{"href":"https:\/\/martarodriguez.com.co\/index.php\/wp-json\/wp\/v2\/types\/post"}],"author":[{"embeddable":true,"href":"https:\/\/martarodriguez.com.co\/index.php\/wp-json\/wp\/v2\/users\/1"}],"replies":[{"embeddable":true,"href":"https:\/\/martarodriguez.com.co\/index.php\/wp-json\/wp\/v2\/comments?post=13780"}],"version-history":[{"count":7,"href":"https:\/\/martarodriguez.com.co\/index.php\/wp-json\/wp\/v2\/posts\/13780\/revisions"}],"predecessor-version":[{"id":18220,"href":"https:\/\/martarodriguez.com.co\/index.php\/wp-json\/wp\/v2\/posts\/13780\/revisions\/18220"}],"wp:featuredmedia":[{"embeddable":true,"href":"https:\/\/martarodriguez.com.co\/index.php\/wp-json\/wp\/v2\/media\/15375"}],"wp:attachment":[{"href":"https:\/\/martarodriguez.com.co\/index.php\/wp-json\/wp\/v2\/media?parent=13780"}],"wp:term":[{"taxonomy":"category","embeddable":true,"href":"https:\/\/martarodriguez.com.co\/index.php\/wp-json\/wp\/v2\/categories?post=13780"},{"taxonomy":"post_tag","embeddable":true,"href":"https:\/\/martarodriguez.com.co\/index.php\/wp-json\/wp\/v2\/tags?post=13780"}],"curies":[{"name":"wp","href":"https:\/\/api.w.org\/{rel}","templated":true}]}}