{"id":13744,"date":"2025-11-07T12:48:42","date_gmt":"2025-11-07T12:48:42","guid":{"rendered":"https:\/\/martarodriguez.com.co\/?p=13744"},"modified":"2026-02-04T16:14:18","modified_gmt":"2026-02-04T16:14:18","slug":"0699p1","status":"publish","type":"post","link":"https:\/\/martarodriguez.com.co\/index.php\/2025\/11\/07\/0699p1\/","title":{"rendered":"0699p1"},"content":{"rendered":"\t\t<div data-elementor-type=\"wp-post\" data-elementor-id=\"13744\" class=\"elementor elementor-13744\">\n\t\t\t\t\t\t<section class=\"elementor-section elementor-top-section elementor-element elementor-element-31e9a44 elementor-section-boxed elementor-section-height-default elementor-section-height-default exad-glass-effect-no wpr-particle-no wpr-jarallax-no wpr-parallax-no wpr-sticky-section-no exad-sticky-section-no\" data-id=\"31e9a44\" data-element_type=\"section\">\n\t\t\t\t\t\t<div class=\"elementor-container elementor-column-gap-default\">\n\t\t\t\t\t<div class=\"elementor-column elementor-col-100 elementor-top-column elementor-element elementor-element-00c8168 exad-glass-effect-no exad-sticky-section-no\" data-id=\"00c8168\" data-element_type=\"column\">\n\t\t\t<div class=\"elementor-widget-wrap elementor-element-populated\">\n\t\t\t\t\t\t<div class=\"elementor-element elementor-element-0928cc3 exad-sticky-section-no exad-glass-effect-no elementor-widget elementor-widget-text-editor\" data-id=\"0928cc3\" data-element_type=\"widget\" data-widget_type=\"text-editor.default\">\n\t\t\t\t<div class=\"elementor-widget-container\">\n\t\t\t<style>\/*! elementor - v3.21.0 - 15-04-2024 *\/\n.elementor-widget-text-editor.elementor-drop-cap-view-stacked .elementor-drop-cap{background-color:#69727d;color:#fff}.elementor-widget-text-editor.elementor-drop-cap-view-framed .elementor-drop-cap{color:#69727d;border:3px solid;background-color:transparent}.elementor-widget-text-editor:not(.elementor-drop-cap-view-default) .elementor-drop-cap{margin-top:8px}.elementor-widget-text-editor:not(.elementor-drop-cap-view-default) .elementor-drop-cap-letter{width:1em;height:1em}.elementor-widget-text-editor .elementor-drop-cap{float:left;text-align:center;line-height:1;font-size:50px}.elementor-widget-text-editor .elementor-drop-cap-letter{display:inline-block}<\/style>\t\t\t\t<p>Registro en el marco de la investigaci\u00f3n para la trilog\u00eda de Urab\u00e1, documentales dirigidos por Marta Rodr\u00edguez y Fernando Restrepo. Esta trilog\u00eda narra las historias de campesinos y campesinas afrocolombianos del departamento del Choc\u00f3, desplazados por el conflicto armado entre el Ej\u00e9rcito Nacional, las guerrillas colombianas y los grupos paramilitares de derecha. En esta grabaci\u00f3n, Marta Rodr\u00edguez recopila testimonios sobre maltratos, torturas y asesinatos sufridos por los desplazados, e indaga sobre el desplazamiento forzado, sus or\u00edgenes y experiencias individuales, con un enfoque en la Comunidad de Paz de San Jos\u00e9 de Apartad\u00f3, durante el aniversario de los tres a\u00f1os de su fundaci\u00f3n. La zona estuvo afectada por enfrentamientos entre paramilitares, guerrillas y fuerzas del Estado desde los a\u00f1os 80 y 90. La Comunidad de Paz de San Jos\u00e9 de Apartad\u00f3 se organiz\u00f3 formalmente a partir de 1997 como un movimiento civil neutral, resistiendo la violencia y denunciando violaciones de derechos humanos. Las masacres que afectaron a la poblaci\u00f3n, incluyendo asesinatos en masa y desplazamientos de habitantes, ocurrieron antes y durante los primeros a\u00f1os de la Comunidad de Paz; por ejemplo, las masacres de los a\u00f1os 90 y comienzos de los 2000 fueron detonantes para que los habitantes se organizaran bajo este modelo de resistencia no violenta. La grabaci\u00f3n incluye entrevistas con integrantes de la comunidad, reflexiones sobre la neutralidad, la l\u00f3gica de desestabilizar con violencia para impedir la organizaci\u00f3n pac\u00edfica de la comunidad, la exigencia de respeto de la comunidad por todos los actores armados, y la dificultad de los retornos obstaculizados por masacres. Se abordan casos espec\u00edficos como la masacre de Arenas. La conversacion se enfoca en el aprendizaje para sobrevivir en medio de la guerra, la fe y la religi\u00f3n. Tambi\u00e9n se analiza la violencia descontrolada en Urab\u00e1.<\/p>\t\t\t\t\t\t<\/div>\n\t\t\t\t<\/div>\n\t\t\t\t<div class=\"elementor-element elementor-element-9724743 exad-sticky-section-no exad-glass-effect-no elementor-widget elementor-widget-html\" data-id=\"9724743\" data-element_type=\"widget\" data-widget_type=\"html.default\">\n\t\t\t\t<div class=\"elementor-widget-container\">\n\t\t\t<iframe src=\"https:\/\/audiomack.com\/\/embed\/cinemestizo\/song\/6977408cc8444\" scrolling=\"no\" width=\"100%\" height=\"252\" frameborder=\"0\" title=\"0699P1\"><\/iframe>\t\t<\/div>\n\t\t\t\t<\/div>\n\t\t\t\t<div class=\"elementor-element elementor-element-b460ad5 exad-sticky-section-no exad-glass-effect-no elementor-widget elementor-widget-text-editor\" data-id=\"b460ad5\" data-element_type=\"widget\" data-widget_type=\"text-editor.default\">\n\t\t\t\t<div class=\"elementor-widget-container\">\n\t\t\t\t\t\t\t<p><strong>C\u00d3DIGO:<\/strong> 0699p1<\/p>\n<p><strong>AUTOR\/DIRECTOR\/PRODUCTOR:<\/strong>\u00a0Fundaci\u00f3n Cine Documental Investigaci\u00f3n Social<\/p>\n<p><strong>IDIOMA: <\/strong>Espa\u00f1ol<\/p>\n<p><strong>PERSONA JUR\u00cdDICA\/NATURAL\/ROL:<\/strong> Marta Rodriguez, Fernando Restrepo<\/p>\n<p><strong>TOPON\u00cdMICOS:<\/strong>\u00a0 Urab\u00e1<\/p>\n<p><strong>TEM\u00c1TICOS:<\/strong> Comunidad de paz de San Jos\u00e9 de Apartad\u00f3, masacre, Desplazamiento, Religion<\/p>\n<p><strong>CRONOL\u00d3GICOS: <\/strong>2001<\/p>\n<p><strong>UNIDAD DE CONSERVACI\u00d3N:\u00a0<\/strong>Caja<\/p>\n<p><strong>SOPORTE:\u00a0<\/strong>Magn\u00e9tico<\/p>\n<p><strong>FORMATO: <\/strong>Cassette<\/p>\n<p><strong>DURACI\u00d3N:<\/strong> 00:30:00<\/p>\n<p><strong>NOTAS:\u00a0<\/strong>N\/A<\/p>\t\t\t\t\t\t<\/div>\n\t\t\t\t<\/div>\n\t\t\t\t\t<\/div>\n\t\t<\/div>\n\t\t\t\t\t<\/div>\n\t\t<\/section>\n\t\t\t\t<\/div>\n\t\t","protected":false},"excerpt":{"rendered":"<p>Registro en el marco de la investigaci\u00f3n para la trilog\u00eda de Urab\u00e1, documentales dirigidos por Marta Rodr\u00edguez y Fernando Restrepo. Esta trilog\u00eda narra las historias de campesinos y campesinas afrocolombianos del departamento del Choc\u00f3, desplazados por el conflicto armado entre el Ej\u00e9rcito Nacional, las guerrillas colombianas y los grupos paramilitares de derecha. En esta grabaci\u00f3n, [&hellip;]<\/p>\n","protected":false},"author":1,"featured_media":15375,"comment_status":"open","ping_status":"open","sticky":false,"template":"","format":"standard","meta":{"_acf_changed":false,"footnotes":""},"categories":[26],"tags":[2016,62,106,350],"class_list":["post-13744","post","type-post","status-publish","format-standard","has-post-thumbnail","hentry","category-audios","tag-comunidad-de-paz-de-san-jose-de-apartado","tag-desplazamiento","tag-masacre","tag-religion"],"acf":[],"_links":{"self":[{"href":"https:\/\/martarodriguez.com.co\/index.php\/wp-json\/wp\/v2\/posts\/13744","targetHints":{"allow":["GET"]}}],"collection":[{"href":"https:\/\/martarodriguez.com.co\/index.php\/wp-json\/wp\/v2\/posts"}],"about":[{"href":"https:\/\/martarodriguez.com.co\/index.php\/wp-json\/wp\/v2\/types\/post"}],"author":[{"embeddable":true,"href":"https:\/\/martarodriguez.com.co\/index.php\/wp-json\/wp\/v2\/users\/1"}],"replies":[{"embeddable":true,"href":"https:\/\/martarodriguez.com.co\/index.php\/wp-json\/wp\/v2\/comments?post=13744"}],"version-history":[{"count":8,"href":"https:\/\/martarodriguez.com.co\/index.php\/wp-json\/wp\/v2\/posts\/13744\/revisions"}],"predecessor-version":[{"id":18193,"href":"https:\/\/martarodriguez.com.co\/index.php\/wp-json\/wp\/v2\/posts\/13744\/revisions\/18193"}],"wp:featuredmedia":[{"embeddable":true,"href":"https:\/\/martarodriguez.com.co\/index.php\/wp-json\/wp\/v2\/media\/15375"}],"wp:attachment":[{"href":"https:\/\/martarodriguez.com.co\/index.php\/wp-json\/wp\/v2\/media?parent=13744"}],"wp:term":[{"taxonomy":"category","embeddable":true,"href":"https:\/\/martarodriguez.com.co\/index.php\/wp-json\/wp\/v2\/categories?post=13744"},{"taxonomy":"post_tag","embeddable":true,"href":"https:\/\/martarodriguez.com.co\/index.php\/wp-json\/wp\/v2\/tags?post=13744"}],"curies":[{"name":"wp","href":"https:\/\/api.w.org\/{rel}","templated":true}]}}