{"id":13676,"date":"2025-11-07T01:05:42","date_gmt":"2025-11-07T01:05:42","guid":{"rendered":"https:\/\/martarodriguez.com.co\/?p=13676"},"modified":"2026-01-14T17:55:09","modified_gmt":"2026-01-14T17:55:09","slug":"unidad-indigena-no-35-ano-5-mayo-de-1979_buenos-aires-persecucion-en-las-delicias","status":"publish","type":"post","link":"https:\/\/martarodriguez.com.co\/index.php\/2025\/11\/07\/unidad-indigena-no-35-ano-5-mayo-de-1979_buenos-aires-persecucion-en-las-delicias\/","title":{"rendered":"H0252g- UI 35 Buenos aires: persecuci\u00f3n en las Delicias"},"content":{"rendered":"\t\t<div data-elementor-type=\"wp-post\" data-elementor-id=\"13676\" class=\"elementor elementor-13676\">\n\t\t\t\t\t\t<section class=\"elementor-section elementor-top-section elementor-element elementor-element-77752575 elementor-section-boxed elementor-section-height-default elementor-section-height-default exad-glass-effect-no wpr-particle-no wpr-jarallax-no wpr-parallax-no wpr-sticky-section-no exad-sticky-section-no\" data-id=\"77752575\" data-element_type=\"section\">\n\t\t\t\t\t\t<div class=\"elementor-container elementor-column-gap-default\">\n\t\t\t\t\t<div class=\"elementor-column elementor-col-100 elementor-top-column elementor-element elementor-element-6fd6a63d exad-glass-effect-no exad-sticky-section-no\" data-id=\"6fd6a63d\" data-element_type=\"column\">\n\t\t\t<div class=\"elementor-widget-wrap elementor-element-populated\">\n\t\t\t\t\t\t<div class=\"elementor-element elementor-element-1ee9fed exad-sticky-section-no exad-glass-effect-no elementor-widget elementor-widget-image\" data-id=\"1ee9fed\" data-element_type=\"widget\" data-widget_type=\"image.default\">\n\t\t\t\t<div class=\"elementor-widget-container\">\n\t\t\t<style>\/*! elementor - v3.21.0 - 15-04-2024 *\/\n.elementor-widget-image{text-align:center}.elementor-widget-image a{display:inline-block}.elementor-widget-image a img[src$=\".svg\"]{width:48px}.elementor-widget-image img{vertical-align:middle;display:inline-block}<\/style>\t\t\t\t\t\t\t\t\t\t<img fetchpriority=\"high\" decoding=\"async\" width=\"224\" height=\"716\" src=\"https:\/\/martarodriguez.com.co\/wp-content\/uploads\/2025\/11\/Captura-de-Pantalla-2025-11-06-a-las-8.03.23-p.m-1.jpg\" class=\"attachment-2048x2048 size-2048x2048 wp-image-13681\" alt=\"\" srcset=\"https:\/\/martarodriguez.com.co\/wp-content\/uploads\/2025\/11\/Captura-de-Pantalla-2025-11-06-a-las-8.03.23-p.m-1.jpg 224w, https:\/\/martarodriguez.com.co\/wp-content\/uploads\/2025\/11\/Captura-de-Pantalla-2025-11-06-a-las-8.03.23-p.m-1-94x300.jpg 94w\" sizes=\"(max-width: 224px) 100vw, 224px\" \/>\t\t\t\t\t\t\t\t\t\t\t\t\t<\/div>\n\t\t\t\t<\/div>\n\t\t\t\t<div class=\"elementor-element elementor-element-13b99a8 exad-sticky-section-no exad-glass-effect-no elementor-widget elementor-widget-image\" data-id=\"13b99a8\" data-element_type=\"widget\" data-widget_type=\"image.default\">\n\t\t\t\t<div class=\"elementor-widget-container\">\n\t\t\t\t\t\t\t\t\t\t\t\t\t<img decoding=\"async\" width=\"750\" height=\"361\" src=\"https:\/\/martarodriguez.com.co\/wp-content\/uploads\/2025\/11\/Captura-de-Pantalla-2025-11-07-a-las-4.43.36-p.m-1024x493.jpg\" class=\"attachment-large size-large wp-image-13973\" alt=\"\" srcset=\"https:\/\/martarodriguez.com.co\/wp-content\/uploads\/2025\/11\/Captura-de-Pantalla-2025-11-07-a-las-4.43.36-p.m-1024x493.jpg 1024w, https:\/\/martarodriguez.com.co\/wp-content\/uploads\/2025\/11\/Captura-de-Pantalla-2025-11-07-a-las-4.43.36-p.m-300x144.jpg 300w, https:\/\/martarodriguez.com.co\/wp-content\/uploads\/2025\/11\/Captura-de-Pantalla-2025-11-07-a-las-4.43.36-p.m-768x370.jpg 768w, https:\/\/martarodriguez.com.co\/wp-content\/uploads\/2025\/11\/Captura-de-Pantalla-2025-11-07-a-las-4.43.36-p.m-750x361.jpg 750w, https:\/\/martarodriguez.com.co\/wp-content\/uploads\/2025\/11\/Captura-de-Pantalla-2025-11-07-a-las-4.43.36-p.m-600x289.jpg 600w, https:\/\/martarodriguez.com.co\/wp-content\/uploads\/2025\/11\/Captura-de-Pantalla-2025-11-07-a-las-4.43.36-p.m.jpg 1134w\" sizes=\"(max-width: 750px) 100vw, 750px\" \/>\t\t\t\t\t\t\t\t\t\t\t\t\t<\/div>\n\t\t\t\t<\/div>\n\t\t\t\t<div class=\"elementor-element elementor-element-77b5c1c exad-sticky-section-no exad-glass-effect-no elementor-widget elementor-widget-text-editor\" data-id=\"77b5c1c\" data-element_type=\"widget\" data-widget_type=\"text-editor.default\">\n\t\t\t\t<div class=\"elementor-widget-container\">\n\t\t\t<style>\/*! elementor - v3.21.0 - 15-04-2024 *\/\n.elementor-widget-text-editor.elementor-drop-cap-view-stacked .elementor-drop-cap{background-color:#69727d;color:#fff}.elementor-widget-text-editor.elementor-drop-cap-view-framed .elementor-drop-cap{color:#69727d;border:3px solid;background-color:transparent}.elementor-widget-text-editor:not(.elementor-drop-cap-view-default) .elementor-drop-cap{margin-top:8px}.elementor-widget-text-editor:not(.elementor-drop-cap-view-default) .elementor-drop-cap-letter{width:1em;height:1em}.elementor-widget-text-editor .elementor-drop-cap{float:left;text-align:center;line-height:1;font-size:50px}.elementor-widget-text-editor .elementor-drop-cap-letter{display:inline-block}<\/style>\t\t\t\t<p><span data-sheets-root=\"1\">La nota da cuenta de los atropellos que ha estado viviendo la comunidad de Las Delicias, desde detenciones arbitrarias, omisi\u00f3n interesada de las autoridades competentes, afectaci\u00f3n su movilidad y recorridos cotidianos, hasta robos de cosecha e intento de asesinato del gobernador ind\u00edgena. Finaliza denunciando estos hechos y llamando a la solidaridad a todas la comunidades ind\u00edgenas para ayudar a que se acabe dicho clima de terror. <\/span><\/p>\t\t\t\t\t\t<\/div>\n\t\t\t\t<\/div>\n\t\t\t\t<div class=\"elementor-element elementor-element-496b670 exad-sticky-section-no exad-glass-effect-no elementor-widget elementor-widget-text-editor\" data-id=\"496b670\" data-element_type=\"widget\" data-widget_type=\"text-editor.default\">\n\t\t\t\t<div class=\"elementor-widget-container\">\n\t\t\t\t\t\t\t<p><strong>C\u00d3DIGO<\/strong>: H0252g<\/p>\n<p><strong>IDIOMA:<\/strong> Castellano<\/p>\n<p><strong style=\"color: var( --e-global-color-text ); font-family: var( --e-global-typography-text-font-family ), Sans-serif;\">PERSONA JUR\u00cdDICA\/NATURAL\/ROL:<\/strong> <span data-sheets-root=\"1\">Venancia Guetio, <\/span><\/p>\n<p><strong>TOPON\u00cdMICOS:<\/strong> <span data-sheets-root=\"1\">Las Delicias, Alto de la Chapa, Buenos Aires, Santander, Mondomo, <\/span><\/p>\n<p><strong style=\"color: var( --e-global-color-text ); font-family: var( --e-global-typography-text-font-family ), Sans-serif;\">TEM\u00c1TICOS:<\/strong><span style=\"color: var( --e-global-color-text ); font-family: var( --e-global-typography-text-font-family ), Sans-serif; font-weight: var( --e-global-typography-text-font-weight );\"> <span data-sheets-root=\"1\">Persecuci\u00f3n, Acoso, Hostigamiento, Montajes Judiciales, Detenciones Arbitrarias<\/span><\/span><\/p>\n<p><!-- \/wp:paragraph --><!-- wp:paragraph --><\/p>\n<p><strong>CRONOL\u00d3GICOS:<\/strong> <span data-sheets-root=\"1\">1979<\/span><\/p>\n<p><!-- \/wp:paragraph --><!-- wp:paragraph --><\/p>\n<p><!-- \/wp:paragraph --><!-- wp:paragraph --><\/p>\n<p><!-- \/wp:paragraph --><\/p>\t\t\t\t\t\t<\/div>\n\t\t\t\t<\/div>\n\t\t\t\t\t<\/div>\n\t\t<\/div>\n\t\t\t\t\t<\/div>\n\t\t<\/section>\n\t\t\t\t<\/div>\n\t\t","protected":false},"excerpt":{"rendered":"<p>La nota da cuenta de los atropellos que ha estado viviendo la comunidad de Las Delicias, desde detenciones arbitrarias, omisi\u00f3n interesada de las autoridades competentes, afectaci\u00f3n su movilidad y recorridos cotidianos, hasta robos de cosecha e intento de asesinato del gobernador ind\u00edgena. Finaliza denunciando estos hechos y llamando a la solidaridad a todas la comunidades [&hellip;]<\/p>\n","protected":false},"author":1,"featured_media":13679,"comment_status":"closed","ping_status":"open","sticky":false,"template":"","format":"standard","meta":{"_acf_changed":false,"footnotes":""},"categories":[28],"tags":[863,2012,1718,2010,2008,2011,2013,2009,1458,1594,2014],"class_list":["post-13676","post","type-post","status-publish","format-standard","has-post-thumbnail","hentry","category-hemeroteca","tag-acoso","tag-alto-de-la-chapa","tag-buenos-aires","tag-detenciones-arbitrarias","tag-hostigamiento","tag-las-delicias","tag-mondomo","tag-montajes-judiciales","tag-persecucion","tag-santander","tag-venancia-guetio"],"acf":[],"_links":{"self":[{"href":"https:\/\/martarodriguez.com.co\/index.php\/wp-json\/wp\/v2\/posts\/13676","targetHints":{"allow":["GET"]}}],"collection":[{"href":"https:\/\/martarodriguez.com.co\/index.php\/wp-json\/wp\/v2\/posts"}],"about":[{"href":"https:\/\/martarodriguez.com.co\/index.php\/wp-json\/wp\/v2\/types\/post"}],"author":[{"embeddable":true,"href":"https:\/\/martarodriguez.com.co\/index.php\/wp-json\/wp\/v2\/users\/1"}],"replies":[{"embeddable":true,"href":"https:\/\/martarodriguez.com.co\/index.php\/wp-json\/wp\/v2\/comments?post=13676"}],"version-history":[{"count":18,"href":"https:\/\/martarodriguez.com.co\/index.php\/wp-json\/wp\/v2\/posts\/13676\/revisions"}],"predecessor-version":[{"id":18128,"href":"https:\/\/martarodriguez.com.co\/index.php\/wp-json\/wp\/v2\/posts\/13676\/revisions\/18128"}],"wp:featuredmedia":[{"embeddable":true,"href":"https:\/\/martarodriguez.com.co\/index.php\/wp-json\/wp\/v2\/media\/13679"}],"wp:attachment":[{"href":"https:\/\/martarodriguez.com.co\/index.php\/wp-json\/wp\/v2\/media?parent=13676"}],"wp:term":[{"taxonomy":"category","embeddable":true,"href":"https:\/\/martarodriguez.com.co\/index.php\/wp-json\/wp\/v2\/categories?post=13676"},{"taxonomy":"post_tag","embeddable":true,"href":"https:\/\/martarodriguez.com.co\/index.php\/wp-json\/wp\/v2\/tags?post=13676"}],"curies":[{"name":"wp","href":"https:\/\/api.w.org\/{rel}","templated":true}]}}