{"id":13669,"date":"2025-11-07T00:57:39","date_gmt":"2025-11-07T00:57:39","guid":{"rendered":"https:\/\/martarodriguez.com.co\/?p=13669"},"modified":"2026-01-09T23:00:58","modified_gmt":"2026-01-09T23:00:58","slug":"unidad-indigena-no-35-ano-5-mayo-de-1979_las-leyes-indigenas-para-quien","status":"publish","type":"post","link":"https:\/\/martarodriguez.com.co\/index.php\/2025\/11\/07\/unidad-indigena-no-35-ano-5-mayo-de-1979_las-leyes-indigenas-para-quien\/","title":{"rendered":"H0252f- UI 35 \u00bfLas leyes ind\u00edgenas para qui\u00e9n?"},"content":{"rendered":"\t\t<div data-elementor-type=\"wp-post\" data-elementor-id=\"13669\" class=\"elementor elementor-13669\">\n\t\t\t\t\t\t<section class=\"elementor-section elementor-top-section elementor-element elementor-element-77752575 elementor-section-boxed elementor-section-height-default elementor-section-height-default exad-glass-effect-no wpr-particle-no wpr-jarallax-no wpr-parallax-no wpr-sticky-section-no exad-sticky-section-no\" data-id=\"77752575\" data-element_type=\"section\">\n\t\t\t\t\t\t<div class=\"elementor-container elementor-column-gap-default\">\n\t\t\t\t\t<div class=\"elementor-column elementor-col-100 elementor-top-column elementor-element elementor-element-6fd6a63d exad-glass-effect-no exad-sticky-section-no\" data-id=\"6fd6a63d\" data-element_type=\"column\">\n\t\t\t<div class=\"elementor-widget-wrap elementor-element-populated\">\n\t\t\t\t\t\t<div class=\"elementor-element elementor-element-1ee9fed exad-sticky-section-no exad-glass-effect-no elementor-widget elementor-widget-image\" data-id=\"1ee9fed\" data-element_type=\"widget\" data-widget_type=\"image.default\">\n\t\t\t\t<div class=\"elementor-widget-container\">\n\t\t\t<style>\/*! elementor - v3.21.0 - 15-04-2024 *\/\n.elementor-widget-image{text-align:center}.elementor-widget-image a{display:inline-block}.elementor-widget-image a img[src$=\".svg\"]{width:48px}.elementor-widget-image img{vertical-align:middle;display:inline-block}<\/style>\t\t\t\t\t\t\t\t\t\t<img fetchpriority=\"high\" decoding=\"async\" width=\"963\" height=\"1280\" src=\"https:\/\/martarodriguez.com.co\/wp-content\/uploads\/2025\/11\/8-UI-35.jpg\" class=\"attachment-2048x2048 size-2048x2048 wp-image-13672\" alt=\"\" srcset=\"https:\/\/martarodriguez.com.co\/wp-content\/uploads\/2025\/11\/8-UI-35.jpg 963w, https:\/\/martarodriguez.com.co\/wp-content\/uploads\/2025\/11\/8-UI-35-226x300.jpg 226w, https:\/\/martarodriguez.com.co\/wp-content\/uploads\/2025\/11\/8-UI-35-770x1024.jpg 770w, https:\/\/martarodriguez.com.co\/wp-content\/uploads\/2025\/11\/8-UI-35-768x1021.jpg 768w, https:\/\/martarodriguez.com.co\/wp-content\/uploads\/2025\/11\/8-UI-35-750x997.jpg 750w, https:\/\/martarodriguez.com.co\/wp-content\/uploads\/2025\/11\/8-UI-35-600x798.jpg 600w\" sizes=\"(max-width: 963px) 100vw, 963px\" \/>\t\t\t\t\t\t\t\t\t\t\t\t\t<\/div>\n\t\t\t\t<\/div>\n\t\t\t\t<div class=\"elementor-element elementor-element-77b5c1c exad-sticky-section-no exad-glass-effect-no elementor-widget elementor-widget-text-editor\" data-id=\"77b5c1c\" data-element_type=\"widget\" data-widget_type=\"text-editor.default\">\n\t\t\t\t<div class=\"elementor-widget-container\">\n\t\t\t<style>\/*! elementor - v3.21.0 - 15-04-2024 *\/\n.elementor-widget-text-editor.elementor-drop-cap-view-stacked .elementor-drop-cap{background-color:#69727d;color:#fff}.elementor-widget-text-editor.elementor-drop-cap-view-framed .elementor-drop-cap{color:#69727d;border:3px solid;background-color:transparent}.elementor-widget-text-editor:not(.elementor-drop-cap-view-default) .elementor-drop-cap{margin-top:8px}.elementor-widget-text-editor:not(.elementor-drop-cap-view-default) .elementor-drop-cap-letter{width:1em;height:1em}.elementor-widget-text-editor .elementor-drop-cap{float:left;text-align:center;line-height:1;font-size:50px}.elementor-widget-text-editor .elementor-drop-cap-letter{display:inline-block}<\/style>\t\t\t\t<p><span data-sheets-root=\"1\">El art\u00edculo comenta cr\u00edticamente la legislaci\u00f3n que afecta a las comunidades ind\u00edgenas en lo que se refiere a la educaci\u00f3n propia, tarea que ha estado hist\u00f3ricamente relegada a las misiones cat\u00f3licas. Con el reciente decreto, en teor\u00eda se busca reconocer la singularidad de cada grupo y legitimar sus intereses particulares. Sin embargo, antes de invitar a las autoridades ind\u00edgenas a participar, la burocracia encarg\u00f3 una investigaci\u00f3n a dos antrop\u00f3logos -uno cura y el otro ex- para demostrar y apoyar la continuaci\u00f3n de la tutela misional. Una demostraci\u00f3n m\u00e1s del sabotaje de la autonom\u00eda ind\u00edgena, mientras la hipocres\u00eda desfila en los discursos de avanzada de los funcionarios relacionados con &#8220;asuntos ind\u00edgenas&#8221;, quienes conciben la autonom\u00eda como sumisi\u00f3n ilimitada, aceptaci\u00f3n incondicional de programas para el desarrollo, manipulaci\u00f3n pol\u00edtica en \u00e9pocas preelectorales. Mientras tanto en el territorio es palpable el avance de la colonizaci\u00f3n orientada por el Estado de campesinos desplazados que se ven obligados a competir con las comunidades, preparando el terreno para los conglomerados nacionales y las empresas multinacionales, quienes son los reales beneficiarias de los recursos naturales y humanos del pa\u00eds. <\/span><\/p>\t\t\t\t\t\t<\/div>\n\t\t\t\t<\/div>\n\t\t\t\t<div class=\"elementor-element elementor-element-496b670 exad-sticky-section-no exad-glass-effect-no elementor-widget elementor-widget-text-editor\" data-id=\"496b670\" data-element_type=\"widget\" data-widget_type=\"text-editor.default\">\n\t\t\t\t<div class=\"elementor-widget-container\">\n\t\t\t\t\t\t\t<p><strong>C\u00d3DIGO<\/strong>: H0252d<\/p>\n<p><strong>IDIOMA:<\/strong> Castellano<\/p>\n<p><strong style=\"color: var( --e-global-color-text ); font-family: var( --e-global-typography-text-font-family ), Sans-serif;\">PERSONA JUR\u00cdDICA\/NATURAL\/ROL:<\/strong> <span data-sheets-root=\"1\">Gustavo Mej\u00eda, Alfonso L\u00f3pez Michelsen, V\u00edctor Mosquera Chaux, Padre Pedro Le\u00f3n Rodr\u00edguez, Manuel Quint\u00edn Lame, <\/span><\/p>\n<p><strong>TOPON\u00cdMICOS:<\/strong> <span data-sheets-root=\"1\">Colombia, Cauca, Corinto, Barrio La Colombiana, Torib\u00edo, Tacuey\u00f3, San Francisco, Jambal\u00f3, Silvia, <\/span><\/p>\n<p><strong style=\"color: var( --e-global-color-text ); font-family: var( --e-global-typography-text-font-family ), Sans-serif;\">TEM\u00c1TICOS:<\/strong><span style=\"color: var( --e-global-color-text ); font-family: var( --e-global-typography-text-font-family ), Sans-serif; font-weight: var( --e-global-typography-text-font-weight );\"> <span data-sheets-root=\"1\">CRIC, MRL, Recuperaci\u00f3n de Tierras, ANUC, Conmemoraci\u00f3n, <\/span><\/span><\/p>\n<p><!-- \/wp:paragraph --><!-- wp:paragraph --><\/p>\n<p><strong>CRONOL\u00d3GICOS:<\/strong> <span data-sheets-root=\"1\">1979<\/span><\/p>\n<p><!-- \/wp:paragraph --><!-- wp:paragraph --><\/p>\n<p><!-- \/wp:paragraph --><!-- wp:paragraph --><\/p>\n<p><!-- \/wp:paragraph --><\/p>\t\t\t\t\t\t<\/div>\n\t\t\t\t<\/div>\n\t\t\t\t\t<\/div>\n\t\t<\/div>\n\t\t\t\t\t<\/div>\n\t\t<\/section>\n\t\t\t\t<\/div>\n\t\t","protected":false},"excerpt":{"rendered":"<p>El art\u00edculo comenta cr\u00edticamente la legislaci\u00f3n que afecta a las comunidades ind\u00edgenas en lo que se refiere a la educaci\u00f3n propia, tarea que ha estado hist\u00f3ricamente relegada a las misiones cat\u00f3licas. Con el reciente decreto, en teor\u00eda se busca reconocer la singularidad de cada grupo y legitimar sus intereses particulares. Sin embargo, antes de invitar [&hellip;]<\/p>\n","protected":false},"author":1,"featured_media":13671,"comment_status":"closed","ping_status":"open","sticky":false,"template":"","format":"standard","meta":{"_acf_changed":false,"footnotes":""},"categories":[28],"tags":[431,1085,2007,1999,2001,2004,1727,1998,2003,2006,1871,2002,1529,2005,2000],"class_list":["post-13669","post","type-post","status-publish","format-standard","has-post-thumbnail","hentry","category-hemeroteca","tag-alfonso-lopez-michelsen","tag-autonomia","tag-concordato","tag-congreso-de-la-republica","tag-departmento-administrativo-de-accion-comunal","tag-educacion-propia","tag-estatuto-de-seguridad","tag-estatuto-del-indigena","tag-frontera-agricola","tag-jacqueline-costa","tag-legislacion","tag-mingobierno","tag-misioneros","tag-mitu","tag-prefectura-apostolica"],"acf":[],"_links":{"self":[{"href":"https:\/\/martarodriguez.com.co\/index.php\/wp-json\/wp\/v2\/posts\/13669","targetHints":{"allow":["GET"]}}],"collection":[{"href":"https:\/\/martarodriguez.com.co\/index.php\/wp-json\/wp\/v2\/posts"}],"about":[{"href":"https:\/\/martarodriguez.com.co\/index.php\/wp-json\/wp\/v2\/types\/post"}],"author":[{"embeddable":true,"href":"https:\/\/martarodriguez.com.co\/index.php\/wp-json\/wp\/v2\/users\/1"}],"replies":[{"embeddable":true,"href":"https:\/\/martarodriguez.com.co\/index.php\/wp-json\/wp\/v2\/comments?post=13669"}],"version-history":[{"count":9,"href":"https:\/\/martarodriguez.com.co\/index.php\/wp-json\/wp\/v2\/posts\/13669\/revisions"}],"predecessor-version":[{"id":18115,"href":"https:\/\/martarodriguez.com.co\/index.php\/wp-json\/wp\/v2\/posts\/13669\/revisions\/18115"}],"wp:featuredmedia":[{"embeddable":true,"href":"https:\/\/martarodriguez.com.co\/index.php\/wp-json\/wp\/v2\/media\/13671"}],"wp:attachment":[{"href":"https:\/\/martarodriguez.com.co\/index.php\/wp-json\/wp\/v2\/media?parent=13669"}],"wp:term":[{"taxonomy":"category","embeddable":true,"href":"https:\/\/martarodriguez.com.co\/index.php\/wp-json\/wp\/v2\/categories?post=13669"},{"taxonomy":"post_tag","embeddable":true,"href":"https:\/\/martarodriguez.com.co\/index.php\/wp-json\/wp\/v2\/tags?post=13669"}],"curies":[{"name":"wp","href":"https:\/\/api.w.org\/{rel}","templated":true}]}}