{"id":13649,"date":"2025-11-07T00:40:41","date_gmt":"2025-11-07T00:40:41","guid":{"rendered":"https:\/\/martarodriguez.com.co\/?p=13649"},"modified":"2026-01-09T22:55:22","modified_gmt":"2026-01-09T22:55:22","slug":"unidad-indigena-no-35-ano-5-mayo-de-1979_conclusiones-sobre-la-militarizacion-en-zonas-agrarias-y-situacion-de-los-indigenas","status":"publish","type":"post","link":"https:\/\/martarodriguez.com.co\/index.php\/2025\/11\/07\/unidad-indigena-no-35-ano-5-mayo-de-1979_conclusiones-sobre-la-militarizacion-en-zonas-agrarias-y-situacion-de-los-indigenas\/","title":{"rendered":"H0252c- UI 35 Conclusiones sobre la militarizaci\u00f3n"},"content":{"rendered":"\t\t<div data-elementor-type=\"wp-post\" data-elementor-id=\"13649\" class=\"elementor elementor-13649\">\n\t\t\t\t\t\t<section class=\"elementor-section elementor-top-section elementor-element elementor-element-77752575 elementor-section-boxed elementor-section-height-default elementor-section-height-default exad-glass-effect-no wpr-particle-no wpr-jarallax-no wpr-parallax-no wpr-sticky-section-no exad-sticky-section-no\" data-id=\"77752575\" data-element_type=\"section\">\n\t\t\t\t\t\t<div class=\"elementor-container elementor-column-gap-default\">\n\t\t\t\t\t<div class=\"elementor-column elementor-col-100 elementor-top-column elementor-element elementor-element-6fd6a63d exad-glass-effect-no exad-sticky-section-no\" data-id=\"6fd6a63d\" data-element_type=\"column\">\n\t\t\t<div class=\"elementor-widget-wrap elementor-element-populated\">\n\t\t\t\t\t\t<div class=\"elementor-element elementor-element-1ee9fed exad-sticky-section-no exad-glass-effect-no elementor-widget elementor-widget-image\" data-id=\"1ee9fed\" data-element_type=\"widget\" data-widget_type=\"image.default\">\n\t\t\t\t<div class=\"elementor-widget-container\">\n\t\t\t<style>\/*! elementor - v3.21.0 - 15-04-2024 *\/\n.elementor-widget-image{text-align:center}.elementor-widget-image a{display:inline-block}.elementor-widget-image a img[src$=\".svg\"]{width:48px}.elementor-widget-image img{vertical-align:middle;display:inline-block}<\/style>\t\t\t\t\t\t\t\t\t\t<img fetchpriority=\"high\" decoding=\"async\" width=\"968\" height=\"1280\" src=\"https:\/\/martarodriguez.com.co\/wp-content\/uploads\/2025\/11\/4-UI-35.jpg\" class=\"attachment-2048x2048 size-2048x2048 wp-image-13653\" alt=\"\" srcset=\"https:\/\/martarodriguez.com.co\/wp-content\/uploads\/2025\/11\/4-UI-35.jpg 968w, https:\/\/martarodriguez.com.co\/wp-content\/uploads\/2025\/11\/4-UI-35-227x300.jpg 227w, https:\/\/martarodriguez.com.co\/wp-content\/uploads\/2025\/11\/4-UI-35-774x1024.jpg 774w, https:\/\/martarodriguez.com.co\/wp-content\/uploads\/2025\/11\/4-UI-35-768x1016.jpg 768w, https:\/\/martarodriguez.com.co\/wp-content\/uploads\/2025\/11\/4-UI-35-750x992.jpg 750w, https:\/\/martarodriguez.com.co\/wp-content\/uploads\/2025\/11\/4-UI-35-600x793.jpg 600w\" sizes=\"(max-width: 968px) 100vw, 968px\" \/>\t\t\t\t\t\t\t\t\t\t\t\t\t<\/div>\n\t\t\t\t<\/div>\n\t\t\t\t<div class=\"elementor-element elementor-element-3aa6ee9 exad-sticky-section-no exad-glass-effect-no elementor-widget elementor-widget-image\" data-id=\"3aa6ee9\" data-element_type=\"widget\" data-widget_type=\"image.default\">\n\t\t\t\t<div class=\"elementor-widget-container\">\n\t\t\t\t\t\t\t\t\t\t\t\t\t<img decoding=\"async\" width=\"501\" height=\"793\" src=\"https:\/\/martarodriguez.com.co\/wp-content\/uploads\/2025\/11\/Captura-de-Pantalla-2025-11-07-a-las-5.59.24-p.m.jpg\" class=\"attachment-large size-large wp-image-14133\" alt=\"\" srcset=\"https:\/\/martarodriguez.com.co\/wp-content\/uploads\/2025\/11\/Captura-de-Pantalla-2025-11-07-a-las-5.59.24-p.m.jpg 501w, https:\/\/martarodriguez.com.co\/wp-content\/uploads\/2025\/11\/Captura-de-Pantalla-2025-11-07-a-las-5.59.24-p.m-190x300.jpg 190w\" sizes=\"(max-width: 501px) 100vw, 501px\" \/>\t\t\t\t\t\t\t\t\t\t\t\t\t<\/div>\n\t\t\t\t<\/div>\n\t\t\t\t<div class=\"elementor-element elementor-element-77b5c1c exad-sticky-section-no exad-glass-effect-no elementor-widget elementor-widget-text-editor\" data-id=\"77b5c1c\" data-element_type=\"widget\" data-widget_type=\"text-editor.default\">\n\t\t\t\t<div class=\"elementor-widget-container\">\n\t\t\t<style>\/*! elementor - v3.21.0 - 15-04-2024 *\/\n.elementor-widget-text-editor.elementor-drop-cap-view-stacked .elementor-drop-cap{background-color:#69727d;color:#fff}.elementor-widget-text-editor.elementor-drop-cap-view-framed .elementor-drop-cap{color:#69727d;border:3px solid;background-color:transparent}.elementor-widget-text-editor:not(.elementor-drop-cap-view-default) .elementor-drop-cap{margin-top:8px}.elementor-widget-text-editor:not(.elementor-drop-cap-view-default) .elementor-drop-cap-letter{width:1em;height:1em}.elementor-widget-text-editor .elementor-drop-cap{float:left;text-align:center;line-height:1;font-size:50px}.elementor-widget-text-editor .elementor-drop-cap-letter{display:inline-block}<\/style>\t\t\t\t<p><span data-sheets-root=\"1\">El art\u00edculo recoge las 9 conclusiones del documento sobre Militarizaci\u00f3n de zonas agrarias y situaci\u00f3n de los ind\u00edgenas, (1 &#8211; anexar el el informe del CONA, 2 &#8211; Acoger la declaraci\u00f3n del Presidente del CRIC Marco Avirama, 3- Acusar de falsedad que la totalidad de los compa\u00f1eros v\u00edctimas pertenecen a organizaciones guerrilleras, 4- Exigencia de desmilitarizaci\u00f3n de las zonas rurales, 5- Exigencia de eliminar el Instituto Ling\u00fc\u00edstico de Verano, 6- Exigencia de la derogatoria del Estatuto de Seguridad, 7- Restituci\u00f3n y respeto a los resguardo ind\u00edgenas y sus autoridades, 8- Rechazo a los intentos de derogar la Ley 89 de 1890, al igual que condenar el proyecto de ley para crear un Estatuto de Defensa Ind\u00edgena, 9- Condenar el genocidio perpetrado por el ej\u00e9rcito colombiano contra la infancia).\u00a0<\/span><\/p>\n<p><span data-sheets-root=\"1\">Al final se exponen 4 recomendaciones\u00a0<\/span><span data-sheets-root=\"1\">(1- Dar continuidad al Foro Nacional, por medio del funcionamiento del Comit\u00e9 Nacional Coordinador, el Comit\u00e9 de Juristas y el Comit\u00e9 Especial, 2- Fortalecer los Comit\u00e9s Regionales, Municipales y Veredales,\u00a0<\/span>3- Utilizar el 1\u00b0 de Mayo como plataforma de uni\u00f3n contra el Estatuto de Seguridad, 4- Publicar un libro que denuncie y deje constancia de la violencia del sistema, y que ayude a reunir fondos para las pr\u00f3xima campa\u00f1as).<\/p>\t\t\t\t\t\t<\/div>\n\t\t\t\t<\/div>\n\t\t\t\t<div class=\"elementor-element elementor-element-496b670 exad-sticky-section-no exad-glass-effect-no elementor-widget elementor-widget-text-editor\" data-id=\"496b670\" data-element_type=\"widget\" data-widget_type=\"text-editor.default\">\n\t\t\t\t<div class=\"elementor-widget-container\">\n\t\t\t\t\t\t\t<p><strong>C\u00d3DIGO<\/strong>: H0252c<\/p>\n<p><strong>IDIOMA:<\/strong> Castellano<\/p>\n<p><strong style=\"color: var( --e-global-color-text ); font-family: var( --e-global-typography-text-font-family ), Sans-serif;\">PERSONA JUR\u00cdDICA\/NATURAL\/ROL:<\/strong> <span data-sheets-root=\"1\">Marco An\u00edbal Avirama, <\/span><\/p>\n<p><strong>TOPON\u00cdMICOS:<\/strong> <span data-sheets-root=\"1\">Caquet\u00e1, Meta, Boyac\u00e1, Guajira, Atl\u00e1ntico, Caldas, Cundinamarca, Tolima, Huila, Santander del Sur, Antioquia, Cauca, Colombia, <\/span><\/p>\n<p><strong style=\"color: var( --e-global-color-text ); font-family: var( --e-global-typography-text-font-family ), Sans-serif;\">TEM\u00c1TICOS:<\/strong><span style=\"color: var( --e-global-color-text ); font-family: var( --e-global-typography-text-font-family ), Sans-serif; font-weight: var( --e-global-typography-text-font-weight );\"> <span data-sheets-root=\"1\">Foro Nacional por los Derecho Humanos, Militarizaci\u00f3n, Consejo Regional Agrario, CRIC, Presos Pol\u00edticos, Min Defensa, Torturas, Terratenientes, Brigadas C\u00edvico Militares, Fuerzas Militares, Genocidio, <\/span><\/span><\/p>\n<p><!-- \/wp:paragraph --><!-- wp:paragraph --><\/p>\n<p><strong>CRONOL\u00d3GICOS:<\/strong> <span data-sheets-root=\"1\">1979<\/span><\/p>\n<p><!-- \/wp:paragraph --><!-- wp:paragraph --><\/p>\n<p><!-- \/wp:paragraph --><!-- wp:paragraph --><\/p>\n<p><!-- \/wp:paragraph --><\/p>\t\t\t\t\t\t<\/div>\n\t\t\t\t<\/div>\n\t\t\t\t\t<\/div>\n\t\t<\/div>\n\t\t\t\t\t<\/div>\n\t\t<\/section>\n\t\t\t\t<\/div>\n\t\t","protected":false},"excerpt":{"rendered":"<p>El art\u00edculo recoge las 9 conclusiones del documento sobre Militarizaci\u00f3n de zonas agrarias y situaci\u00f3n de los ind\u00edgenas, (1 &#8211; anexar el el informe del CONA, 2 &#8211; Acoger la declaraci\u00f3n del Presidente del CRIC Marco Avirama, 3- Acusar de falsedad que la totalidad de los compa\u00f1eros v\u00edctimas pertenecen a organizaciones guerrilleras, 4- Exigencia de [&hellip;]<\/p>\n","protected":false},"author":1,"featured_media":13651,"comment_status":"closed","ping_status":"open","sticky":false,"template":"","format":"standard","meta":{"_acf_changed":false,"footnotes":""},"categories":[28],"tags":[1035,1995,631,1993,1888,539,800,513,1991,108,1543,1990,1942,1773,1994,542,792,1857,170,1992,740,1996,1422,470,1789],"class_list":["post-13649","post","type-post","status-publish","format-standard","has-post-thumbnail","hentry","category-hemeroteca","tag-antioquia","tag-atlantico","tag-boyaca","tag-brigadas-civico-militares","tag-caldas","tag-caqueta","tag-cauca","tag-colombia","tag-consejo-regional-agrario","tag-cric","tag-cundinamarca","tag-foro-nacional-por-los-derecho-humanos","tag-fuerzas-militares","tag-genocidio","tag-guajira","tag-huila","tag-marco-anibal-avirama","tag-meta","tag-militarizacion","tag-min-defensa","tag-presos-politicos","tag-santander-del-sur","tag-terratenientes","tag-tolima","tag-torturas"],"acf":[],"_links":{"self":[{"href":"https:\/\/martarodriguez.com.co\/index.php\/wp-json\/wp\/v2\/posts\/13649","targetHints":{"allow":["GET"]}}],"collection":[{"href":"https:\/\/martarodriguez.com.co\/index.php\/wp-json\/wp\/v2\/posts"}],"about":[{"href":"https:\/\/martarodriguez.com.co\/index.php\/wp-json\/wp\/v2\/types\/post"}],"author":[{"embeddable":true,"href":"https:\/\/martarodriguez.com.co\/index.php\/wp-json\/wp\/v2\/users\/1"}],"replies":[{"embeddable":true,"href":"https:\/\/martarodriguez.com.co\/index.php\/wp-json\/wp\/v2\/comments?post=13649"}],"version-history":[{"count":14,"href":"https:\/\/martarodriguez.com.co\/index.php\/wp-json\/wp\/v2\/posts\/13649\/revisions"}],"predecessor-version":[{"id":18107,"href":"https:\/\/martarodriguez.com.co\/index.php\/wp-json\/wp\/v2\/posts\/13649\/revisions\/18107"}],"wp:featuredmedia":[{"embeddable":true,"href":"https:\/\/martarodriguez.com.co\/index.php\/wp-json\/wp\/v2\/media\/13651"}],"wp:attachment":[{"href":"https:\/\/martarodriguez.com.co\/index.php\/wp-json\/wp\/v2\/media?parent=13649"}],"wp:term":[{"taxonomy":"category","embeddable":true,"href":"https:\/\/martarodriguez.com.co\/index.php\/wp-json\/wp\/v2\/categories?post=13649"},{"taxonomy":"post_tag","embeddable":true,"href":"https:\/\/martarodriguez.com.co\/index.php\/wp-json\/wp\/v2\/tags?post=13649"}],"curies":[{"name":"wp","href":"https:\/\/api.w.org\/{rel}","templated":true}]}}