{"id":13629,"date":"2025-11-07T00:25:05","date_gmt":"2025-11-07T00:25:05","guid":{"rendered":"https:\/\/martarodriguez.com.co\/?p=13629"},"modified":"2026-01-09T22:51:12","modified_gmt":"2026-01-09T22:51:12","slug":"unidad-indigena-no-35-ano-5-mayo-de-1979_se-recuperan-las-fuerzas-populares","status":"publish","type":"post","link":"https:\/\/martarodriguez.com.co\/index.php\/2025\/11\/07\/unidad-indigena-no-35-ano-5-mayo-de-1979_se-recuperan-las-fuerzas-populares\/","title":{"rendered":"H0252a- UI 35 Se recuperan las Fuerzas Populares"},"content":{"rendered":"\t\t<div data-elementor-type=\"wp-post\" data-elementor-id=\"13629\" class=\"elementor elementor-13629\">\n\t\t\t\t\t\t<section class=\"elementor-section elementor-top-section elementor-element elementor-element-77752575 elementor-section-boxed elementor-section-height-default elementor-section-height-default exad-glass-effect-no wpr-particle-no wpr-jarallax-no wpr-parallax-no wpr-sticky-section-no exad-sticky-section-no\" data-id=\"77752575\" data-element_type=\"section\">\n\t\t\t\t\t\t<div class=\"elementor-container elementor-column-gap-default\">\n\t\t\t\t\t<div class=\"elementor-column elementor-col-100 elementor-top-column elementor-element elementor-element-6fd6a63d exad-glass-effect-no exad-sticky-section-no\" data-id=\"6fd6a63d\" data-element_type=\"column\">\n\t\t\t<div class=\"elementor-widget-wrap elementor-element-populated\">\n\t\t\t\t\t\t<div class=\"elementor-element elementor-element-1ee9fed exad-sticky-section-no exad-glass-effect-no elementor-widget elementor-widget-image\" data-id=\"1ee9fed\" data-element_type=\"widget\" data-widget_type=\"image.default\">\n\t\t\t\t<div class=\"elementor-widget-container\">\n\t\t\t<style>\/*! elementor - v3.21.0 - 15-04-2024 *\/\n.elementor-widget-image{text-align:center}.elementor-widget-image a{display:inline-block}.elementor-widget-image a img[src$=\".svg\"]{width:48px}.elementor-widget-image img{vertical-align:middle;display:inline-block}<\/style>\t\t\t\t\t\t\t\t\t\t<img fetchpriority=\"high\" decoding=\"async\" width=\"973\" height=\"1280\" src=\"https:\/\/martarodriguez.com.co\/wp-content\/uploads\/2025\/11\/2-UI-35.jpg\" class=\"attachment-2048x2048 size-2048x2048 wp-image-13634\" alt=\"\" srcset=\"https:\/\/martarodriguez.com.co\/wp-content\/uploads\/2025\/11\/2-UI-35.jpg 973w, https:\/\/martarodriguez.com.co\/wp-content\/uploads\/2025\/11\/2-UI-35-228x300.jpg 228w, https:\/\/martarodriguez.com.co\/wp-content\/uploads\/2025\/11\/2-UI-35-778x1024.jpg 778w, https:\/\/martarodriguez.com.co\/wp-content\/uploads\/2025\/11\/2-UI-35-768x1010.jpg 768w, https:\/\/martarodriguez.com.co\/wp-content\/uploads\/2025\/11\/2-UI-35-750x987.jpg 750w, https:\/\/martarodriguez.com.co\/wp-content\/uploads\/2025\/11\/2-UI-35-600x789.jpg 600w\" sizes=\"(max-width: 973px) 100vw, 973px\" \/>\t\t\t\t\t\t\t\t\t\t\t\t\t<\/div>\n\t\t\t\t<\/div>\n\t\t\t\t<div class=\"elementor-element elementor-element-77b5c1c exad-sticky-section-no exad-glass-effect-no elementor-widget elementor-widget-text-editor\" data-id=\"77b5c1c\" data-element_type=\"widget\" data-widget_type=\"text-editor.default\">\n\t\t\t\t<div class=\"elementor-widget-container\">\n\t\t\t<style>\/*! elementor - v3.21.0 - 15-04-2024 *\/\n.elementor-widget-text-editor.elementor-drop-cap-view-stacked .elementor-drop-cap{background-color:#69727d;color:#fff}.elementor-widget-text-editor.elementor-drop-cap-view-framed .elementor-drop-cap{color:#69727d;border:3px solid;background-color:transparent}.elementor-widget-text-editor:not(.elementor-drop-cap-view-default) .elementor-drop-cap{margin-top:8px}.elementor-widget-text-editor:not(.elementor-drop-cap-view-default) .elementor-drop-cap-letter{width:1em;height:1em}.elementor-widget-text-editor .elementor-drop-cap{float:left;text-align:center;line-height:1;font-size:50px}.elementor-widget-text-editor .elementor-drop-cap-letter{display:inline-block}<\/style>\t\t\t\t<p><span data-sheets-root=\"1\">El art\u00edculo da cuenta de c\u00f3mo la oposici\u00f3n ha respondido ante la arremetida del gobierno, con resistencia y unidad, forjando nuevos espacios y alianzas para denunciar y hacerle frente a los abusos de poder que desde la aprobaci\u00f3n del Estatuto de Seguridad se vienen cometiendo contra organizaciones populares, movimientos sociales, dirigentes de izquierda y cr\u00edticos del r\u00e9gimen.\u00a0<\/span><\/p>\n<p><span data-sheets-root=\"1\">Ejemplos de esos espacios son el Consejo Nacional Sindical que aglutina a las Centrales Obreras, o la realizaci\u00f3n del Foro Nacional por los Derechos Humanos, y la comisi\u00f3n permanente receptora de denuncias que se creo en este \u00faltimo.\u00a0<\/span><\/p>\n<p><span data-sheets-root=\"1\">As\u00ed mismo, a nivel interno, se menciona c\u00f3mo el CRIC ha venido recuper\u00e1ndose de la crisis, pues el comit\u00e9 ejecutivo no ha podido reunirse en pleno, debido a las detenciones de sus dirigentes. Por tanto se informa que en una asamblea a la que son citados representantes de los cabildos con voz y voto y pleno respaldo de sus comunidades, se reconfigurar\u00e1 dicho comit\u00e9 y la direcci\u00f3n general, con el fin de continuar la lucha de los antepasados.<br \/><\/span><\/p>\t\t\t\t\t\t<\/div>\n\t\t\t\t<\/div>\n\t\t\t\t<div class=\"elementor-element elementor-element-496b670 exad-sticky-section-no exad-glass-effect-no elementor-widget elementor-widget-text-editor\" data-id=\"496b670\" data-element_type=\"widget\" data-widget_type=\"text-editor.default\">\n\t\t\t\t<div class=\"elementor-widget-container\">\n\t\t\t\t\t\t\t<p><strong>C\u00d3DIGO<\/strong>: H0252a<\/p>\n<p><strong>IDIOMA:<\/strong> Castellano<\/p>\n<p><strong style=\"color: var( --e-global-color-text ); font-family: var( --e-global-typography-text-font-family ), Sans-serif;\">PERSONA JUR\u00cdDICA\/NATURAL\/ROL:<\/strong> <span data-sheets-root=\"1\">Marcos Avirama, Turino \u00d1uscue, Maximiliano Izco, <\/span><\/p>\n<p><strong>TOPON\u00cdMICOS:<\/strong> <span data-sheets-root=\"1\">Cauca, Tierradentro, Norte del Cauca, Oriente del Cauca, Popay\u00e1n, <\/span><\/p>\n<p><strong style=\"color: var( --e-global-color-text ); font-family: var( --e-global-typography-text-font-family ), Sans-serif;\">TEM\u00c1TICOS:<\/strong><span style=\"color: var( --e-global-color-text ); font-family: var( --e-global-typography-text-font-family ), Sans-serif; font-weight: var( --e-global-typography-text-font-weight );\"> <span data-sheets-root=\"1\">Subversi\u00f3n, CRIC, Militarizaci\u00f3n, Torturas, Consejo Nacional Sindical, Centrales Obreras, Acer\u00edas Paz del R\u00edo, Ecopetrol, USO, Foro por los Derechos Humanos, Estatuto de Seguridad, Represi\u00f3n, Comit\u00e9 Ejecutivo, Junta Directiva, Quinto Congreso, Cabildos, <\/span><\/span><\/p>\n<p><!-- \/wp:paragraph --><!-- wp:paragraph --><\/p>\n<p><strong>CRONOL\u00d3GICOS:<\/strong> <span data-sheets-root=\"1\">1979<\/span><\/p>\n<p><!-- \/wp:paragraph --><!-- wp:paragraph --><\/p>\n<p><!-- \/wp:paragraph --><!-- wp:paragraph --><\/p>\n<p><!-- \/wp:paragraph --><\/p>\t\t\t\t\t\t<\/div>\n\t\t\t\t<\/div>\n\t\t\t\t\t<\/div>\n\t\t<\/div>\n\t\t\t\t\t<\/div>\n\t\t<\/section>\n\t\t\t\t<\/div>\n\t\t","protected":false},"excerpt":{"rendered":"<p>El art\u00edculo da cuenta de c\u00f3mo la oposici\u00f3n ha respondido ante la arremetida del gobierno, con resistencia y unidad, forjando nuevos espacios y alianzas para denunciar y hacerle frente a los abusos de poder que desde la aprobaci\u00f3n del Estatuto de Seguridad se vienen cometiendo contra organizaciones populares, movimientos sociales, dirigentes de izquierda y cr\u00edticos [&hellip;]<\/p>\n","protected":false},"author":1,"featured_media":13632,"comment_status":"closed","ping_status":"open","sticky":false,"template":"","format":"standard","meta":{"_acf_changed":false,"footnotes":""},"categories":[28],"tags":[1970,1535,800,1969,1421,1593,108,1971,1727,1972,1973,423,1976,170,1616,1974,1492,1480,169,157,1420,1789,1975,598],"class_list":["post-13629","post","type-post","status-publish","format-standard","has-post-thumbnail","hentry","category-hemeroteca","tag-acerias-paz-del-rio","tag-cabildos","tag-cauca","tag-centrales-obreras","tag-comite-ejecutivo","tag-consejo-nacional-sindical","tag-cric","tag-ecopetrol","tag-estatuto-de-seguridad","tag-foro-por-los-derechos-humanos","tag-junta-directiva","tag-marcos-avirama","tag-maximiliano-izco","tag-militarizacion","tag-norte-del-cauca","tag-oriente-del-cauca","tag-popayan","tag-quinto-congreso","tag-represion","tag-subversion","tag-tierradentro","tag-torturas","tag-turino-nuscue","tag-uso"],"acf":[],"_links":{"self":[{"href":"https:\/\/martarodriguez.com.co\/index.php\/wp-json\/wp\/v2\/posts\/13629","targetHints":{"allow":["GET"]}}],"collection":[{"href":"https:\/\/martarodriguez.com.co\/index.php\/wp-json\/wp\/v2\/posts"}],"about":[{"href":"https:\/\/martarodriguez.com.co\/index.php\/wp-json\/wp\/v2\/types\/post"}],"author":[{"embeddable":true,"href":"https:\/\/martarodriguez.com.co\/index.php\/wp-json\/wp\/v2\/users\/1"}],"replies":[{"embeddable":true,"href":"https:\/\/martarodriguez.com.co\/index.php\/wp-json\/wp\/v2\/comments?post=13629"}],"version-history":[{"count":18,"href":"https:\/\/martarodriguez.com.co\/index.php\/wp-json\/wp\/v2\/posts\/13629\/revisions"}],"predecessor-version":[{"id":18098,"href":"https:\/\/martarodriguez.com.co\/index.php\/wp-json\/wp\/v2\/posts\/13629\/revisions\/18098"}],"wp:featuredmedia":[{"embeddable":true,"href":"https:\/\/martarodriguez.com.co\/index.php\/wp-json\/wp\/v2\/media\/13632"}],"wp:attachment":[{"href":"https:\/\/martarodriguez.com.co\/index.php\/wp-json\/wp\/v2\/media?parent=13629"}],"wp:term":[{"taxonomy":"category","embeddable":true,"href":"https:\/\/martarodriguez.com.co\/index.php\/wp-json\/wp\/v2\/categories?post=13629"},{"taxonomy":"post_tag","embeddable":true,"href":"https:\/\/martarodriguez.com.co\/index.php\/wp-json\/wp\/v2\/tags?post=13629"}],"curies":[{"name":"wp","href":"https:\/\/api.w.org\/{rel}","templated":true}]}}