{"id":13617,"date":"2025-11-07T00:08:01","date_gmt":"2025-11-07T00:08:01","guid":{"rendered":"https:\/\/martarodriguez.com.co\/?p=13617"},"modified":"2026-01-09T22:48:26","modified_gmt":"2026-01-09T22:48:26","slug":"unidad-indigena-no-35-ano-5-mayo-de-1979_portada","status":"publish","type":"post","link":"https:\/\/martarodriguez.com.co\/index.php\/2025\/11\/07\/unidad-indigena-no-35-ano-5-mayo-de-1979_portada\/","title":{"rendered":"H0252- UI 35 Portada"},"content":{"rendered":"\t\t<div data-elementor-type=\"wp-post\" data-elementor-id=\"13617\" class=\"elementor elementor-13617\">\n\t\t\t\t\t\t<section class=\"elementor-section elementor-top-section elementor-element elementor-element-77752575 elementor-section-boxed elementor-section-height-default elementor-section-height-default exad-glass-effect-no wpr-particle-no wpr-jarallax-no wpr-parallax-no wpr-sticky-section-no exad-sticky-section-no\" data-id=\"77752575\" data-element_type=\"section\">\n\t\t\t\t\t\t<div class=\"elementor-container elementor-column-gap-default\">\n\t\t\t\t\t<div class=\"elementor-column elementor-col-100 elementor-top-column elementor-element elementor-element-6fd6a63d exad-glass-effect-no exad-sticky-section-no\" data-id=\"6fd6a63d\" data-element_type=\"column\">\n\t\t\t<div class=\"elementor-widget-wrap elementor-element-populated\">\n\t\t\t\t\t\t<div class=\"elementor-element elementor-element-1ee9fed exad-sticky-section-no exad-glass-effect-no elementor-widget elementor-widget-image\" data-id=\"1ee9fed\" data-element_type=\"widget\" data-widget_type=\"image.default\">\n\t\t\t\t<div class=\"elementor-widget-container\">\n\t\t\t<style>\/*! elementor - v3.21.0 - 15-04-2024 *\/\n.elementor-widget-image{text-align:center}.elementor-widget-image a{display:inline-block}.elementor-widget-image a img[src$=\".svg\"]{width:48px}.elementor-widget-image img{vertical-align:middle;display:inline-block}<\/style>\t\t\t\t\t\t\t\t\t\t<img fetchpriority=\"high\" decoding=\"async\" width=\"952\" height=\"1280\" src=\"https:\/\/martarodriguez.com.co\/wp-content\/uploads\/2025\/11\/1-UI-35.jpg\" class=\"attachment-2048x2048 size-2048x2048 wp-image-13625\" alt=\"\" srcset=\"https:\/\/martarodriguez.com.co\/wp-content\/uploads\/2025\/11\/1-UI-35.jpg 952w, https:\/\/martarodriguez.com.co\/wp-content\/uploads\/2025\/11\/1-UI-35-223x300.jpg 223w, https:\/\/martarodriguez.com.co\/wp-content\/uploads\/2025\/11\/1-UI-35-762x1024.jpg 762w, https:\/\/martarodriguez.com.co\/wp-content\/uploads\/2025\/11\/1-UI-35-768x1033.jpg 768w, https:\/\/martarodriguez.com.co\/wp-content\/uploads\/2025\/11\/1-UI-35-750x1008.jpg 750w, https:\/\/martarodriguez.com.co\/wp-content\/uploads\/2025\/11\/1-UI-35-600x807.jpg 600w\" sizes=\"(max-width: 952px) 100vw, 952px\" \/>\t\t\t\t\t\t\t\t\t\t\t\t\t<\/div>\n\t\t\t\t<\/div>\n\t\t\t\t<div class=\"elementor-element elementor-element-77b5c1c exad-sticky-section-no exad-glass-effect-no elementor-widget elementor-widget-text-editor\" data-id=\"77b5c1c\" data-element_type=\"widget\" data-widget_type=\"text-editor.default\">\n\t\t\t\t<div class=\"elementor-widget-container\">\n\t\t\t<style>\/*! elementor - v3.21.0 - 15-04-2024 *\/\n.elementor-widget-text-editor.elementor-drop-cap-view-stacked .elementor-drop-cap{background-color:#69727d;color:#fff}.elementor-widget-text-editor.elementor-drop-cap-view-framed .elementor-drop-cap{color:#69727d;border:3px solid;background-color:transparent}.elementor-widget-text-editor:not(.elementor-drop-cap-view-default) .elementor-drop-cap{margin-top:8px}.elementor-widget-text-editor:not(.elementor-drop-cap-view-default) .elementor-drop-cap-letter{width:1em;height:1em}.elementor-widget-text-editor .elementor-drop-cap{float:left;text-align:center;line-height:1;font-size:50px}.elementor-widget-text-editor .elementor-drop-cap-letter{display:inline-block}<\/style>\t\t\t\t<p><span data-sheets-root=\"1\">Portada del n\u00famero 35 de Unidad Ind\u00edgena. En la parte superior de la portada, el encabezado, est\u00e1 el nombre del peri\u00f3dico y su imagen logot\u00edpica de tres indigenas de diferentes comunidades de perfil y tres cuartos, enmarcados por un delineado en negro con \u00e1ngulos redondeados. Justo abajo, en un rengl\u00f3n, est\u00e1n escritos mes, a\u00f1o, director, apartado a\u00e9reo, tel\u00e9fono, ciudad, licencia de Min Gobierno, Tarjeta Postal Red.\u00a0<\/span><\/p>\n<p><span data-sheets-root=\"1\">En el cuerpo, dentro de un marco delineado en rojo con \u00e1ngulos redondeados, sobre fondo gris, se lee en letras capitales de color rojo: &#8220;EL 1\u00b0 DE MAYO&#8221; y debajo &#8220;Por las libertades pol\u00edticas y los derechos humanos, por la desmilitarizaci\u00f3n de las zonas ind\u00edgenas, contra el estatuto de seguridad, por la defensa de nuestra organizaci\u00f3n&#8221;, esta \u00faltima con un subrayado en blanco, ya que est\u00e1 sobre una fotograf\u00eda de la plaza de Bol\u00edvar con llena de manifestantes con pendones y banderas.\u00a0<\/span><\/p>\n<p><span data-sheets-root=\"1\">En la parte inferior, enmarcado por un delineado en negro con \u00e1ngulos redondeados, sobre un fondo rojo aparece el n\u00famero, a\u00f1o y fecha de publicaci\u00f3n, as\u00ed como algunos titulares en letras de color blanco; &#8220;Se recuperan las fuerzas populares&#8221;, &#8220;Conclusiones del Foro sobre la violencia en el campo&#8221;, &#8220;Solidaridad internacional&#8221;, &#8220;Cinco a\u00f1os de la muerte del compa\u00f1ero Gustavo Mej\u00eda&#8221;. <\/span><\/p>\t\t\t\t\t\t<\/div>\n\t\t\t\t<\/div>\n\t\t\t\t<div class=\"elementor-element elementor-element-496b670 exad-sticky-section-no exad-glass-effect-no elementor-widget elementor-widget-text-editor\" data-id=\"496b670\" data-element_type=\"widget\" data-widget_type=\"text-editor.default\">\n\t\t\t\t<div class=\"elementor-widget-container\">\n\t\t\t\t\t\t\t<p><strong>C\u00d3DIGO<\/strong>: H0252<\/p>\n<p><strong>IDIOMA:<\/strong> Castellano<\/p>\n<p><strong style=\"color: var( --e-global-color-text ); font-family: var( --e-global-typography-text-font-family ), Sans-serif;\">PERSONA JUR\u00cdDICA\/NATURAL\/ROL:<\/strong> <span data-sheets-root=\"1\">Gustavo Mej\u00eda, <\/span><\/p>\n<p><strong>TOPON\u00cdMICOS:<\/strong>\u00a0<\/p>\n<p><strong style=\"color: var( --e-global-color-text ); font-family: var( --e-global-typography-text-font-family ), Sans-serif;\">TEM\u00c1TICOS:<\/strong><span style=\"color: var( --e-global-color-text ); font-family: var( --e-global-typography-text-font-family ), Sans-serif; font-weight: var( --e-global-typography-text-font-weight );\"> <span data-sheets-root=\"1\">Portada, Unidad Ind\u00edgena, Derechos Humanos, Militarizaci\u00f3n, Estatuto de Seguridad, <\/span><\/span><\/p>\n<p><!-- \/wp:paragraph --><!-- wp:paragraph --><\/p>\n<p><strong>CRONOL\u00d3GICOS:<\/strong> <span data-sheets-root=\"1\">1979<\/span><\/p>\n<p><!-- \/wp:paragraph --><!-- wp:paragraph --><\/p>\n<p><!-- \/wp:paragraph --><!-- wp:paragraph --><\/p>\n<p><!-- \/wp:paragraph --><\/p>\t\t\t\t\t\t<\/div>\n\t\t\t\t<\/div>\n\t\t\t\t\t<\/div>\n\t\t<\/div>\n\t\t\t\t\t<\/div>\n\t\t<\/section>\n\t\t\t\t<\/div>\n\t\t","protected":false},"excerpt":{"rendered":"<p>Portada del n\u00famero 35 de Unidad Ind\u00edgena. En la parte superior de la portada, el encabezado, est\u00e1 el nombre del peri\u00f3dico y su imagen logot\u00edpica de tres indigenas de diferentes comunidades de perfil y tres cuartos, enmarcados por un delineado en negro con \u00e1ngulos redondeados. Justo abajo, en un rengl\u00f3n, est\u00e1n escritos mes, a\u00f1o, director, [&hellip;]<\/p>\n","protected":false},"author":1,"featured_media":13622,"comment_status":"closed","ping_status":"open","sticky":false,"template":"","format":"standard","meta":{"_acf_changed":false,"footnotes":""},"categories":[28],"tags":[71,1727,372,170,1418,1184],"class_list":["post-13617","post","type-post","status-publish","format-standard","has-post-thumbnail","hentry","category-hemeroteca","tag-derechos-humanos","tag-estatuto-de-seguridad","tag-gustavo-mejia","tag-militarizacion","tag-portada","tag-unidad-indigena"],"acf":[],"_links":{"self":[{"href":"https:\/\/martarodriguez.com.co\/index.php\/wp-json\/wp\/v2\/posts\/13617","targetHints":{"allow":["GET"]}}],"collection":[{"href":"https:\/\/martarodriguez.com.co\/index.php\/wp-json\/wp\/v2\/posts"}],"about":[{"href":"https:\/\/martarodriguez.com.co\/index.php\/wp-json\/wp\/v2\/types\/post"}],"author":[{"embeddable":true,"href":"https:\/\/martarodriguez.com.co\/index.php\/wp-json\/wp\/v2\/users\/1"}],"replies":[{"embeddable":true,"href":"https:\/\/martarodriguez.com.co\/index.php\/wp-json\/wp\/v2\/comments?post=13617"}],"version-history":[{"count":17,"href":"https:\/\/martarodriguez.com.co\/index.php\/wp-json\/wp\/v2\/posts\/13617\/revisions"}],"predecessor-version":[{"id":18089,"href":"https:\/\/martarodriguez.com.co\/index.php\/wp-json\/wp\/v2\/posts\/13617\/revisions\/18089"}],"wp:featuredmedia":[{"embeddable":true,"href":"https:\/\/martarodriguez.com.co\/index.php\/wp-json\/wp\/v2\/media\/13622"}],"wp:attachment":[{"href":"https:\/\/martarodriguez.com.co\/index.php\/wp-json\/wp\/v2\/media?parent=13617"}],"wp:term":[{"taxonomy":"category","embeddable":true,"href":"https:\/\/martarodriguez.com.co\/index.php\/wp-json\/wp\/v2\/categories?post=13617"},{"taxonomy":"post_tag","embeddable":true,"href":"https:\/\/martarodriguez.com.co\/index.php\/wp-json\/wp\/v2\/tags?post=13617"}],"curies":[{"name":"wp","href":"https:\/\/api.w.org\/{rel}","templated":true}]}}