{"id":13606,"date":"2025-11-06T23:59:24","date_gmt":"2025-11-06T23:59:24","guid":{"rendered":"https:\/\/martarodriguez.com.co\/?p=13606"},"modified":"2026-01-09T22:43:51","modified_gmt":"2026-01-09T22:43:51","slug":"unidad-indigena-no-34-ano-5-marzo-de-1979_contraportada","status":"publish","type":"post","link":"https:\/\/martarodriguez.com.co\/index.php\/2025\/11\/06\/unidad-indigena-no-34-ano-5-marzo-de-1979_contraportada\/","title":{"rendered":"H0251f- UI 34 Contraportada"},"content":{"rendered":"\t\t<div data-elementor-type=\"wp-post\" data-elementor-id=\"13606\" class=\"elementor elementor-13606\">\n\t\t\t\t\t\t<section class=\"elementor-section elementor-top-section elementor-element elementor-element-77752575 elementor-section-boxed elementor-section-height-default elementor-section-height-default exad-glass-effect-no wpr-particle-no wpr-jarallax-no wpr-parallax-no wpr-sticky-section-no exad-sticky-section-no\" data-id=\"77752575\" data-element_type=\"section\">\n\t\t\t\t\t\t<div class=\"elementor-container elementor-column-gap-default\">\n\t\t\t\t\t<div class=\"elementor-column elementor-col-100 elementor-top-column elementor-element elementor-element-6fd6a63d exad-glass-effect-no exad-sticky-section-no\" data-id=\"6fd6a63d\" data-element_type=\"column\">\n\t\t\t<div class=\"elementor-widget-wrap elementor-element-populated\">\n\t\t\t\t\t\t<div class=\"elementor-element elementor-element-1ee9fed exad-sticky-section-no exad-glass-effect-no elementor-widget elementor-widget-image\" data-id=\"1ee9fed\" data-element_type=\"widget\" data-widget_type=\"image.default\">\n\t\t\t\t<div class=\"elementor-widget-container\">\n\t\t\t<style>\/*! elementor - v3.21.0 - 15-04-2024 *\/\n.elementor-widget-image{text-align:center}.elementor-widget-image a{display:inline-block}.elementor-widget-image a img[src$=\".svg\"]{width:48px}.elementor-widget-image img{vertical-align:middle;display:inline-block}<\/style>\t\t\t\t\t\t\t\t\t\t<img fetchpriority=\"high\" decoding=\"async\" width=\"1546\" height=\"2048\" src=\"https:\/\/martarodriguez.com.co\/wp-content\/uploads\/2025\/11\/Unidad-Indigena-34-8-1546x2048.jpg\" class=\"attachment-2048x2048 size-2048x2048 wp-image-13610\" alt=\"\" srcset=\"https:\/\/martarodriguez.com.co\/wp-content\/uploads\/2025\/11\/Unidad-Indigena-34-8-1546x2048.jpg 1546w, https:\/\/martarodriguez.com.co\/wp-content\/uploads\/2025\/11\/Unidad-Indigena-34-8-227x300.jpg 227w, https:\/\/martarodriguez.com.co\/wp-content\/uploads\/2025\/11\/Unidad-Indigena-34-8-773x1024.jpg 773w, https:\/\/martarodriguez.com.co\/wp-content\/uploads\/2025\/11\/Unidad-Indigena-34-8-768x1017.jpg 768w, https:\/\/martarodriguez.com.co\/wp-content\/uploads\/2025\/11\/Unidad-Indigena-34-8-1160x1536.jpg 1160w, https:\/\/martarodriguez.com.co\/wp-content\/uploads\/2025\/11\/Unidad-Indigena-34-8-750x993.jpg 750w, https:\/\/martarodriguez.com.co\/wp-content\/uploads\/2025\/11\/Unidad-Indigena-34-8-600x795.jpg 600w, https:\/\/martarodriguez.com.co\/wp-content\/uploads\/2025\/11\/Unidad-Indigena-34-8-scaled.jpg 1933w\" sizes=\"(max-width: 1546px) 100vw, 1546px\" \/>\t\t\t\t\t\t\t\t\t\t\t\t\t<\/div>\n\t\t\t\t<\/div>\n\t\t\t\t<div class=\"elementor-element elementor-element-77b5c1c exad-sticky-section-no exad-glass-effect-no elementor-widget elementor-widget-text-editor\" data-id=\"77b5c1c\" data-element_type=\"widget\" data-widget_type=\"text-editor.default\">\n\t\t\t\t<div class=\"elementor-widget-container\">\n\t\t\t<style>\/*! elementor - v3.21.0 - 15-04-2024 *\/\n.elementor-widget-text-editor.elementor-drop-cap-view-stacked .elementor-drop-cap{background-color:#69727d;color:#fff}.elementor-widget-text-editor.elementor-drop-cap-view-framed .elementor-drop-cap{color:#69727d;border:3px solid;background-color:transparent}.elementor-widget-text-editor:not(.elementor-drop-cap-view-default) .elementor-drop-cap{margin-top:8px}.elementor-widget-text-editor:not(.elementor-drop-cap-view-default) .elementor-drop-cap-letter{width:1em;height:1em}.elementor-widget-text-editor .elementor-drop-cap{float:left;text-align:center;line-height:1;font-size:50px}.elementor-widget-text-editor .elementor-drop-cap-letter{display:inline-block}<\/style>\t\t\t\t<p><span data-sheets-root=\"1\">Contraportada del n\u00famero 34 de Unidad Ind\u00edgena.\u00a0<\/span><\/p>\n<p><span data-sheets-root=\"1\">En la parte superior, ocupando la mitad de la hoja, sobre un fondo rojo y letras de color blanco se lee &#8220;Contra la represi\u00f3n y las torturas apoyemos la Lucha por los Derechos Humanos&#8221;, y en la parte inferior, en la otra mitad, aparecen cuatro rostros de dirigentes ind\u00edgenas, acompa\u00f1ados arriba por su nombre y abajo por el delito del que fue v\u00edctima, escritos en letras blancas; &#8220;Taurino \u00d1usque -Torturado, Marcos Avirama &#8211; Torturado, Edgar Avirama &#8211; Torturado, Avelino Ul- Asesinado&#8221;.\u00a0<\/span><\/p>\n<p><span data-sheets-root=\"1\">Debajo de ellos la fotograf\u00eda de una manifestaci\u00f3n del CRIC, donde se ven banderas y pendones al aire a la vez que la multitud se pierde en el horizonte. <\/span><\/p>\t\t\t\t\t\t<\/div>\n\t\t\t\t<\/div>\n\t\t\t\t<div class=\"elementor-element elementor-element-496b670 exad-sticky-section-no exad-glass-effect-no elementor-widget elementor-widget-text-editor\" data-id=\"496b670\" data-element_type=\"widget\" data-widget_type=\"text-editor.default\">\n\t\t\t\t<div class=\"elementor-widget-container\">\n\t\t\t\t\t\t\t<p><strong>C\u00d3DIGO<\/strong>: H0251f<\/p>\n<p><strong>IDIOMA:<\/strong> Castellano<\/p>\n<p><strong style=\"color: var( --e-global-color-text ); font-family: var( --e-global-typography-text-font-family ), Sans-serif;\">PERSONA JUR\u00cdDICA\/NATURAL\/ROL:<\/strong> <span data-sheets-root=\"1\">Taurino \u00d1usquem, Marcos Avirama, Edgar Avirama, Avelino Ul, CRIC, <\/span><\/p>\n<p><strong>TOPON\u00cdMICOS:<\/strong> Cauca, Colombia,<\/p>\n<p><strong style=\"color: var( --e-global-color-text ); font-family: var( --e-global-typography-text-font-family ), Sans-serif;\">TEM\u00c1TICOS:<\/strong><span style=\"color: var( --e-global-color-text ); font-family: var( --e-global-typography-text-font-family ), Sans-serif; font-weight: var( --e-global-typography-text-font-weight );\"> <span data-sheets-root=\"1\">Contraportada, Unidad Ind\u00edgena, Represi\u00f3n, Torturas, Derechos Humanos, <\/span><\/span><\/p>\n<p><!-- \/wp:paragraph --><!-- wp:paragraph --><\/p>\n<p><strong>CRONOL\u00d3GICOS:<\/strong> <span data-sheets-root=\"1\">1979<\/span><\/p>\n<p><!-- \/wp:paragraph --><!-- wp:paragraph --><\/p>\n<p><!-- \/wp:paragraph --><!-- wp:paragraph --><\/p>\n<p><!-- \/wp:paragraph --><\/p>\t\t\t\t\t\t<\/div>\n\t\t\t\t<\/div>\n\t\t\t\t\t<\/div>\n\t\t<\/div>\n\t\t\t\t\t<\/div>\n\t\t<\/section>\n\t\t\t\t<\/div>\n\t\t","protected":false},"excerpt":{"rendered":"<p>Contraportada del n\u00famero 34 de Unidad Ind\u00edgena.\u00a0 En la parte superior, ocupando la mitad de la hoja, sobre un fondo rojo y letras de color blanco se lee &#8220;Contra la represi\u00f3n y las torturas apoyemos la Lucha por los Derechos Humanos&#8221;, y en la parte inferior, en la otra mitad, aparecen cuatro rostros de dirigentes [&hellip;]<\/p>\n","protected":false},"author":1,"featured_media":13608,"comment_status":"closed","ping_status":"open","sticky":false,"template":"","format":"standard","meta":{"_acf_changed":false,"footnotes":""},"categories":[28],"tags":[793,800,513,1467,108,71,816,423,169,1968,1789,1184],"class_list":["post-13606","post","type-post","status-publish","format-standard","has-post-thumbnail","hentry","category-hemeroteca","tag-avelino-ul","tag-cauca","tag-colombia","tag-contraportada","tag-cric","tag-derechos-humanos","tag-edgar-avirama","tag-marcos-avirama","tag-represion","tag-taurino-nusquem","tag-torturas","tag-unidad-indigena"],"acf":[],"_links":{"self":[{"href":"https:\/\/martarodriguez.com.co\/index.php\/wp-json\/wp\/v2\/posts\/13606","targetHints":{"allow":["GET"]}}],"collection":[{"href":"https:\/\/martarodriguez.com.co\/index.php\/wp-json\/wp\/v2\/posts"}],"about":[{"href":"https:\/\/martarodriguez.com.co\/index.php\/wp-json\/wp\/v2\/types\/post"}],"author":[{"embeddable":true,"href":"https:\/\/martarodriguez.com.co\/index.php\/wp-json\/wp\/v2\/users\/1"}],"replies":[{"embeddable":true,"href":"https:\/\/martarodriguez.com.co\/index.php\/wp-json\/wp\/v2\/comments?post=13606"}],"version-history":[{"count":17,"href":"https:\/\/martarodriguez.com.co\/index.php\/wp-json\/wp\/v2\/posts\/13606\/revisions"}],"predecessor-version":[{"id":18080,"href":"https:\/\/martarodriguez.com.co\/index.php\/wp-json\/wp\/v2\/posts\/13606\/revisions\/18080"}],"wp:featuredmedia":[{"embeddable":true,"href":"https:\/\/martarodriguez.com.co\/index.php\/wp-json\/wp\/v2\/media\/13608"}],"wp:attachment":[{"href":"https:\/\/martarodriguez.com.co\/index.php\/wp-json\/wp\/v2\/media?parent=13606"}],"wp:term":[{"taxonomy":"category","embeddable":true,"href":"https:\/\/martarodriguez.com.co\/index.php\/wp-json\/wp\/v2\/categories?post=13606"},{"taxonomy":"post_tag","embeddable":true,"href":"https:\/\/martarodriguez.com.co\/index.php\/wp-json\/wp\/v2\/tags?post=13606"}],"curies":[{"name":"wp","href":"https:\/\/api.w.org\/{rel}","templated":true}]}}