{"id":13572,"date":"2025-11-06T23:30:22","date_gmt":"2025-11-06T23:30:22","guid":{"rendered":"https:\/\/martarodriguez.com.co\/?p=13572"},"modified":"2026-01-09T22:36:31","modified_gmt":"2026-01-09T22:36:31","slug":"unidad-indigena-no-34-ano-5-marzo-de-1979_foro-nacional-por-los-derechos-humanos","status":"publish","type":"post","link":"https:\/\/martarodriguez.com.co\/index.php\/2025\/11\/06\/unidad-indigena-no-34-ano-5-marzo-de-1979_foro-nacional-por-los-derechos-humanos\/","title":{"rendered":"H0251d- UI 34 Foro Nacional por los Derechos Humanos"},"content":{"rendered":"\t\t<div data-elementor-type=\"wp-post\" data-elementor-id=\"13572\" class=\"elementor elementor-13572\">\n\t\t\t\t\t\t<section class=\"elementor-section elementor-top-section elementor-element elementor-element-77752575 elementor-section-boxed elementor-section-height-default elementor-section-height-default exad-glass-effect-no wpr-particle-no wpr-jarallax-no wpr-parallax-no wpr-sticky-section-no exad-sticky-section-no\" data-id=\"77752575\" data-element_type=\"section\">\n\t\t\t\t\t\t<div class=\"elementor-container elementor-column-gap-default\">\n\t\t\t\t\t<div class=\"elementor-column elementor-col-100 elementor-top-column elementor-element elementor-element-6fd6a63d exad-glass-effect-no exad-sticky-section-no\" data-id=\"6fd6a63d\" data-element_type=\"column\">\n\t\t\t<div class=\"elementor-widget-wrap elementor-element-populated\">\n\t\t\t\t\t\t<div class=\"elementor-element elementor-element-1ee9fed exad-sticky-section-no exad-glass-effect-no elementor-widget elementor-widget-image\" data-id=\"1ee9fed\" data-element_type=\"widget\" data-widget_type=\"image.default\">\n\t\t\t\t<div class=\"elementor-widget-container\">\n\t\t\t<style>\/*! elementor - v3.21.0 - 15-04-2024 *\/\n.elementor-widget-image{text-align:center}.elementor-widget-image a{display:inline-block}.elementor-widget-image a img[src$=\".svg\"]{width:48px}.elementor-widget-image img{vertical-align:middle;display:inline-block}<\/style>\t\t\t\t\t\t\t\t\t\t<img fetchpriority=\"high\" decoding=\"async\" width=\"1213\" height=\"893\" src=\"https:\/\/martarodriguez.com.co\/wp-content\/uploads\/2025\/11\/Captura-de-Pantalla-2025-11-06-a-las-6.26.25-p.m-1.jpg\" class=\"attachment-2048x2048 size-2048x2048 wp-image-13591\" alt=\"\" srcset=\"https:\/\/martarodriguez.com.co\/wp-content\/uploads\/2025\/11\/Captura-de-Pantalla-2025-11-06-a-las-6.26.25-p.m-1.jpg 1213w, https:\/\/martarodriguez.com.co\/wp-content\/uploads\/2025\/11\/Captura-de-Pantalla-2025-11-06-a-las-6.26.25-p.m-1-300x221.jpg 300w, https:\/\/martarodriguez.com.co\/wp-content\/uploads\/2025\/11\/Captura-de-Pantalla-2025-11-06-a-las-6.26.25-p.m-1-1024x754.jpg 1024w, https:\/\/martarodriguez.com.co\/wp-content\/uploads\/2025\/11\/Captura-de-Pantalla-2025-11-06-a-las-6.26.25-p.m-1-768x565.jpg 768w, https:\/\/martarodriguez.com.co\/wp-content\/uploads\/2025\/11\/Captura-de-Pantalla-2025-11-06-a-las-6.26.25-p.m-1-750x552.jpg 750w, https:\/\/martarodriguez.com.co\/wp-content\/uploads\/2025\/11\/Captura-de-Pantalla-2025-11-06-a-las-6.26.25-p.m-1-600x442.jpg 600w\" sizes=\"(max-width: 1213px) 100vw, 1213px\" \/>\t\t\t\t\t\t\t\t\t\t\t\t\t<\/div>\n\t\t\t\t<\/div>\n\t\t\t\t<div class=\"elementor-element elementor-element-77b5c1c exad-sticky-section-no exad-glass-effect-no elementor-widget elementor-widget-text-editor\" data-id=\"77b5c1c\" data-element_type=\"widget\" data-widget_type=\"text-editor.default\">\n\t\t\t\t<div class=\"elementor-widget-container\">\n\t\t\t<style>\/*! elementor - v3.21.0 - 15-04-2024 *\/\n.elementor-widget-text-editor.elementor-drop-cap-view-stacked .elementor-drop-cap{background-color:#69727d;color:#fff}.elementor-widget-text-editor.elementor-drop-cap-view-framed .elementor-drop-cap{color:#69727d;border:3px solid;background-color:transparent}.elementor-widget-text-editor:not(.elementor-drop-cap-view-default) .elementor-drop-cap{margin-top:8px}.elementor-widget-text-editor:not(.elementor-drop-cap-view-default) .elementor-drop-cap-letter{width:1em;height:1em}.elementor-widget-text-editor .elementor-drop-cap{float:left;text-align:center;line-height:1;font-size:50px}.elementor-widget-text-editor .elementor-drop-cap-letter{display:inline-block}<\/style>\t\t\t\t<p><span data-sheets-root=\"1\">La nota resume la coyuntura social de represi\u00f3n agudizada que el Estatuto de Seguridad ha provocado, lo que hace imperante convocar a las organizaciones pol\u00edticas y gremiales, as\u00ed como a todos los ciudadanos dispuestos a defender sus libertades democr\u00e1ticas, a un Foro Nacional por los Derechos Humanos, para examinar la problem\u00e1tica y buscar mecanismos de presi\u00f3n conjunta ante el creciente militarismo y abuso de poder.\u00a0<\/span><\/p>\n<p><span data-sheets-root=\"1\">As\u00ed mismo se reproduce el llamamiento que 18 organizaciones y varias personalidades firman, con el objetivo de justificar la realizaci\u00f3n del foro, donde se mencionan el cercenamiento de derechos del individuo, las detenciones masivas y la tortura de qui\u00e9nes est\u00e1n en cautiverio por sus convicciones, la eliminaci\u00f3n de institutos procesales como el derecho a la defensa, la presunci\u00f3n de inocencia o el habeas corpus, la supresi\u00f3n de principios jur\u00eddicos que estatuyen la disimilitud entre el delito pol\u00edtico y la delincuencia com\u00fan con el fin de implantar penas sever\u00edsimas, y la pretensi\u00f3n de destruir la separaci\u00f3n de poderes del Estado.\u00a0<\/span><\/p>\n<p><span data-sheets-root=\"1\">Al final se afirma que el CRIC participar\u00e1 y expondr\u00e1 sus propias denuncias.<\/span><\/p>\t\t\t\t\t\t<\/div>\n\t\t\t\t<\/div>\n\t\t\t\t<div class=\"elementor-element elementor-element-496b670 exad-sticky-section-no exad-glass-effect-no elementor-widget elementor-widget-text-editor\" data-id=\"496b670\" data-element_type=\"widget\" data-widget_type=\"text-editor.default\">\n\t\t\t\t<div class=\"elementor-widget-container\">\n\t\t\t\t\t\t\t<p><strong>C\u00d3DIGO<\/strong>: H0251d<\/p>\n<p><strong>IDIOMA:<\/strong> Castellano<\/p>\n<p><strong style=\"color: var( --e-global-color-text ); font-family: var( --e-global-typography-text-font-family ), Sans-serif;\">PERSONA JUR\u00cdDICA\/NATURAL\/ROL: <\/strong>Carlos Lleras Restrepo, Alfrevo V\u00e1squez Carrizosa, Lucas Caballero Klim, Apolinar D\u00edaz Callejas, Luis Carlos P\u00e9rez, Gerardo Molina, Daniel Samper, Enrique Santos Calder\u00f3n,<\/p>\n<p><strong>TOPON\u00cdMICOS: <\/strong>Colombia,<\/p>\n<p><strong style=\"color: var( --e-global-color-text ); font-family: var( --e-global-typography-text-font-family ), Sans-serif;\">TEM\u00c1TICOS:<\/strong><span style=\"color: var( --e-global-color-text ); font-family: var( --e-global-typography-text-font-family ), Sans-serif; font-weight: var( --e-global-typography-text-font-weight );\"> <span data-sheets-root=\"1\">Derechos Humanos, Estatuto de Seguridad, M-19, Represi\u00f3n, Torturas, Subversi\u00f3n, Fuerzas Militares, FIRMES, CRIC, Derecho a la Defensa, Presunci\u00f3n de Inocencia, Habeas Corpus, Militarismo, Abuso de Poder, Estado de Sitio, Autoritarismo, Terrorismo, Legislaci\u00f3n, <\/span><\/span><\/p>\n<p><!-- \/wp:paragraph --><!-- wp:paragraph --><\/p>\n<p><strong>CRONOL\u00d3GICOS:<\/strong> <span data-sheets-root=\"1\">1979<\/span><\/p>\n<p><!-- \/wp:paragraph --><!-- wp:paragraph --><\/p>\n<p><!-- \/wp:paragraph --><!-- wp:paragraph --><\/p>\n<p><!-- \/wp:paragraph --><\/p>\t\t\t\t\t\t<\/div>\n\t\t\t\t<\/div>\n\t\t\t\t\t<\/div>\n\t\t<\/div>\n\t\t\t\t\t<\/div>\n\t\t<\/section>\n\t\t\t\t<\/div>\n\t\t","protected":false},"excerpt":{"rendered":"<p>La nota resume la coyuntura social de represi\u00f3n agudizada que el Estatuto de Seguridad ha provocado, lo que hace imperante convocar a las organizaciones pol\u00edticas y gremiales, as\u00ed como a todos los ciudadanos dispuestos a defender sus libertades democr\u00e1ticas, a un Foro Nacional por los Derechos Humanos, para examinar la problem\u00e1tica y buscar mecanismos de [&hellip;]<\/p>\n","protected":false},"author":1,"featured_media":13588,"comment_status":"closed","ping_status":"open","sticky":false,"template":"","format":"standard","meta":{"_acf_changed":false,"footnotes":""},"categories":[28],"tags":[864,1949,1951,1947,682,513,108,1953,1944,71,1954,183,1941,1943,1942,690,1946,1871,1950,1952,667,159,1945,169,157,1948,1789],"class_list":["post-13572","post","type-post","status-publish","format-standard","has-post-thumbnail","hentry","category-hemeroteca","tag-abuso-de-poder","tag-alfrevo-vasquez-carrizosa","tag-apolinar-diaz-callejas","tag-autoritarismo","tag-carlos-lleras-restrepo","tag-colombia","tag-cric","tag-daniel-samper","tag-derecho-a-la-defensa","tag-derechos-humanos","tag-enrique-santos-calderon","tag-estado-de-sitio","tag-estauto-de-seguridad","tag-firmes","tag-fuerzas-militares","tag-gerardo-molina","tag-habeas-corpus","tag-legislacion","tag-lucas-caballero-klim","tag-luis-carlos-perez","tag-m-19","tag-militarismo","tag-presuncion-de-inocencia","tag-represion","tag-subversion","tag-terrorismo","tag-torturas"],"acf":[],"_links":{"self":[{"href":"https:\/\/martarodriguez.com.co\/index.php\/wp-json\/wp\/v2\/posts\/13572","targetHints":{"allow":["GET"]}}],"collection":[{"href":"https:\/\/martarodriguez.com.co\/index.php\/wp-json\/wp\/v2\/posts"}],"about":[{"href":"https:\/\/martarodriguez.com.co\/index.php\/wp-json\/wp\/v2\/types\/post"}],"author":[{"embeddable":true,"href":"https:\/\/martarodriguez.com.co\/index.php\/wp-json\/wp\/v2\/users\/1"}],"replies":[{"embeddable":true,"href":"https:\/\/martarodriguez.com.co\/index.php\/wp-json\/wp\/v2\/comments?post=13572"}],"version-history":[{"count":21,"href":"https:\/\/martarodriguez.com.co\/index.php\/wp-json\/wp\/v2\/posts\/13572\/revisions"}],"predecessor-version":[{"id":18067,"href":"https:\/\/martarodriguez.com.co\/index.php\/wp-json\/wp\/v2\/posts\/13572\/revisions\/18067"}],"wp:featuredmedia":[{"embeddable":true,"href":"https:\/\/martarodriguez.com.co\/index.php\/wp-json\/wp\/v2\/media\/13588"}],"wp:attachment":[{"href":"https:\/\/martarodriguez.com.co\/index.php\/wp-json\/wp\/v2\/media?parent=13572"}],"wp:term":[{"taxonomy":"category","embeddable":true,"href":"https:\/\/martarodriguez.com.co\/index.php\/wp-json\/wp\/v2\/categories?post=13572"},{"taxonomy":"post_tag","embeddable":true,"href":"https:\/\/martarodriguez.com.co\/index.php\/wp-json\/wp\/v2\/tags?post=13572"}],"curies":[{"name":"wp","href":"https:\/\/api.w.org\/{rel}","templated":true}]}}