{"id":13558,"date":"2025-11-06T23:10:03","date_gmt":"2025-11-06T23:10:03","guid":{"rendered":"https:\/\/martarodriguez.com.co\/?p=13558"},"modified":"2026-01-09T22:31:49","modified_gmt":"2026-01-09T22:31:49","slug":"unidad-indigena-no-34-ano-5-marzo-de-1979_benjamin-dindicue-otra-victima-de-la-violencia-en-tierradentro","status":"publish","type":"post","link":"https:\/\/martarodriguez.com.co\/index.php\/2025\/11\/06\/unidad-indigena-no-34-ano-5-marzo-de-1979_benjamin-dindicue-otra-victima-de-la-violencia-en-tierradentro\/","title":{"rendered":"H0251b- UI 34 Benjamin Dindicu\u00e9, otra v\u00edctima"},"content":{"rendered":"\t\t<div data-elementor-type=\"wp-post\" data-elementor-id=\"13558\" class=\"elementor elementor-13558\">\n\t\t\t\t\t\t<section class=\"elementor-section elementor-top-section elementor-element elementor-element-77752575 elementor-section-boxed elementor-section-height-default elementor-section-height-default exad-glass-effect-no wpr-particle-no wpr-jarallax-no wpr-parallax-no wpr-sticky-section-no exad-sticky-section-no\" data-id=\"77752575\" data-element_type=\"section\">\n\t\t\t\t\t\t<div class=\"elementor-container elementor-column-gap-default\">\n\t\t\t\t\t<div class=\"elementor-column elementor-col-100 elementor-top-column elementor-element elementor-element-6fd6a63d exad-glass-effect-no exad-sticky-section-no\" data-id=\"6fd6a63d\" data-element_type=\"column\">\n\t\t\t<div class=\"elementor-widget-wrap elementor-element-populated\">\n\t\t\t\t\t\t<div class=\"elementor-element elementor-element-1ee9fed exad-sticky-section-no exad-glass-effect-no elementor-widget elementor-widget-image\" data-id=\"1ee9fed\" data-element_type=\"widget\" data-widget_type=\"image.default\">\n\t\t\t\t<div class=\"elementor-widget-container\">\n\t\t\t<style>\/*! elementor - v3.21.0 - 15-04-2024 *\/\n.elementor-widget-image{text-align:center}.elementor-widget-image a{display:inline-block}.elementor-widget-image a img[src$=\".svg\"]{width:48px}.elementor-widget-image img{vertical-align:middle;display:inline-block}<\/style>\t\t\t\t\t\t\t\t\t\t<img fetchpriority=\"high\" decoding=\"async\" width=\"1545\" height=\"2048\" src=\"https:\/\/martarodriguez.com.co\/wp-content\/uploads\/2025\/11\/Unidad-Indigena-34-3-1545x2048.jpg\" class=\"attachment-2048x2048 size-2048x2048 wp-image-13562\" alt=\"\" srcset=\"https:\/\/martarodriguez.com.co\/wp-content\/uploads\/2025\/11\/Unidad-Indigena-34-3-1545x2048.jpg 1545w, https:\/\/martarodriguez.com.co\/wp-content\/uploads\/2025\/11\/Unidad-Indigena-34-3-226x300.jpg 226w, https:\/\/martarodriguez.com.co\/wp-content\/uploads\/2025\/11\/Unidad-Indigena-34-3-773x1024.jpg 773w, https:\/\/martarodriguez.com.co\/wp-content\/uploads\/2025\/11\/Unidad-Indigena-34-3-768x1018.jpg 768w, https:\/\/martarodriguez.com.co\/wp-content\/uploads\/2025\/11\/Unidad-Indigena-34-3-1159x1536.jpg 1159w, https:\/\/martarodriguez.com.co\/wp-content\/uploads\/2025\/11\/Unidad-Indigena-34-3-750x994.jpg 750w, https:\/\/martarodriguez.com.co\/wp-content\/uploads\/2025\/11\/Unidad-Indigena-34-3-600x795.jpg 600w, https:\/\/martarodriguez.com.co\/wp-content\/uploads\/2025\/11\/Unidad-Indigena-34-3-scaled.jpg 1931w\" sizes=\"(max-width: 1545px) 100vw, 1545px\" \/>\t\t\t\t\t\t\t\t\t\t\t\t\t<\/div>\n\t\t\t\t<\/div>\n\t\t\t\t<div class=\"elementor-element elementor-element-ecfc1e0 exad-sticky-section-no exad-glass-effect-no elementor-widget elementor-widget-image\" data-id=\"ecfc1e0\" data-element_type=\"widget\" data-widget_type=\"image.default\">\n\t\t\t\t<div class=\"elementor-widget-container\">\n\t\t\t\t\t\t\t\t\t\t\t\t\t<img decoding=\"async\" width=\"750\" height=\"278\" src=\"https:\/\/martarodriguez.com.co\/wp-content\/uploads\/2025\/11\/Captura-de-Pantalla-2025-11-06-a-las-6.24.44-p.m-1024x380.jpg\" class=\"attachment-large size-large wp-image-13578\" alt=\"\" srcset=\"https:\/\/martarodriguez.com.co\/wp-content\/uploads\/2025\/11\/Captura-de-Pantalla-2025-11-06-a-las-6.24.44-p.m-1024x380.jpg 1024w, https:\/\/martarodriguez.com.co\/wp-content\/uploads\/2025\/11\/Captura-de-Pantalla-2025-11-06-a-las-6.24.44-p.m-300x111.jpg 300w, https:\/\/martarodriguez.com.co\/wp-content\/uploads\/2025\/11\/Captura-de-Pantalla-2025-11-06-a-las-6.24.44-p.m-768x285.jpg 768w, https:\/\/martarodriguez.com.co\/wp-content\/uploads\/2025\/11\/Captura-de-Pantalla-2025-11-06-a-las-6.24.44-p.m-750x279.jpg 750w, https:\/\/martarodriguez.com.co\/wp-content\/uploads\/2025\/11\/Captura-de-Pantalla-2025-11-06-a-las-6.24.44-p.m-600x223.jpg 600w, https:\/\/martarodriguez.com.co\/wp-content\/uploads\/2025\/11\/Captura-de-Pantalla-2025-11-06-a-las-6.24.44-p.m.jpg 1411w\" sizes=\"(max-width: 750px) 100vw, 750px\" \/>\t\t\t\t\t\t\t\t\t\t\t\t\t<\/div>\n\t\t\t\t<\/div>\n\t\t\t\t<div class=\"elementor-element elementor-element-77b5c1c elementor-widget-mobile__width-initial exad-sticky-section-no exad-glass-effect-no elementor-widget elementor-widget-text-editor\" data-id=\"77b5c1c\" data-element_type=\"widget\" data-widget_type=\"text-editor.default\">\n\t\t\t\t<div class=\"elementor-widget-container\">\n\t\t\t<style>\/*! elementor - v3.21.0 - 15-04-2024 *\/\n.elementor-widget-text-editor.elementor-drop-cap-view-stacked .elementor-drop-cap{background-color:#69727d;color:#fff}.elementor-widget-text-editor.elementor-drop-cap-view-framed .elementor-drop-cap{color:#69727d;border:3px solid;background-color:transparent}.elementor-widget-text-editor:not(.elementor-drop-cap-view-default) .elementor-drop-cap{margin-top:8px}.elementor-widget-text-editor:not(.elementor-drop-cap-view-default) .elementor-drop-cap-letter{width:1em;height:1em}.elementor-widget-text-editor .elementor-drop-cap{float:left;text-align:center;line-height:1;font-size:50px}.elementor-widget-text-editor .elementor-drop-cap-letter{display:inline-block}<\/style>\t\t\t\t<p><span data-sheets-root=\"1\">El art\u00edculo hace una semblanza de la vida y obra del dirigente ind\u00edgena Benjam\u00edn Dindicu\u00e9, rememorando su legado de lucha, a un mes del asesinato en su propia casa, frente a su esposa e hijos, por parte de p\u00e1jaros al servicio de los terratenientes y de los enemigos pol\u00edticos de las comunidades organizadas en el CRIC.\u00a0<\/span><\/p>\n<p><span data-sheets-root=\"1\">Ya desde 1967 fue activo colaborador del mayor Cruz Tere, gobernador que impuls\u00f3 la recuperaci\u00f3n de tierras en la Granja de Irlanda, lucha que lo marcar\u00eda de por vida, al concientizarlo de la efectividad de la acci\u00f3n directa frente a las quejas y memoriales, llev\u00e1ndolo a participar en futuras recuperaciones. En paralelo que animaba a sus compa\u00f1eros a adquirir conocimientos modernos occidentales referentes a oficios, se preocup\u00f3 por comprender y difundir la sabidur\u00eda tradicional y la historia de su pueblo.\u00a0<\/span><\/p>\n<p><span data-sheets-root=\"1\">En su condici\u00f3n de dirigente sufri\u00f3 en carne propia detenciones, amenazas, allanamientos, al punto de serle imposible el paso por Belalc\u00e1zar. Como reconocimiento, en el cuarto congreso se lo eligi\u00f3 como vicepresidente del comit\u00e9 ejecutivo del CRIC, representado a la organizaci\u00f3n en diversos eventos por todo el pa\u00eds. Sus opiniones sobre la educaci\u00f3n ind\u00edgena constituyeron las directrices para el trabajo educativo del CRIC.\u00a0<\/span><\/p>\n<p><span data-sheets-root=\"1\">Orgulloso de su cultura, pon\u00eda en pr\u00e1ctica frecuentemente las formas de minga, cambio de manos y cuidos, adem\u00e1s de consultar permanentemente a los m\u00e9dicos tradicionales. Su desaparici\u00f3n f\u00edsica no implica que su pensamiento pol\u00edtico e idea de lucha haya muerto; viven en la memoria y conciencia de cada compa\u00f1ero.\u00a0<\/span><\/p>\n<p><span data-sheets-root=\"1\">Al final del art\u00edculo se afirma que su asesinato hace parte del recrudecimiento de una campa\u00f1a ofensiva del gobierno contra los ind\u00edgenas caucanos, que incluye la detenci\u00f3n y tortura del presidente Marcos Avirama y su hermano Edgar Avirama, alentada bajo el Estado de Sitio, el Estatuto de Seguridad y el art\u00edculo 28 de la Constituci\u00f3n de 1886. <\/span><\/p>\t\t\t\t\t\t<\/div>\n\t\t\t\t<\/div>\n\t\t\t\t<div class=\"elementor-element elementor-element-496b670 exad-sticky-section-no exad-glass-effect-no elementor-widget elementor-widget-text-editor\" data-id=\"496b670\" data-element_type=\"widget\" data-widget_type=\"text-editor.default\">\n\t\t\t\t<div class=\"elementor-widget-container\">\n\t\t\t\t\t\t\t<p><strong>C\u00d3DIGO<\/strong>: H0251b<\/p>\n<p><strong>IDIOMA:<\/strong> Castellano<\/p>\n<p><strong style=\"color: var( --e-global-color-text ); font-family: var( --e-global-typography-text-font-family ), Sans-serif;\">PERSONA JUR\u00cdDICA\/NATURAL\/ROL:<\/strong>Benjamin Dindicu\u00e9, Cruz Tere, Monse\u00f1or Vallejo, padre German Garc\u00eda, Marco Anibal Avirama, Edgar Avirama,<\/p>\n<p><strong>TOPON\u00cdMICOS:<\/strong>Tierradentro, Huila, Belalc\u00e1zar, Cauca, Granja de Irlanda, El Buco, La S\u00edmbola, Cartagena, Manizales, Putumayo, Caquet\u00e1,<\/p>\n<p><strong style=\"color: var( --e-global-color-text ); font-family: var( --e-global-typography-text-font-family ), Sans-serif;\">TEM\u00c1TICOS:<\/strong><span style=\"color: var( --e-global-color-text ); font-family: var( --e-global-typography-text-font-family ), Sans-serif; font-weight: var( --e-global-typography-text-font-weight );\"> <span data-sheets-root=\"1\">CRIC, Ley 89, Memoriales, Acci\u00f3n Directa, Recuperaci\u00f3n de Tierras, Cuarto Congreso, Comit\u00e9 Ejecutivo, Novena Junta Nacional de la ANUC, Estado de Sitio, Estatuto de Seguridad, Art\u00edculo 28 de la Constituci\u00f3n de 1886.<\/span><\/span><\/p>\n<p><!-- \/wp:paragraph --><!-- wp:paragraph --><\/p>\n<p><strong>CRONOL\u00d3GICOS:<\/strong> <span data-sheets-root=\"1\">1979<\/span><\/p>\n<p><!-- \/wp:paragraph --><!-- wp:paragraph --><\/p>\n<p><!-- \/wp:paragraph --><!-- wp:paragraph --><\/p>\n<p><!-- \/wp:paragraph --><\/p>\t\t\t\t\t\t<\/div>\n\t\t\t\t<\/div>\n\t\t\t\t\t<\/div>\n\t\t<\/div>\n\t\t\t\t\t<\/div>\n\t\t<\/section>\n\t\t\t\t<\/div>\n\t\t","protected":false},"excerpt":{"rendered":"<p>El art\u00edculo hace una semblanza de la vida y obra del dirigente ind\u00edgena Benjam\u00edn Dindicu\u00e9, rememorando su legado de lucha, a un mes del asesinato en su propia casa, frente a su esposa e hijos, por parte de p\u00e1jaros al servicio de los terratenientes y de los enemigos pol\u00edticos de las comunidades organizadas en el [&hellip;]<\/p>\n","protected":false},"author":1,"featured_media":13560,"comment_status":"closed","ping_status":"open","sticky":false,"template":"","format":"standard","meta":{"_acf_changed":false,"footnotes":""},"categories":[28],"tags":[1933,1935,1622,501,539,649,800,1421,108,1939,1419,816,1937,183,1727,1936,542,1938,1931,492,792,1932,896,1934,1940,1737,136,1420],"class_list":["post-13558","post","type-post","status-publish","format-standard","has-post-thumbnail","hentry","category-hemeroteca","tag-accion-directa","tag-arituclo-28-de-la-constitucion-de-1886","tag-belalcazar","tag-benjamin-dindicue","tag-caqueta","tag-cartagena","tag-cauca","tag-comite-ejecutivo","tag-cric","tag-cruz-tere","tag-cuarto-congreso","tag-edgar-avirama","tag-el-buco","tag-estado-de-sitio","tag-estatuto-de-seguridad","tag-granja-de-irlanda","tag-huila","tag-la-simbola","tag-ley-89","tag-manizales","tag-marco-anibal-avirama","tag-memoriales","tag-monsenor-vallejo","tag-novena-junta-nacional-de-la-anuc","tag-padre-german-garcia","tag-putumayo","tag-recuperacion-de-tierras","tag-tierradentro"],"acf":[],"_links":{"self":[{"href":"https:\/\/martarodriguez.com.co\/index.php\/wp-json\/wp\/v2\/posts\/13558","targetHints":{"allow":["GET"]}}],"collection":[{"href":"https:\/\/martarodriguez.com.co\/index.php\/wp-json\/wp\/v2\/posts"}],"about":[{"href":"https:\/\/martarodriguez.com.co\/index.php\/wp-json\/wp\/v2\/types\/post"}],"author":[{"embeddable":true,"href":"https:\/\/martarodriguez.com.co\/index.php\/wp-json\/wp\/v2\/users\/1"}],"replies":[{"embeddable":true,"href":"https:\/\/martarodriguez.com.co\/index.php\/wp-json\/wp\/v2\/comments?post=13558"}],"version-history":[{"count":28,"href":"https:\/\/martarodriguez.com.co\/index.php\/wp-json\/wp\/v2\/posts\/13558\/revisions"}],"predecessor-version":[{"id":18061,"href":"https:\/\/martarodriguez.com.co\/index.php\/wp-json\/wp\/v2\/posts\/13558\/revisions\/18061"}],"wp:featuredmedia":[{"embeddable":true,"href":"https:\/\/martarodriguez.com.co\/index.php\/wp-json\/wp\/v2\/media\/13560"}],"wp:attachment":[{"href":"https:\/\/martarodriguez.com.co\/index.php\/wp-json\/wp\/v2\/media?parent=13558"}],"wp:term":[{"taxonomy":"category","embeddable":true,"href":"https:\/\/martarodriguez.com.co\/index.php\/wp-json\/wp\/v2\/categories?post=13558"},{"taxonomy":"post_tag","embeddable":true,"href":"https:\/\/martarodriguez.com.co\/index.php\/wp-json\/wp\/v2\/tags?post=13558"}],"curies":[{"name":"wp","href":"https:\/\/api.w.org\/{rel}","templated":true}]}}