{"id":13541,"date":"2025-11-06T22:59:22","date_gmt":"2025-11-06T22:59:22","guid":{"rendered":"https:\/\/martarodriguez.com.co\/?p=13541"},"modified":"2026-01-09T22:21:16","modified_gmt":"2026-01-09T22:21:16","slug":"unidad-indigena-no-34-ano-5-marzo-de-1979_portada","status":"publish","type":"post","link":"https:\/\/martarodriguez.com.co\/index.php\/2025\/11\/06\/unidad-indigena-no-34-ano-5-marzo-de-1979_portada\/","title":{"rendered":"H0251- UI 34 Portada"},"content":{"rendered":"\t\t<div data-elementor-type=\"wp-post\" data-elementor-id=\"13541\" class=\"elementor elementor-13541\">\n\t\t\t\t\t\t<section class=\"elementor-section elementor-top-section elementor-element elementor-element-77752575 elementor-section-boxed elementor-section-height-default elementor-section-height-default exad-glass-effect-no wpr-particle-no wpr-jarallax-no wpr-parallax-no wpr-sticky-section-no exad-sticky-section-no\" data-id=\"77752575\" data-element_type=\"section\">\n\t\t\t\t\t\t<div class=\"elementor-container elementor-column-gap-default\">\n\t\t\t\t\t<div class=\"elementor-column elementor-col-100 elementor-top-column elementor-element elementor-element-6fd6a63d exad-glass-effect-no exad-sticky-section-no\" data-id=\"6fd6a63d\" data-element_type=\"column\">\n\t\t\t<div class=\"elementor-widget-wrap elementor-element-populated\">\n\t\t\t\t\t\t<div class=\"elementor-element elementor-element-1ee9fed exad-sticky-section-no exad-glass-effect-no elementor-widget elementor-widget-image\" data-id=\"1ee9fed\" data-element_type=\"widget\" data-widget_type=\"image.default\">\n\t\t\t\t<div class=\"elementor-widget-container\">\n\t\t\t<style>\/*! elementor - v3.21.0 - 15-04-2024 *\/\n.elementor-widget-image{text-align:center}.elementor-widget-image a{display:inline-block}.elementor-widget-image a img[src$=\".svg\"]{width:48px}.elementor-widget-image img{vertical-align:middle;display:inline-block}<\/style>\t\t\t\t\t\t\t\t\t\t<img fetchpriority=\"high\" decoding=\"async\" width=\"1560\" height=\"2048\" src=\"https:\/\/martarodriguez.com.co\/wp-content\/uploads\/2025\/11\/Unidad-Indigena-34-1-1-1560x2048.jpg\" class=\"attachment-2048x2048 size-2048x2048 wp-image-13546\" alt=\"\" srcset=\"https:\/\/martarodriguez.com.co\/wp-content\/uploads\/2025\/11\/Unidad-Indigena-34-1-1-1560x2048.jpg 1560w, https:\/\/martarodriguez.com.co\/wp-content\/uploads\/2025\/11\/Unidad-Indigena-34-1-1-229x300.jpg 229w, https:\/\/martarodriguez.com.co\/wp-content\/uploads\/2025\/11\/Unidad-Indigena-34-1-1-780x1024.jpg 780w, https:\/\/martarodriguez.com.co\/wp-content\/uploads\/2025\/11\/Unidad-Indigena-34-1-1-768x1008.jpg 768w, https:\/\/martarodriguez.com.co\/wp-content\/uploads\/2025\/11\/Unidad-Indigena-34-1-1-1170x1536.jpg 1170w, https:\/\/martarodriguez.com.co\/wp-content\/uploads\/2025\/11\/Unidad-Indigena-34-1-1-750x985.jpg 750w, https:\/\/martarodriguez.com.co\/wp-content\/uploads\/2025\/11\/Unidad-Indigena-34-1-1-600x788.jpg 600w, https:\/\/martarodriguez.com.co\/wp-content\/uploads\/2025\/11\/Unidad-Indigena-34-1-1-scaled.jpg 1950w\" sizes=\"(max-width: 1560px) 100vw, 1560px\" \/>\t\t\t\t\t\t\t\t\t\t\t\t\t<\/div>\n\t\t\t\t<\/div>\n\t\t\t\t<div class=\"elementor-element elementor-element-77b5c1c exad-sticky-section-no exad-glass-effect-no elementor-widget elementor-widget-text-editor\" data-id=\"77b5c1c\" data-element_type=\"widget\" data-widget_type=\"text-editor.default\">\n\t\t\t\t<div class=\"elementor-widget-container\">\n\t\t\t<style>\/*! elementor - v3.21.0 - 15-04-2024 *\/\n.elementor-widget-text-editor.elementor-drop-cap-view-stacked .elementor-drop-cap{background-color:#69727d;color:#fff}.elementor-widget-text-editor.elementor-drop-cap-view-framed .elementor-drop-cap{color:#69727d;border:3px solid;background-color:transparent}.elementor-widget-text-editor:not(.elementor-drop-cap-view-default) .elementor-drop-cap{margin-top:8px}.elementor-widget-text-editor:not(.elementor-drop-cap-view-default) .elementor-drop-cap-letter{width:1em;height:1em}.elementor-widget-text-editor .elementor-drop-cap{float:left;text-align:center;line-height:1;font-size:50px}.elementor-widget-text-editor .elementor-drop-cap-letter{display:inline-block}<\/style>\t\t\t\t<p><span data-sheets-root=\"1\">Portada del n\u00famero 34 de Unidad Ind\u00edgena. En la parte superior de la portada, el encabezado, est\u00e1 el nombre del peri\u00f3dico y su imagen logot\u00edpica de tres indigenas de diferentes comunidades de perfil y tres cuartos, enmarcados por un delineado en negro con \u00e1ngulos redondeados. Justo abajo, en un rengl\u00f3n, est\u00e1n escritos mes, a\u00f1o, director, apartado a\u00e9reo, tel\u00e9fono, ciudad, licencia de Min Gobierno, Tarjeta Postal Red.\u00a0<\/span><\/p>\n<p><span data-sheets-root=\"1\">En el cuerpo, dentro de un marco delineado en negro con \u00e1ngulos redondeados, sobre fondo rojo, se lee en letras capitales de color blanco: &#8220;ASESINADO BENJAMIN DINCUE&#8221; , y bajo este encabezado una foto con la figura delineada del dirigente Benjam\u00edn Dincue, quien levanta su brazo derecho; su boca abierta pareciera estar profiriendo una consigna o arenga.\u00a0<\/span><\/p>\n<p><span data-sheets-root=\"1\">En la parte inferior, enmarcado por un delineado en negro con \u00e1ngulos redondeados, sobre un fondo rojo aparece el n\u00famero, a\u00f1o y fecha de publicaci\u00f3n, as\u00ed como algunos titulares en letras de color blanco; &#8220;Torturados dirigentes del CRIC&#8221;, &#8220;Comunicado desde la c\u00e1rcel&#8221;, &#8220;Foro por los Derechos Humanos&#8221;. <\/span><\/p>\t\t\t\t\t\t<\/div>\n\t\t\t\t<\/div>\n\t\t\t\t<div class=\"elementor-element elementor-element-496b670 exad-sticky-section-no exad-glass-effect-no elementor-widget elementor-widget-text-editor\" data-id=\"496b670\" data-element_type=\"widget\" data-widget_type=\"text-editor.default\">\n\t\t\t\t<div class=\"elementor-widget-container\">\n\t\t\t\t\t\t\t<p><strong>C\u00d3DIGO<\/strong>: H0251<\/p>\n<p><strong>IDIOMA:<\/strong> Castellano<\/p>\n<p><strong style=\"color: var( --e-global-color-text ); font-family: var( --e-global-typography-text-font-family ), Sans-serif;\">PERSONA JUR\u00cdDICA\/NATURAL\/ROL:<\/strong>Benjamin Dindicu\u00e9,<\/p>\n<p><strong>TOPON\u00cdMICOS: <\/strong>,<\/p>\n<p><strong style=\"color: var( --e-global-color-text ); font-family: var( --e-global-typography-text-font-family ), Sans-serif;\">TEM\u00c1TICOS:<\/strong><span style=\"color: var( --e-global-color-text ); font-family: var( --e-global-typography-text-font-family ), Sans-serif; font-weight: var( --e-global-typography-text-font-weight );\"> <span data-sheets-root=\"1\">Portada, Unidad Ind\u00edgena, Torturas, Derechos Humanos, Presos Pol\u00edticos, <\/span><\/span><\/p>\n<p><!-- \/wp:paragraph --><!-- wp:paragraph --><\/p>\n<p><strong>CRONOL\u00d3GICOS:<\/strong> <span data-sheets-root=\"1\">1979<\/span><\/p>\n<p><!-- \/wp:paragraph --><!-- wp:paragraph --><\/p>\n<p><!-- \/wp:paragraph --><!-- wp:paragraph --><\/p>\n<p><!-- \/wp:paragraph --><\/p>\t\t\t\t\t\t<\/div>\n\t\t\t\t<\/div>\n\t\t\t\t\t<\/div>\n\t\t<\/div>\n\t\t\t\t\t<\/div>\n\t\t<\/section>\n\t\t\t\t<\/div>\n\t\t","protected":false},"excerpt":{"rendered":"<p>Portada del n\u00famero 34 de Unidad Ind\u00edgena. En la parte superior de la portada, el encabezado, est\u00e1 el nombre del peri\u00f3dico y su imagen logot\u00edpica de tres indigenas de diferentes comunidades de perfil y tres cuartos, enmarcados por un delineado en negro con \u00e1ngulos redondeados. Justo abajo, en un rengl\u00f3n, est\u00e1n escritos mes, a\u00f1o, director, [&hellip;]<\/p>\n","protected":false},"author":1,"featured_media":13543,"comment_status":"closed","ping_status":"open","sticky":false,"template":"","format":"standard","meta":{"_acf_changed":false,"footnotes":""},"categories":[28],"tags":[501,71,1418,740,1789,1184],"class_list":["post-13541","post","type-post","status-publish","format-standard","has-post-thumbnail","hentry","category-hemeroteca","tag-benjamin-dindicue","tag-derechos-humanos","tag-portada","tag-presos-politicos","tag-torturas","tag-unidad-indigena"],"acf":[],"_links":{"self":[{"href":"https:\/\/martarodriguez.com.co\/index.php\/wp-json\/wp\/v2\/posts\/13541","targetHints":{"allow":["GET"]}}],"collection":[{"href":"https:\/\/martarodriguez.com.co\/index.php\/wp-json\/wp\/v2\/posts"}],"about":[{"href":"https:\/\/martarodriguez.com.co\/index.php\/wp-json\/wp\/v2\/types\/post"}],"author":[{"embeddable":true,"href":"https:\/\/martarodriguez.com.co\/index.php\/wp-json\/wp\/v2\/users\/1"}],"replies":[{"embeddable":true,"href":"https:\/\/martarodriguez.com.co\/index.php\/wp-json\/wp\/v2\/comments?post=13541"}],"version-history":[{"count":12,"href":"https:\/\/martarodriguez.com.co\/index.php\/wp-json\/wp\/v2\/posts\/13541\/revisions"}],"predecessor-version":[{"id":18046,"href":"https:\/\/martarodriguez.com.co\/index.php\/wp-json\/wp\/v2\/posts\/13541\/revisions\/18046"}],"wp:featuredmedia":[{"embeddable":true,"href":"https:\/\/martarodriguez.com.co\/index.php\/wp-json\/wp\/v2\/media\/13543"}],"wp:attachment":[{"href":"https:\/\/martarodriguez.com.co\/index.php\/wp-json\/wp\/v2\/media?parent=13541"}],"wp:term":[{"taxonomy":"category","embeddable":true,"href":"https:\/\/martarodriguez.com.co\/index.php\/wp-json\/wp\/v2\/categories?post=13541"},{"taxonomy":"post_tag","embeddable":true,"href":"https:\/\/martarodriguez.com.co\/index.php\/wp-json\/wp\/v2\/tags?post=13541"}],"curies":[{"name":"wp","href":"https:\/\/api.w.org\/{rel}","templated":true}]}}