{"id":13470,"date":"2025-11-06T22:04:08","date_gmt":"2025-11-06T22:04:08","guid":{"rendered":"https:\/\/martarodriguez.com.co\/?p=13470"},"modified":"2025-11-19T20:13:22","modified_gmt":"2025-11-19T20:13:22","slug":"unidad-indigena-no-33-ano-4-diciembre-de-1978_detenidos-jornaleros-agricolas-en-chinchina","status":"publish","type":"post","link":"https:\/\/martarodriguez.com.co\/index.php\/2025\/11\/06\/unidad-indigena-no-33-ano-4-diciembre-de-1978_detenidos-jornaleros-agricolas-en-chinchina\/","title":{"rendered":"H0250j- UI 33 Detenidos jornaleros agr\u00edcolas en Chinchin\u00e1"},"content":{"rendered":"\t\t<div data-elementor-type=\"wp-post\" data-elementor-id=\"13470\" class=\"elementor elementor-13470\">\n\t\t\t\t\t\t<section class=\"elementor-section elementor-top-section elementor-element elementor-element-77752575 elementor-section-boxed elementor-section-height-default elementor-section-height-default exad-glass-effect-no wpr-particle-no wpr-jarallax-no wpr-parallax-no wpr-sticky-section-no exad-sticky-section-no\" data-id=\"77752575\" data-element_type=\"section\">\n\t\t\t\t\t\t<div class=\"elementor-container elementor-column-gap-default\">\n\t\t\t\t\t<div class=\"elementor-column elementor-col-100 elementor-top-column elementor-element elementor-element-6fd6a63d exad-glass-effect-no exad-sticky-section-no\" data-id=\"6fd6a63d\" data-element_type=\"column\">\n\t\t\t<div class=\"elementor-widget-wrap elementor-element-populated\">\n\t\t\t\t\t\t<div class=\"elementor-element elementor-element-1ee9fed exad-sticky-section-no exad-glass-effect-no elementor-widget elementor-widget-image\" data-id=\"1ee9fed\" data-element_type=\"widget\" data-widget_type=\"image.default\">\n\t\t\t\t<div class=\"elementor-widget-container\">\n\t\t\t<style>\/*! elementor - v3.21.0 - 15-04-2024 *\/\n.elementor-widget-image{text-align:center}.elementor-widget-image a{display:inline-block}.elementor-widget-image a img[src$=\".svg\"]{width:48px}.elementor-widget-image img{vertical-align:middle;display:inline-block}<\/style>\t\t\t\t\t\t\t\t\t\t<img fetchpriority=\"high\" decoding=\"async\" width=\"586\" height=\"884\" src=\"https:\/\/martarodriguez.com.co\/wp-content\/uploads\/2025\/11\/Captura-de-Pantalla-2025-11-06-a-las-5.03.11-p.m.jpg\" class=\"attachment-2048x2048 size-2048x2048 wp-image-13474\" alt=\"\" srcset=\"https:\/\/martarodriguez.com.co\/wp-content\/uploads\/2025\/11\/Captura-de-Pantalla-2025-11-06-a-las-5.03.11-p.m.jpg 586w, https:\/\/martarodriguez.com.co\/wp-content\/uploads\/2025\/11\/Captura-de-Pantalla-2025-11-06-a-las-5.03.11-p.m-199x300.jpg 199w\" sizes=\"(max-width: 586px) 100vw, 586px\" \/>\t\t\t\t\t\t\t\t\t\t\t\t\t<\/div>\n\t\t\t\t<\/div>\n\t\t\t\t<div class=\"elementor-element elementor-element-77b5c1c exad-sticky-section-no exad-glass-effect-no elementor-widget elementor-widget-text-editor\" data-id=\"77b5c1c\" data-element_type=\"widget\" data-widget_type=\"text-editor.default\">\n\t\t\t\t<div class=\"elementor-widget-container\">\n\t\t\t<style>\/*! elementor - v3.21.0 - 15-04-2024 *\/\n.elementor-widget-text-editor.elementor-drop-cap-view-stacked .elementor-drop-cap{background-color:#69727d;color:#fff}.elementor-widget-text-editor.elementor-drop-cap-view-framed .elementor-drop-cap{color:#69727d;border:3px solid;background-color:transparent}.elementor-widget-text-editor:not(.elementor-drop-cap-view-default) .elementor-drop-cap{margin-top:8px}.elementor-widget-text-editor:not(.elementor-drop-cap-view-default) .elementor-drop-cap-letter{width:1em;height:1em}.elementor-widget-text-editor .elementor-drop-cap{float:left;text-align:center;line-height:1;font-size:50px}.elementor-widget-text-editor .elementor-drop-cap-letter{display:inline-block}<\/style>\t\t\t\t<p><span data-sheets-root=\"1\">En la nota se denuncia la detenci\u00f3n de 18 jornaleros en Chinchin\u00e1 por exigir mejores condiciones de trabajo, al igual que en Sevilla, donde fueron detenidos 50 jornaleros, a quienes solo se les garantiz\u00f3 la libertad si desist\u00edan de sus reivindicaciones y se aten\u00edan al salario y condiciones impuestas. Al caracterizar al jornalero como un trabajador agr\u00edcola sin tierra y en constante migraci\u00f3n en busca de sustento, se plantea la dificultad de organizar un sindicato o gremio que defienda sus intereses con miembros permanentes, naciendo los primeros en la zona cafetera aunque expuestos a los abusos de la aplicaci\u00f3n del Estatuto de Seguridad. <\/span><\/p>\t\t\t\t\t\t<\/div>\n\t\t\t\t<\/div>\n\t\t\t\t<div class=\"elementor-element elementor-element-496b670 exad-sticky-section-no exad-glass-effect-no elementor-widget elementor-widget-text-editor\" data-id=\"496b670\" data-element_type=\"widget\" data-widget_type=\"text-editor.default\">\n\t\t\t\t<div class=\"elementor-widget-container\">\n\t\t\t\t\t\t\t<p><strong>C\u00d3DIGO<\/strong>: H0250j<\/p>\n<p><strong>IDIOMA:<\/strong> Castellano<\/p>\n<p><strong style=\"color: var( --e-global-color-text ); font-family: var( --e-global-typography-text-font-family ), Sans-serif;\">PERSONA JUR\u00cdDICA\/NATURAL\/ROL:\u00a0<\/strong><\/p>\n<p><strong>TOPON\u00cdMICOS: <\/strong>Chinchin\u00e1, zona cafetera, Quind\u00edo, Calsa, Valle, Sevilla,<\/p>\n<p><strong style=\"color: var( --e-global-color-text ); font-family: var( --e-global-typography-text-font-family ), Sans-serif;\">TEM\u00c1TICOS:<\/strong><span style=\"color: var( --e-global-color-text ); font-family: var( --e-global-typography-text-font-family ), Sans-serif; font-weight: var( --e-global-typography-text-font-weight );\"> <span data-sheets-root=\"1\">Jornaleros, Salario, Cosecha, Sindicatos, Estatuto de Seguridad, Brigada Militar, Represi\u00f3n, La Violencia, <\/span><\/span><\/p>\n<p><!-- \/wp:paragraph --><!-- wp:paragraph --><\/p>\n<p><strong>CRONOL\u00d3GICOS:<\/strong> <span data-sheets-root=\"1\">1978<\/span><\/p>\n<p><!-- \/wp:paragraph --><!-- wp:paragraph --><\/p>\n<p><!-- \/wp:paragraph --><!-- wp:paragraph --><\/p>\n<p><!-- \/wp:paragraph --><\/p>\t\t\t\t\t\t<\/div>\n\t\t\t\t<\/div>\n\t\t\t\t\t<\/div>\n\t\t<\/div>\n\t\t\t\t\t<\/div>\n\t\t<\/section>\n\t\t\t\t<\/div>\n\t\t","protected":false},"excerpt":{"rendered":"<p>En la nota se denuncia la detenci\u00f3n de 18 jornaleros en Chinchin\u00e1 por exigir mejores condiciones de trabajo, al igual que en Sevilla, donde fueron detenidos 50 jornaleros, a quienes solo se les garantiz\u00f3 la libertad si desist\u00edan de sus reivindicaciones y se aten\u00edan al salario y condiciones impuestas. Al caracterizar al jornalero como un [&hellip;]<\/p>\n","protected":false},"author":1,"featured_media":13472,"comment_status":"open","ping_status":"open","sticky":false,"template":"","format":"standard","meta":{"_acf_changed":false,"footnotes":""},"categories":[28],"tags":[1905,1909,1906,1903,1727,1901,1019,1908,169,1902,1911,1904,1910,1907],"class_list":["post-13470","post","type-post","status-publish","format-standard","has-post-thumbnail","hentry","category-hemeroteca","tag-brigada-militar","tag-calsa","tag-chinchina","tag-cosecha","tag-estatuto-de-seguridad","tag-jornaleros","tag-la-violencia","tag-quindio","tag-represion","tag-salario","tag-sevilla","tag-sindicatos","tag-valle","tag-zona-cafetera"],"acf":[],"_links":{"self":[{"href":"https:\/\/martarodriguez.com.co\/index.php\/wp-json\/wp\/v2\/posts\/13470","targetHints":{"allow":["GET"]}}],"collection":[{"href":"https:\/\/martarodriguez.com.co\/index.php\/wp-json\/wp\/v2\/posts"}],"about":[{"href":"https:\/\/martarodriguez.com.co\/index.php\/wp-json\/wp\/v2\/types\/post"}],"author":[{"embeddable":true,"href":"https:\/\/martarodriguez.com.co\/index.php\/wp-json\/wp\/v2\/users\/1"}],"replies":[{"embeddable":true,"href":"https:\/\/martarodriguez.com.co\/index.php\/wp-json\/wp\/v2\/comments?post=13470"}],"version-history":[{"count":7,"href":"https:\/\/martarodriguez.com.co\/index.php\/wp-json\/wp\/v2\/posts\/13470\/revisions"}],"predecessor-version":[{"id":17380,"href":"https:\/\/martarodriguez.com.co\/index.php\/wp-json\/wp\/v2\/posts\/13470\/revisions\/17380"}],"wp:featuredmedia":[{"embeddable":true,"href":"https:\/\/martarodriguez.com.co\/index.php\/wp-json\/wp\/v2\/media\/13472"}],"wp:attachment":[{"href":"https:\/\/martarodriguez.com.co\/index.php\/wp-json\/wp\/v2\/media?parent=13470"}],"wp:term":[{"taxonomy":"category","embeddable":true,"href":"https:\/\/martarodriguez.com.co\/index.php\/wp-json\/wp\/v2\/categories?post=13470"},{"taxonomy":"post_tag","embeddable":true,"href":"https:\/\/martarodriguez.com.co\/index.php\/wp-json\/wp\/v2\/tags?post=13470"}],"curies":[{"name":"wp","href":"https:\/\/api.w.org\/{rel}","templated":true}]}}