{"id":13435,"date":"2025-11-06T21:38:45","date_gmt":"2025-11-06T21:38:45","guid":{"rendered":"https:\/\/martarodriguez.com.co\/?p=13435"},"modified":"2025-11-06T21:39:03","modified_gmt":"2025-11-06T21:39:03","slug":"unidad-indigena-no-33-ano-4-diciembre-de-1978_creado-consejo-regional-indigena-de-narino","status":"publish","type":"post","link":"https:\/\/martarodriguez.com.co\/index.php\/2025\/11\/06\/unidad-indigena-no-33-ano-4-diciembre-de-1978_creado-consejo-regional-indigena-de-narino\/","title":{"rendered":"H0250d- UI 33 Creado Consejo Regional Ind\u00edgena de Nari\u00f1o"},"content":{"rendered":"\t\t<div data-elementor-type=\"wp-post\" data-elementor-id=\"13435\" class=\"elementor elementor-13435\">\n\t\t\t\t\t\t<section class=\"elementor-section elementor-top-section elementor-element elementor-element-77752575 elementor-section-boxed elementor-section-height-default elementor-section-height-default exad-glass-effect-no wpr-particle-no wpr-jarallax-no wpr-parallax-no wpr-sticky-section-no exad-sticky-section-no\" data-id=\"77752575\" data-element_type=\"section\">\n\t\t\t\t\t\t<div class=\"elementor-container elementor-column-gap-default\">\n\t\t\t\t\t<div class=\"elementor-column elementor-col-100 elementor-top-column elementor-element elementor-element-6fd6a63d exad-glass-effect-no exad-sticky-section-no\" data-id=\"6fd6a63d\" data-element_type=\"column\">\n\t\t\t<div class=\"elementor-widget-wrap elementor-element-populated\">\n\t\t\t\t\t\t<div class=\"elementor-element elementor-element-1ee9fed exad-sticky-section-no exad-glass-effect-no elementor-widget elementor-widget-image\" data-id=\"1ee9fed\" data-element_type=\"widget\" data-widget_type=\"image.default\">\n\t\t\t\t<div class=\"elementor-widget-container\">\n\t\t\t<style>\/*! elementor - v3.21.0 - 15-04-2024 *\/\n.elementor-widget-image{text-align:center}.elementor-widget-image a{display:inline-block}.elementor-widget-image a img[src$=\".svg\"]{width:48px}.elementor-widget-image img{vertical-align:middle;display:inline-block}<\/style>\t\t\t\t\t\t\t\t\t\t<img fetchpriority=\"high\" decoding=\"async\" width=\"1374\" height=\"339\" src=\"https:\/\/martarodriguez.com.co\/wp-content\/uploads\/2025\/11\/Captura-de-Pantalla-2025-11-06-a-las-4.35.50-p.m.jpg\" class=\"attachment-2048x2048 size-2048x2048 wp-image-13439\" alt=\"\" srcset=\"https:\/\/martarodriguez.com.co\/wp-content\/uploads\/2025\/11\/Captura-de-Pantalla-2025-11-06-a-las-4.35.50-p.m.jpg 1374w, https:\/\/martarodriguez.com.co\/wp-content\/uploads\/2025\/11\/Captura-de-Pantalla-2025-11-06-a-las-4.35.50-p.m-300x74.jpg 300w, https:\/\/martarodriguez.com.co\/wp-content\/uploads\/2025\/11\/Captura-de-Pantalla-2025-11-06-a-las-4.35.50-p.m-1024x253.jpg 1024w, https:\/\/martarodriguez.com.co\/wp-content\/uploads\/2025\/11\/Captura-de-Pantalla-2025-11-06-a-las-4.35.50-p.m-768x189.jpg 768w, https:\/\/martarodriguez.com.co\/wp-content\/uploads\/2025\/11\/Captura-de-Pantalla-2025-11-06-a-las-4.35.50-p.m-750x185.jpg 750w, https:\/\/martarodriguez.com.co\/wp-content\/uploads\/2025\/11\/Captura-de-Pantalla-2025-11-06-a-las-4.35.50-p.m-600x148.jpg 600w\" sizes=\"(max-width: 1374px) 100vw, 1374px\" \/>\t\t\t\t\t\t\t\t\t\t\t\t\t<\/div>\n\t\t\t\t<\/div>\n\t\t\t\t<div class=\"elementor-element elementor-element-77b5c1c exad-sticky-section-no exad-glass-effect-no elementor-widget elementor-widget-text-editor\" data-id=\"77b5c1c\" data-element_type=\"widget\" data-widget_type=\"text-editor.default\">\n\t\t\t\t<div class=\"elementor-widget-container\">\n\t\t\t<style>\/*! elementor - v3.21.0 - 15-04-2024 *\/\n.elementor-widget-text-editor.elementor-drop-cap-view-stacked .elementor-drop-cap{background-color:#69727d;color:#fff}.elementor-widget-text-editor.elementor-drop-cap-view-framed .elementor-drop-cap{color:#69727d;border:3px solid;background-color:transparent}.elementor-widget-text-editor:not(.elementor-drop-cap-view-default) .elementor-drop-cap{margin-top:8px}.elementor-widget-text-editor:not(.elementor-drop-cap-view-default) .elementor-drop-cap-letter{width:1em;height:1em}.elementor-widget-text-editor .elementor-drop-cap{float:left;text-align:center;line-height:1;font-size:50px}.elementor-widget-text-editor .elementor-drop-cap-letter{display:inline-block}<\/style>\t\t\t\t<p><span data-sheets-root=\"1\">La nota da cuenta de la creaci\u00f3n del CRIN el d\u00eda 12 de octubre de 1978, como resultado de los encuentros del Indio de Nari\u00f1o, llevados a cabo desde 1976 en el mes de julio, y en los que la mayor\u00eda de cabildos de Nari\u00f1o particip\u00f3. Como delegado del CRIC asisti\u00f3 Juan Gregorio Pelechor, quien intervino en la apertura del congreso. Las tareas del CRIN ser\u00e1n luchar por la restauraci\u00f3n y la ampliaci\u00f3n de los resguardos, as\u00ed como velar por sus reivindicaciones econ\u00f3micas y sociales. <\/span><\/p>\t\t\t\t\t\t<\/div>\n\t\t\t\t<\/div>\n\t\t\t\t<div class=\"elementor-element elementor-element-496b670 exad-sticky-section-no exad-glass-effect-no elementor-widget elementor-widget-text-editor\" data-id=\"496b670\" data-element_type=\"widget\" data-widget_type=\"text-editor.default\">\n\t\t\t\t<div class=\"elementor-widget-container\">\n\t\t\t\t\t\t\t<p><strong>C\u00d3DIGO<\/strong>: H0250d<\/p>\n<p><strong>IDIOMA:<\/strong> Castellano<\/p>\n<p><strong style=\"color: var( --e-global-color-text ); font-family: var( --e-global-typography-text-font-family ), Sans-serif;\">PERSONA JUR\u00cdDICA\/NATURAL\/ROL: <\/strong>Agapito Sandoval,<\/p>\n<p><strong>TOPON\u00cdMICOS: <\/strong>Guan\u00eda, Vichada, Puerto In\u00edrida, r\u00edo Guaviare, Brazo Amanaven, Laguna Amarilla, Cumaral, Chupav\u00e9, Morocoto, Colombia, Cumaribo, Villavicencio,\u00a0<\/p>\n<p><strong style=\"color: var( --e-global-color-text ); font-family: var( --e-global-typography-text-font-family ), Sans-serif;\">TEM\u00c1TICOS:<\/strong><span style=\"color: var( --e-global-color-text ); font-family: var( --e-global-typography-text-font-family ), Sans-serif; font-weight: var( --e-global-typography-text-font-weight );\"> <span data-sheets-root=\"1\"> Puinabe, Curripacos, Ipiapocos, Inderena, Atropello, Extorsi\u00f3n, Comisar\u00eda, UNIGUVI, San Rafel de Planas, Guahibo, Piaroa, Piapoco, Resguardos Ind\u00edgenas, S\u00e9ptima brigada, Meta, 12 de Octubre, Terratenientes, Cuesti\u00f3n Agraria, Esterilizaci\u00f3n Forzada, <\/span><\/span><\/p>\n<p><!-- \/wp:paragraph --><!-- wp:paragraph --><\/p>\n<p><strong>CRONOL\u00d3GICOS:<\/strong> <span data-sheets-root=\"1\">1978<\/span><\/p>\n<p><!-- \/wp:paragraph --><!-- wp:paragraph --><\/p>\n<p><!-- \/wp:paragraph --><!-- wp:paragraph --><\/p>\n<p><!-- \/wp:paragraph --><\/p>\t\t\t\t\t\t<\/div>\n\t\t\t\t<\/div>\n\t\t\t\t\t<\/div>\n\t\t<\/div>\n\t\t\t\t\t<\/div>\n\t\t<\/section>\n\t\t\t\t<\/div>\n\t\t","protected":false},"excerpt":{"rendered":"<p>La nota da cuenta de la creaci\u00f3n del CRIN el d\u00eda 12 de octubre de 1978, como resultado de los encuentros del Indio de Nari\u00f1o, llevados a cabo desde 1976 en el mes de julio, y en los que la mayor\u00eda de cabildos de Nari\u00f1o particip\u00f3. Como delegado del CRIC asisti\u00f3 Juan Gregorio Pelechor, quien [&hellip;]<\/p>\n","protected":false},"author":1,"featured_media":13437,"comment_status":"open","ping_status":"open","sticky":false,"template":"","format":"standard","meta":{"_acf_changed":false,"footnotes":""},"categories":[28],"tags":[1421,108,1841,1842,1843,894,1844,652,1662],"class_list":["post-13435","post","type-post","status-publish","format-standard","has-post-thumbnail","hentry","category-hemeroteca","tag-comite-ejecutivo","tag-cric","tag-crin","tag-encuentros-indio-de-narino","tag-guachucal","tag-juan-gregorio-palechor","tag-mallamues","tag-narino","tag-resguardos-indigenas"],"acf":[],"_links":{"self":[{"href":"https:\/\/martarodriguez.com.co\/index.php\/wp-json\/wp\/v2\/posts\/13435","targetHints":{"allow":["GET"]}}],"collection":[{"href":"https:\/\/martarodriguez.com.co\/index.php\/wp-json\/wp\/v2\/posts"}],"about":[{"href":"https:\/\/martarodriguez.com.co\/index.php\/wp-json\/wp\/v2\/types\/post"}],"author":[{"embeddable":true,"href":"https:\/\/martarodriguez.com.co\/index.php\/wp-json\/wp\/v2\/users\/1"}],"replies":[{"embeddable":true,"href":"https:\/\/martarodriguez.com.co\/index.php\/wp-json\/wp\/v2\/comments?post=13435"}],"version-history":[{"count":5,"href":"https:\/\/martarodriguez.com.co\/index.php\/wp-json\/wp\/v2\/posts\/13435\/revisions"}],"predecessor-version":[{"id":13442,"href":"https:\/\/martarodriguez.com.co\/index.php\/wp-json\/wp\/v2\/posts\/13435\/revisions\/13442"}],"wp:featuredmedia":[{"embeddable":true,"href":"https:\/\/martarodriguez.com.co\/index.php\/wp-json\/wp\/v2\/media\/13437"}],"wp:attachment":[{"href":"https:\/\/martarodriguez.com.co\/index.php\/wp-json\/wp\/v2\/media?parent=13435"}],"wp:term":[{"taxonomy":"category","embeddable":true,"href":"https:\/\/martarodriguez.com.co\/index.php\/wp-json\/wp\/v2\/categories?post=13435"},{"taxonomy":"post_tag","embeddable":true,"href":"https:\/\/martarodriguez.com.co\/index.php\/wp-json\/wp\/v2\/tags?post=13435"}],"curies":[{"name":"wp","href":"https:\/\/api.w.org\/{rel}","templated":true}]}}