{"id":13405,"date":"2025-11-06T20:54:38","date_gmt":"2025-11-06T20:54:38","guid":{"rendered":"https:\/\/martarodriguez.com.co\/?p=13405"},"modified":"2025-11-10T23:24:30","modified_gmt":"2025-11-10T23:24:30","slug":"0708p2-eliodoro","status":"publish","type":"post","link":"https:\/\/martarodriguez.com.co\/index.php\/2025\/11\/06\/0708p2-eliodoro\/","title":{"rendered":"0709P1 San Jos\u00e9 de Apartad\u00f3"},"content":{"rendered":"\t\t<div data-elementor-type=\"wp-post\" data-elementor-id=\"13405\" class=\"elementor elementor-13405\">\n\t\t\t\t\t\t<section class=\"elementor-section elementor-top-section elementor-element elementor-element-31e9a44 elementor-section-boxed elementor-section-height-default elementor-section-height-default exad-glass-effect-no wpr-particle-no wpr-jarallax-no wpr-parallax-no wpr-sticky-section-no exad-sticky-section-no\" data-id=\"31e9a44\" data-element_type=\"section\">\n\t\t\t\t\t\t<div class=\"elementor-container elementor-column-gap-default\">\n\t\t\t\t\t<div class=\"elementor-column elementor-col-100 elementor-top-column elementor-element elementor-element-00c8168 exad-glass-effect-no exad-sticky-section-no\" data-id=\"00c8168\" data-element_type=\"column\">\n\t\t\t<div class=\"elementor-widget-wrap elementor-element-populated\">\n\t\t\t\t\t\t<div class=\"elementor-element elementor-element-0928cc3 exad-sticky-section-no exad-glass-effect-no elementor-widget elementor-widget-text-editor\" data-id=\"0928cc3\" data-element_type=\"widget\" data-widget_type=\"text-editor.default\">\n\t\t\t\t<div class=\"elementor-widget-container\">\n\t\t\t<style>\/*! elementor - v3.21.0 - 15-04-2024 *\/\n.elementor-widget-text-editor.elementor-drop-cap-view-stacked .elementor-drop-cap{background-color:#69727d;color:#fff}.elementor-widget-text-editor.elementor-drop-cap-view-framed .elementor-drop-cap{color:#69727d;border:3px solid;background-color:transparent}.elementor-widget-text-editor:not(.elementor-drop-cap-view-default) .elementor-drop-cap{margin-top:8px}.elementor-widget-text-editor:not(.elementor-drop-cap-view-default) .elementor-drop-cap-letter{width:1em;height:1em}.elementor-widget-text-editor .elementor-drop-cap{float:left;text-align:center;line-height:1;font-size:50px}.elementor-widget-text-editor .elementor-drop-cap-letter{display:inline-block}<\/style>\t\t\t\t<p>Registro en el marco de la investigaci\u00f3n de la trilog\u00eda de Urab\u00e1, documentales realizados por Marta Rodr\u00edguez y Fernando Restrepo.<br \/>Esta trilog\u00eda narra las historias de campesinos y campesinas afrocolombianos del departamento del Choc\u00f3, desplazados por el conflicto armado entre el Ej\u00e9rcito Nacional, las guerrillas colombianas y los grupos paramilitares de derecha.<\/p><p>En este registro, Marta Rodr\u00edguez recopila testimonios e indaga sobre el desplazamiento forzado, sus or\u00edgenes y las experiencias individuales, enfoc\u00e1ndose en la Comunidad de Paz de San Jos\u00e9 de Apartad\u00f3, en el marco del aniversario de los tres a\u00f1os de su fundaci\u00f3n.<\/p><p>El registro incluye m\u00fasica de guitarra y el Himno de la Comunidad de Paz de San Jos\u00e9 de Apartad\u00f3, as\u00ed como fragmentos sobre el retorno de desplazados tras la masacre de la vereda La Esperanza. Se registran intervenciones de Edward Lanchero y del embajador de Estados Unidos en Colombia. Tambi\u00e9n se abordan experiencias de violencia en las veredas Arenas y La Uni\u00f3n, y la intervenci\u00f3n de Amanda \u00dasuga, integrante de la comunidad de paz.<\/p><p>El registro presenta dificultades de identificaci\u00f3n debido a problemas de sonido.<\/p>\t\t\t\t\t\t<\/div>\n\t\t\t\t<\/div>\n\t\t\t\t<div class=\"elementor-element elementor-element-9724743 exad-sticky-section-no exad-glass-effect-no elementor-widget elementor-widget-html\" data-id=\"9724743\" data-element_type=\"widget\" data-widget_type=\"html.default\">\n\t\t\t\t<div class=\"elementor-widget-container\">\n\t\t\t<iframe src=\"https:\/\/audiomack.com\/embed\/cinemestizo\/song\/0384-matrimonio-de-una-mujer-de-las-flores-sept15\" scrolling=\"no\" width=\"100%\" height=\"252\" frameborder=\"0\" title=\"0384 Matrimonio De Una Mujer De Las Flores Sept15\"><\/iframe>\t\t<\/div>\n\t\t\t\t<\/div>\n\t\t\t\t<div class=\"elementor-element elementor-element-b460ad5 exad-sticky-section-no exad-glass-effect-no elementor-widget elementor-widget-text-editor\" data-id=\"b460ad5\" data-element_type=\"widget\" data-widget_type=\"text-editor.default\">\n\t\t\t\t<div class=\"elementor-widget-container\">\n\t\t\t\t\t\t\t<p><strong>C\u00d3DIGO:<\/strong> 0709p1<\/p><p><strong>AUTOR\/DIRECTOR\/PRODUCTOR:<\/strong>\u00a0Fundaci\u00f3n Cine Documental Investigaci\u00f3n Social<\/p><p><strong>IDIOMA: <\/strong>Espa\u00f1ol<\/p><p><strong>PERSONA JUR\u00cdDICA\/NATURAL\/ROL:<\/strong> Marta Rodriguez, Fernando Restrepo<\/p><p><strong>TOPON\u00cdMICOS:<\/strong>\u00a0 Urab\u00e1<\/p><p><strong>TEM\u00c1TICOS:<\/strong> Comunidad de paz de San Jos\u00e9 de Apartad\u00f3, Masacre, Neutralidad, Paramilitarismo, conmemoraci\u00f3n, aniversario, Desplazamiento forzado<\/p><p><strong>CRONOL\u00d3GICOS: <\/strong>2001<\/p><p><strong>UNIDAD DE CONSERVACI\u00d3N:\u00a0<\/strong>Caja<\/p><p><strong>SOPORTE:\u00a0<\/strong>Magn\u00e9tico<\/p><p><strong>FORMATO: <\/strong>Cassette<\/p><p><strong>DURACI\u00d3N:<\/strong> 00:31:18<\/p><p><strong>NOTAS:\u00a0<\/strong>N\/A<\/p>\t\t\t\t\t\t<\/div>\n\t\t\t\t<\/div>\n\t\t\t\t\t<\/div>\n\t\t<\/div>\n\t\t\t\t\t<\/div>\n\t\t<\/section>\n\t\t\t\t<\/div>\n\t\t","protected":false},"excerpt":{"rendered":"<p>Registro en el marco de la investigaci\u00f3n de la trilog\u00eda de Urab\u00e1, documentales realizados por Marta Rodr\u00edguez y Fernando Restrepo.Esta trilog\u00eda narra las historias de campesinos y campesinas afrocolombianos del departamento del Choc\u00f3, desplazados por el conflicto armado entre el Ej\u00e9rcito Nacional, las guerrillas colombianas y los grupos paramilitares de derecha. En este registro, Marta [&hellip;]<\/p>\n","protected":false},"author":1,"featured_media":15375,"comment_status":"open","ping_status":"open","sticky":false,"template":"","format":"standard","meta":{"_acf_changed":false,"footnotes":""},"categories":[26],"tags":[2017,2016,1651,62,106,2015,25,2577],"class_list":["post-13405","post","type-post","status-publish","format-standard","has-post-thumbnail","hentry","category-audios","tag-aniversario","tag-comunidad-de-paz-de-san-jose-de-apartado","tag-conmemoracion","tag-desplazamiento","tag-masacre","tag-neutralidad","tag-paramilitarismo","tag-uraba-2"],"acf":[],"_links":{"self":[{"href":"https:\/\/martarodriguez.com.co\/index.php\/wp-json\/wp\/v2\/posts\/13405","targetHints":{"allow":["GET"]}}],"collection":[{"href":"https:\/\/martarodriguez.com.co\/index.php\/wp-json\/wp\/v2\/posts"}],"about":[{"href":"https:\/\/martarodriguez.com.co\/index.php\/wp-json\/wp\/v2\/types\/post"}],"author":[{"embeddable":true,"href":"https:\/\/martarodriguez.com.co\/index.php\/wp-json\/wp\/v2\/users\/1"}],"replies":[{"embeddable":true,"href":"https:\/\/martarodriguez.com.co\/index.php\/wp-json\/wp\/v2\/comments?post=13405"}],"version-history":[{"count":8,"href":"https:\/\/martarodriguez.com.co\/index.php\/wp-json\/wp\/v2\/posts\/13405\/revisions"}],"predecessor-version":[{"id":13695,"href":"https:\/\/martarodriguez.com.co\/index.php\/wp-json\/wp\/v2\/posts\/13405\/revisions\/13695"}],"wp:featuredmedia":[{"embeddable":true,"href":"https:\/\/martarodriguez.com.co\/index.php\/wp-json\/wp\/v2\/media\/15375"}],"wp:attachment":[{"href":"https:\/\/martarodriguez.com.co\/index.php\/wp-json\/wp\/v2\/media?parent=13405"}],"wp:term":[{"taxonomy":"category","embeddable":true,"href":"https:\/\/martarodriguez.com.co\/index.php\/wp-json\/wp\/v2\/categories?post=13405"},{"taxonomy":"post_tag","embeddable":true,"href":"https:\/\/martarodriguez.com.co\/index.php\/wp-json\/wp\/v2\/tags?post=13405"}],"curies":[{"name":"wp","href":"https:\/\/api.w.org\/{rel}","templated":true}]}}