{"id":13382,"date":"2025-11-06T20:10:38","date_gmt":"2025-11-06T20:10:38","guid":{"rendered":"https:\/\/martarodriguez.com.co\/?p=13382"},"modified":"2026-02-04T15:46:21","modified_gmt":"2026-02-04T15:46:21","slug":"0707p1-narrador","status":"publish","type":"post","link":"https:\/\/martarodriguez.com.co\/index.php\/2025\/11\/06\/0707p1-narrador\/","title":{"rendered":"0707p1 Narrador"},"content":{"rendered":"\t\t<div data-elementor-type=\"wp-post\" data-elementor-id=\"13382\" class=\"elementor elementor-13382\">\n\t\t\t\t\t\t<section class=\"elementor-section elementor-top-section elementor-element elementor-element-31e9a44 elementor-section-boxed elementor-section-height-default elementor-section-height-default exad-glass-effect-no wpr-particle-no wpr-jarallax-no wpr-parallax-no wpr-sticky-section-no exad-sticky-section-no\" data-id=\"31e9a44\" data-element_type=\"section\">\n\t\t\t\t\t\t<div class=\"elementor-container elementor-column-gap-default\">\n\t\t\t\t\t<div class=\"elementor-column elementor-col-100 elementor-top-column elementor-element elementor-element-00c8168 exad-glass-effect-no exad-sticky-section-no\" data-id=\"00c8168\" data-element_type=\"column\">\n\t\t\t<div class=\"elementor-widget-wrap elementor-element-populated\">\n\t\t\t\t\t\t<div class=\"elementor-element elementor-element-0928cc3 exad-sticky-section-no exad-glass-effect-no elementor-widget elementor-widget-text-editor\" data-id=\"0928cc3\" data-element_type=\"widget\" data-widget_type=\"text-editor.default\">\n\t\t\t\t<div class=\"elementor-widget-container\">\n\t\t\t<style>\/*! elementor - v3.21.0 - 15-04-2024 *\/\n.elementor-widget-text-editor.elementor-drop-cap-view-stacked .elementor-drop-cap{background-color:#69727d;color:#fff}.elementor-widget-text-editor.elementor-drop-cap-view-framed .elementor-drop-cap{color:#69727d;border:3px solid;background-color:transparent}.elementor-widget-text-editor:not(.elementor-drop-cap-view-default) .elementor-drop-cap{margin-top:8px}.elementor-widget-text-editor:not(.elementor-drop-cap-view-default) .elementor-drop-cap-letter{width:1em;height:1em}.elementor-widget-text-editor .elementor-drop-cap{float:left;text-align:center;line-height:1;font-size:50px}.elementor-widget-text-editor .elementor-drop-cap-letter{display:inline-block}<\/style>\t\t\t\t<p>Registro en el marco de la investigaci\u00f3n de la trilog\u00eda de Urab\u00e1, documentales realizados por Marta Rodr\u00edguez y Fernando Restrepo. Esta trilog\u00eda narra las historias de campesinos y campesinas afrocolombianos del departamento del Choc\u00f3, desplazados por el conflicto armado entre el ej\u00e9rcito nacional, las guerrillas colombianas y los grupos paramilitares de derecha. Marta Rodr\u00edguez recopila testimonios e indaga sobre la salud mental tras la violencia, abordando temas como la imposibilidad de trabajar, la espera forzada y la precariedad. Jhon Jairo testimonia sobre el impacto f\u00edsico y emocional en la poblaci\u00f3n y las muertes que esto conlleva, se\u00f1alando que el no hacer nada enferma a las personas que han perdido su trabajo y sus tierras, y que ya no pueden proyectarse hacia el futuro. Tambi\u00e9n se profundiza en la juventud traumatizada, la lucha por los derechos de las mujeres y los conflictos en las relaciones de pareja. Se escuchan las voces de los ni\u00f1os y el ambiente ruidoso del entorno.<\/p>\t\t\t\t\t\t<\/div>\n\t\t\t\t<\/div>\n\t\t\t\t<div class=\"exad-link-anything-wrapper elementor-element elementor-element-9724743 exad-sticky-section-no exad-glass-effect-no elementor-widget elementor-widget-html\" data-exad-element-link=\"{&quot;url&quot;:&quot;&quot;,&quot;is_external&quot;:&quot;&quot;,&quot;nofollow&quot;:&quot;&quot;,&quot;custom_attributes&quot;:&quot;&quot;}\" style=\"cursor: pointer\" data-id=\"9724743\" data-element_type=\"widget\" data-widget_type=\"html.default\">\n\t\t\t\t<div class=\"elementor-widget-container\">\n\t\t\t<iframe src=\"https:\/\/audiomack.com\/\/embed\/cinemestizo\/song\/6977395a83caf\" scrolling=\"no\" width=\"100%\" height=\"252\" frameborder=\"0\" title=\"0707P1 Narrador\"><\/iframe>\t\t<\/div>\n\t\t\t\t<\/div>\n\t\t\t\t<div class=\"elementor-element elementor-element-b460ad5 exad-sticky-section-no exad-glass-effect-no elementor-widget elementor-widget-text-editor\" data-id=\"b460ad5\" data-element_type=\"widget\" data-widget_type=\"text-editor.default\">\n\t\t\t\t<div class=\"elementor-widget-container\">\n\t\t\t\t\t\t\t<p><strong>C\u00d3DIGO:<\/strong> 0707p1<\/p><p><strong>AUTOR\/DIRECTOR\/PRODUCTOR:<\/strong>\u00a0Fundaci\u00f3n Cine Documental Investigaci\u00f3n Social<\/p><p><strong>IDIOMA: <\/strong>Espa\u00f1ol<\/p><p><strong>PERSONA JUR\u00cdDICA\/NATURAL\/ROL:<\/strong> Marta Rodriguez, Jhon Jairo, Fernando Restrepo<\/p><p><strong>TOPON\u00cdMICOS:<\/strong>\u00a0 Urab\u00e1<\/p><p><strong>TEM\u00c1TICOS:<\/strong> Desplazamiento, Traumatismos, Salud mental, Paramilitarismo, Juventud,<\/p><p><strong>CRONOL\u00d3GICOS: <\/strong>2000<\/p><p><strong>UNIDAD DE CONSERVACI\u00d3N:\u00a0<\/strong>Caja<\/p><p><strong>SOPORTE:\u00a0<\/strong>Magn\u00e9tico<\/p><p><strong>FORMATO: <\/strong>Cassette<\/p><p><strong>DURACI\u00d3N:<\/strong> 00:29:43<\/p><p><strong>NOTAS:\u00a0<\/strong>N\/A<\/p>\t\t\t\t\t\t<\/div>\n\t\t\t\t<\/div>\n\t\t\t\t\t<\/div>\n\t\t<\/div>\n\t\t\t\t\t<\/div>\n\t\t<\/section>\n\t\t\t\t<\/div>\n\t\t","protected":false},"excerpt":{"rendered":"<p>Registro en el marco de la investigaci\u00f3n de la trilog\u00eda de Urab\u00e1, documentales realizados por Marta Rodr\u00edguez y Fernando Restrepo. Esta trilog\u00eda narra las historias de campesinos y campesinas afrocolombianos del departamento del Choc\u00f3, desplazados por el conflicto armado entre el ej\u00e9rcito nacional, las guerrillas colombianas y los grupos paramilitares de derecha. Marta Rodr\u00edguez recopila [&hellip;]<\/p>\n","protected":false},"author":1,"featured_media":15375,"comment_status":"open","ping_status":"open","sticky":false,"template":"","format":"standard","meta":{"_acf_changed":false,"footnotes":""},"categories":[26],"tags":[62,1367,25,944,1800,1486],"class_list":["post-13382","post","type-post","status-publish","format-standard","has-post-thumbnail","hentry","category-audios","tag-desplazamiento","tag-juventud","tag-paramilitarismo","tag-salud-mental","tag-traumatismos","tag-uraba"],"acf":[],"_links":{"self":[{"href":"https:\/\/martarodriguez.com.co\/index.php\/wp-json\/wp\/v2\/posts\/13382","targetHints":{"allow":["GET"]}}],"collection":[{"href":"https:\/\/martarodriguez.com.co\/index.php\/wp-json\/wp\/v2\/posts"}],"about":[{"href":"https:\/\/martarodriguez.com.co\/index.php\/wp-json\/wp\/v2\/types\/post"}],"author":[{"embeddable":true,"href":"https:\/\/martarodriguez.com.co\/index.php\/wp-json\/wp\/v2\/users\/1"}],"replies":[{"embeddable":true,"href":"https:\/\/martarodriguez.com.co\/index.php\/wp-json\/wp\/v2\/comments?post=13382"}],"version-history":[{"count":17,"href":"https:\/\/martarodriguez.com.co\/index.php\/wp-json\/wp\/v2\/posts\/13382\/revisions"}],"predecessor-version":[{"id":18178,"href":"https:\/\/martarodriguez.com.co\/index.php\/wp-json\/wp\/v2\/posts\/13382\/revisions\/18178"}],"wp:featuredmedia":[{"embeddable":true,"href":"https:\/\/martarodriguez.com.co\/index.php\/wp-json\/wp\/v2\/media\/15375"}],"wp:attachment":[{"href":"https:\/\/martarodriguez.com.co\/index.php\/wp-json\/wp\/v2\/media?parent=13382"}],"wp:term":[{"taxonomy":"category","embeddable":true,"href":"https:\/\/martarodriguez.com.co\/index.php\/wp-json\/wp\/v2\/categories?post=13382"},{"taxonomy":"post_tag","embeddable":true,"href":"https:\/\/martarodriguez.com.co\/index.php\/wp-json\/wp\/v2\/tags?post=13382"}],"curies":[{"name":"wp","href":"https:\/\/api.w.org\/{rel}","templated":true}]}}