{"id":13374,"date":"2025-11-06T20:03:15","date_gmt":"2025-11-06T20:03:15","guid":{"rendered":"https:\/\/martarodriguez.com.co\/?p=13374"},"modified":"2025-11-10T23:21:00","modified_gmt":"2025-11-10T23:21:00","slug":"0831p2-berta-en-la-mitad","status":"publish","type":"post","link":"https:\/\/martarodriguez.com.co\/index.php\/2025\/11\/06\/0831p2-berta-en-la-mitad\/","title":{"rendered":"0831p2 Berta en la mitad"},"content":{"rendered":"\t\t<div data-elementor-type=\"wp-post\" data-elementor-id=\"13374\" class=\"elementor elementor-13374\">\n\t\t\t\t\t\t<section class=\"elementor-section elementor-top-section elementor-element elementor-element-31e9a44 elementor-section-boxed elementor-section-height-default elementor-section-height-default exad-glass-effect-no wpr-particle-no wpr-jarallax-no wpr-parallax-no wpr-sticky-section-no exad-sticky-section-no\" data-id=\"31e9a44\" data-element_type=\"section\">\n\t\t\t\t\t\t<div class=\"elementor-container elementor-column-gap-default\">\n\t\t\t\t\t<div class=\"elementor-column elementor-col-100 elementor-top-column elementor-element elementor-element-00c8168 exad-glass-effect-no exad-sticky-section-no\" data-id=\"00c8168\" data-element_type=\"column\">\n\t\t\t<div class=\"elementor-widget-wrap elementor-element-populated\">\n\t\t\t\t\t\t<div class=\"elementor-element elementor-element-0928cc3 exad-sticky-section-no exad-glass-effect-no elementor-widget elementor-widget-text-editor\" data-id=\"0928cc3\" data-element_type=\"widget\" data-widget_type=\"text-editor.default\">\n\t\t\t\t<div class=\"elementor-widget-container\">\n\t\t\t<style>\/*! elementor - v3.21.0 - 15-04-2024 *\/\n.elementor-widget-text-editor.elementor-drop-cap-view-stacked .elementor-drop-cap{background-color:#69727d;color:#fff}.elementor-widget-text-editor.elementor-drop-cap-view-framed .elementor-drop-cap{color:#69727d;border:3px solid;background-color:transparent}.elementor-widget-text-editor:not(.elementor-drop-cap-view-default) .elementor-drop-cap{margin-top:8px}.elementor-widget-text-editor:not(.elementor-drop-cap-view-default) .elementor-drop-cap-letter{width:1em;height:1em}.elementor-widget-text-editor .elementor-drop-cap{float:left;text-align:center;line-height:1;font-size:50px}.elementor-widget-text-editor .elementor-drop-cap-letter{display:inline-block}<\/style>\t\t\t\t<p>Programa de la Segunda Cadena de Televisi\u00f3n, que transmite una composici\u00f3n del grupo Yaki Kandru. Yaki Kandru, fundado por el m\u00fasico y antrop\u00f3logo Jorge L\u00f3pez Palacio, fusiona instrumentos tradicionales ind\u00edgenas con m\u00fasica experimental y contempor\u00e1nea, buscando preservar y difundir las sonoridades de diversas culturas originarias de Colombia. La agrupaci\u00f3n colabor\u00f3 con Marta Rodr\u00edguez y Jorge Silva en la creaci\u00f3n de bandas sonoras de documentales, incluyendo Nuestra voz de tierra: memoria y futuro, integrando m\u00fasica ind\u00edgena con elementos de vanguardia sonora para reflexionar sobre la memoria y la resistencia cultural. El programa contin\u00faa con una secci\u00f3n sobre pol\u00edtica y la intervenci\u00f3n de Berta, mujer conservadora y partidaria de Belisario Betancur, quien habla sobre la p\u00e9rdida de los valores familiares.<\/p>\t\t\t\t\t\t<\/div>\n\t\t\t\t<\/div>\n\t\t\t\t<div class=\"elementor-element elementor-element-9724743 exad-sticky-section-no exad-glass-effect-no elementor-widget elementor-widget-html\" data-id=\"9724743\" data-element_type=\"widget\" data-widget_type=\"html.default\">\n\t\t\t\t<div class=\"elementor-widget-container\">\n\t\t\t<iframe src=\"https:\/\/audiomack.com\/embed\/cinemestizo\/song\/0384-matrimonio-de-una-mujer-de-las-flores-sept15\" scrolling=\"no\" width=\"100%\" height=\"252\" frameborder=\"0\" title=\"0384 Matrimonio De Una Mujer De Las Flores Sept15\"><\/iframe>\t\t<\/div>\n\t\t\t\t<\/div>\n\t\t\t\t<div class=\"elementor-element elementor-element-b460ad5 exad-sticky-section-no exad-glass-effect-no elementor-widget elementor-widget-text-editor\" data-id=\"b460ad5\" data-element_type=\"widget\" data-widget_type=\"text-editor.default\">\n\t\t\t\t<div class=\"elementor-widget-container\">\n\t\t\t\t\t\t\t<p><strong>C\u00d3DIGO:<\/strong> 0831p2<\/p><p><strong>AUTOR\/DIRECTOR\/PRODUCTOR:<\/strong>\u00a0Fundaci\u00f3n Cine Documental Investigaci\u00f3n Social<\/p><p><strong>IDIOMA: <\/strong>Musica<\/p><p><strong>PERSONA JUR\u00cdDICA\/NATURAL\/ROL:<\/strong> Yaki Kandru, Berta<\/p><p><strong>TOPON\u00cdMICOS:<\/strong> \u00a0<\/p><p><strong>TEM\u00c1TICOS:<\/strong> Musica, Partido Conservador, Juventud<\/p><p><strong>CRONOL\u00d3GICOS: <\/strong>70&#8242;<\/p><p><strong>UNIDAD DE CONSERVACI\u00d3N:\u00a0<\/strong>Caja<\/p><p><strong>SOPORTE:\u00a0<\/strong>Magn\u00e9tico<\/p><p><strong>FORMATO: <\/strong>Cassette<\/p><p><strong>DURACI\u00d3N:<\/strong> 00:18:00<\/p><p><strong>NOTAS:\u00a0<\/strong>N\/A<\/p>\t\t\t\t\t\t<\/div>\n\t\t\t\t<\/div>\n\t\t\t\t\t<\/div>\n\t\t<\/div>\n\t\t\t\t\t<\/div>\n\t\t<\/section>\n\t\t\t\t<\/div>\n\t\t","protected":false},"excerpt":{"rendered":"<p>Programa de la Segunda Cadena de Televisi\u00f3n, que transmite una composici\u00f3n del grupo Yaki Kandru. Yaki Kandru, fundado por el m\u00fasico y antrop\u00f3logo Jorge L\u00f3pez Palacio, fusiona instrumentos tradicionales ind\u00edgenas con m\u00fasica experimental y contempor\u00e1nea, buscando preservar y difundir las sonoridades de diversas culturas originarias de Colombia. La agrupaci\u00f3n colabor\u00f3 con Marta Rodr\u00edguez y Jorge [&hellip;]<\/p>\n","protected":false},"author":1,"featured_media":15374,"comment_status":"open","ping_status":"open","sticky":false,"template":"","format":"standard","meta":{"_acf_changed":false,"footnotes":""},"categories":[26],"tags":[1796,1799,1798,1540],"class_list":["post-13374","post","type-post","status-publish","format-standard","has-post-thumbnail","hentry","category-audios","tag-etnomusicologia","tag-la-juventud","tag-musica-2","tag-partido-conservador"],"acf":[],"_links":{"self":[{"href":"https:\/\/martarodriguez.com.co\/index.php\/wp-json\/wp\/v2\/posts\/13374","targetHints":{"allow":["GET"]}}],"collection":[{"href":"https:\/\/martarodriguez.com.co\/index.php\/wp-json\/wp\/v2\/posts"}],"about":[{"href":"https:\/\/martarodriguez.com.co\/index.php\/wp-json\/wp\/v2\/types\/post"}],"author":[{"embeddable":true,"href":"https:\/\/martarodriguez.com.co\/index.php\/wp-json\/wp\/v2\/users\/1"}],"replies":[{"embeddable":true,"href":"https:\/\/martarodriguez.com.co\/index.php\/wp-json\/wp\/v2\/comments?post=13374"}],"version-history":[{"count":4,"href":"https:\/\/martarodriguez.com.co\/index.php\/wp-json\/wp\/v2\/posts\/13374\/revisions"}],"predecessor-version":[{"id":13378,"href":"https:\/\/martarodriguez.com.co\/index.php\/wp-json\/wp\/v2\/posts\/13374\/revisions\/13378"}],"wp:featuredmedia":[{"embeddable":true,"href":"https:\/\/martarodriguez.com.co\/index.php\/wp-json\/wp\/v2\/media\/15374"}],"wp:attachment":[{"href":"https:\/\/martarodriguez.com.co\/index.php\/wp-json\/wp\/v2\/media?parent=13374"}],"wp:term":[{"taxonomy":"category","embeddable":true,"href":"https:\/\/martarodriguez.com.co\/index.php\/wp-json\/wp\/v2\/categories?post=13374"},{"taxonomy":"post_tag","embeddable":true,"href":"https:\/\/martarodriguez.com.co\/index.php\/wp-json\/wp\/v2\/tags?post=13374"}],"curies":[{"name":"wp","href":"https:\/\/api.w.org\/{rel}","templated":true}]}}