{"id":13332,"date":"2025-11-06T15:53:09","date_gmt":"2025-11-06T15:53:09","guid":{"rendered":"https:\/\/martarodriguez.com.co\/?p=13332"},"modified":"2025-11-10T23:15:35","modified_gmt":"2025-11-10T23:15:35","slug":"0826p1-isaias-gonzales-historias-de-planas","status":"publish","type":"post","link":"https:\/\/martarodriguez.com.co\/index.php\/2025\/11\/06\/0826p1-isaias-gonzales-historias-de-planas\/","title":{"rendered":"0826p1 Isaias Gonzales Historias de Planas"},"content":{"rendered":"\t\t<div data-elementor-type=\"wp-post\" data-elementor-id=\"13332\" class=\"elementor elementor-13332\">\n\t\t\t\t\t\t<section class=\"elementor-section elementor-top-section elementor-element elementor-element-31e9a44 elementor-section-boxed elementor-section-height-default elementor-section-height-default exad-glass-effect-no wpr-particle-no wpr-jarallax-no wpr-parallax-no wpr-sticky-section-no exad-sticky-section-no\" data-id=\"31e9a44\" data-element_type=\"section\">\n\t\t\t\t\t\t<div class=\"elementor-container elementor-column-gap-default\">\n\t\t\t\t\t<div class=\"elementor-column elementor-col-100 elementor-top-column elementor-element elementor-element-00c8168 exad-glass-effect-no exad-sticky-section-no\" data-id=\"00c8168\" data-element_type=\"column\">\n\t\t\t<div class=\"elementor-widget-wrap elementor-element-populated\">\n\t\t\t\t\t\t<div class=\"elementor-element elementor-element-0928cc3 exad-sticky-section-no exad-glass-effect-no elementor-widget elementor-widget-text-editor\" data-id=\"0928cc3\" data-element_type=\"widget\" data-widget_type=\"text-editor.default\">\n\t\t\t\t<div class=\"elementor-widget-container\">\n\t\t\t<style>\/*! elementor - v3.21.0 - 15-04-2024 *\/\n.elementor-widget-text-editor.elementor-drop-cap-view-stacked .elementor-drop-cap{background-color:#69727d;color:#fff}.elementor-widget-text-editor.elementor-drop-cap-view-framed .elementor-drop-cap{color:#69727d;border:3px solid;background-color:transparent}.elementor-widget-text-editor:not(.elementor-drop-cap-view-default) .elementor-drop-cap{margin-top:8px}.elementor-widget-text-editor:not(.elementor-drop-cap-view-default) .elementor-drop-cap-letter{width:1em;height:1em}.elementor-widget-text-editor .elementor-drop-cap{float:left;text-align:center;line-height:1;font-size:50px}.elementor-widget-text-editor .elementor-drop-cap-letter{display:inline-block}<\/style>\t\t\t\t<p>Entrevista con Isaias, ind\u00edgena Guahibo y miembro de la cooperativa, en el marco de la investigaci\u00f3n para la pel\u00edcula Planas: testimonio de un etnocidio de Marta Rodr\u00edguez y Jorge Silva, sobre la masacre de Planas en los Llanos Orientales de Colombia, 1971. Isaias relata la experiencia de la cooperativa de la comunidad, liderada por Rafael Jaramillo, y las amenazas para limitar su independencia. Explica que la cooperativa era acusada de atender solo a los ind\u00edgenas y no a los colonos, lo cual refuta, se\u00f1alando que se vend\u00eda a todos, ya que el objetivo era crecer econ\u00f3micamente. Una asamblea decid\u00eda qui\u00e9n era socio y c\u00f3mo se administraba la cooperativa; el consejo de administraci\u00f3n era ind\u00edgena y se buscaba construir una experiencia propia. Tambi\u00e9n menciona la decisi\u00f3n de no integrar el consumo de alcohol en la comunidad ind\u00edgena, por los da\u00f1os que le puede causar. Se acus\u00f3 a Jaramillo de discriminar a los colonos y, sobre todo, de comunismo y subversi\u00f3n para desacreditarlo. El registro termina con el testimonio de otro hombre sobre Salom\u00f3n Rodr\u00edguez.<\/p>\t\t\t\t\t\t<\/div>\n\t\t\t\t<\/div>\n\t\t\t\t<div class=\"elementor-element elementor-element-9724743 exad-sticky-section-no exad-glass-effect-no elementor-widget elementor-widget-html\" data-id=\"9724743\" data-element_type=\"widget\" data-widget_type=\"html.default\">\n\t\t\t\t<div class=\"elementor-widget-container\">\n\t\t\t<iframe src=\"https:\/\/audiomack.com\/embed\/cinemestizo\/song\/0384-matrimonio-de-una-mujer-de-las-flores-sept15\" scrolling=\"no\" width=\"100%\" height=\"252\" frameborder=\"0\" title=\"0384 Matrimonio De Una Mujer De Las Flores Sept15\"><\/iframe>\t\t<\/div>\n\t\t\t\t<\/div>\n\t\t\t\t<div class=\"elementor-element elementor-element-b460ad5 exad-sticky-section-no exad-glass-effect-no elementor-widget elementor-widget-text-editor\" data-id=\"b460ad5\" data-element_type=\"widget\" data-widget_type=\"text-editor.default\">\n\t\t\t\t<div class=\"elementor-widget-container\">\n\t\t\t\t\t\t\t<p><strong>C\u00d3DIGO:<\/strong> 0826p1<\/p><p><strong>AUTOR\/DIRECTOR\/PRODUCTOR:<\/strong>\u00a0Fundaci\u00f3n Cine Documental Investigaci\u00f3n Social<\/p><p><strong>IDIOMA: <\/strong>Espa\u00f1ol<\/p><p><strong>PERSONA JUR\u00cdDICA\/NATURAL\/ROL:<\/strong> Jorge Silva, Marta Rodriguez, Isaias Gonzales, Rafael Jaramillo, Pablo Duque(colon),<\/p><p><strong>TOPON\u00cdMICOS:<\/strong>\u00a0 Llanos Orientales<\/p><p><strong>TEM\u00c1TICOS:<\/strong> La cooperativa, el acohol, crimenes contra la poblacion indige de los llanos, Comunismo, colonizaci\u00f3n, torturas, incarceraci\u00f3n, accion militar, Etnocidio, Guahibo\/Sikuani<\/p><p><strong>CRONOL\u00d3GICOS:<\/strong> 1970<\/p><p><strong>UNIDAD DE CONSERVACI\u00d3N:\u00a0<\/strong>Caja<\/p><p><strong>SOPORTE:\u00a0<\/strong>Magn\u00e9tico<\/p><p><strong>FORMATO: <\/strong>Cassette<\/p><p><strong>DURACI\u00d3N:<\/strong> 01:00:00<\/p><p><strong>NOTAS:\u00a0<\/strong>N\/A<\/p>\t\t\t\t\t\t<\/div>\n\t\t\t\t<\/div>\n\t\t\t\t\t<\/div>\n\t\t<\/div>\n\t\t\t\t\t<\/div>\n\t\t<\/section>\n\t\t\t\t<\/div>\n\t\t","protected":false},"excerpt":{"rendered":"<p>Entrevista con Isaias, ind\u00edgena Guahibo y miembro de la cooperativa, en el marco de la investigaci\u00f3n para la pel\u00edcula Planas: testimonio de un etnocidio de Marta Rodr\u00edguez y Jorge Silva, sobre la masacre de Planas en los Llanos Orientales de Colombia, 1971. Isaias relata la experiencia de la cooperativa de la comunidad, liderada por Rafael [&hellip;]<\/p>\n","protected":false},"author":1,"featured_media":14571,"comment_status":"open","ping_status":"open","sticky":false,"template":"","format":"standard","meta":{"_acf_changed":false,"footnotes":""},"categories":[26],"tags":[1791,1786,184,1784,1787,89,1790,1788,1789],"class_list":["post-13332","post","type-post","status-publish","format-standard","has-post-thumbnail","hentry","category-audios","tag-accion-militar","tag-colonizacion","tag-comunismo","tag-crimenes-contra-la-poblacion-indige-de-los-llanos","tag-el-acohol","tag-etnocidio","tag-incarceracion","tag-la-cooperativa","tag-torturas"],"acf":[],"_links":{"self":[{"href":"https:\/\/martarodriguez.com.co\/index.php\/wp-json\/wp\/v2\/posts\/13332","targetHints":{"allow":["GET"]}}],"collection":[{"href":"https:\/\/martarodriguez.com.co\/index.php\/wp-json\/wp\/v2\/posts"}],"about":[{"href":"https:\/\/martarodriguez.com.co\/index.php\/wp-json\/wp\/v2\/types\/post"}],"author":[{"embeddable":true,"href":"https:\/\/martarodriguez.com.co\/index.php\/wp-json\/wp\/v2\/users\/1"}],"replies":[{"embeddable":true,"href":"https:\/\/martarodriguez.com.co\/index.php\/wp-json\/wp\/v2\/comments?post=13332"}],"version-history":[{"count":4,"href":"https:\/\/martarodriguez.com.co\/index.php\/wp-json\/wp\/v2\/posts\/13332\/revisions"}],"predecessor-version":[{"id":13337,"href":"https:\/\/martarodriguez.com.co\/index.php\/wp-json\/wp\/v2\/posts\/13332\/revisions\/13337"}],"wp:featuredmedia":[{"embeddable":true,"href":"https:\/\/martarodriguez.com.co\/index.php\/wp-json\/wp\/v2\/media\/14571"}],"wp:attachment":[{"href":"https:\/\/martarodriguez.com.co\/index.php\/wp-json\/wp\/v2\/media?parent=13332"}],"wp:term":[{"taxonomy":"category","embeddable":true,"href":"https:\/\/martarodriguez.com.co\/index.php\/wp-json\/wp\/v2\/categories?post=13332"},{"taxonomy":"post_tag","embeddable":true,"href":"https:\/\/martarodriguez.com.co\/index.php\/wp-json\/wp\/v2\/tags?post=13332"}],"curies":[{"name":"wp","href":"https:\/\/api.w.org\/{rel}","templated":true}]}}