{"id":13326,"date":"2025-11-06T15:31:27","date_gmt":"2025-11-06T15:31:27","guid":{"rendered":"https:\/\/martarodriguez.com.co\/?p=13326"},"modified":"2025-11-10T23:15:02","modified_gmt":"2025-11-10T23:15:02","slug":"0822p1-gilmo-perez-coronel-t-v","status":"publish","type":"post","link":"https:\/\/martarodriguez.com.co\/index.php\/2025\/11\/06\/0822p1-gilmo-perez-coronel-t-v\/","title":{"rendered":"0822p1 Gilmo. Perez Coronel T.V"},"content":{"rendered":"\t\t<div data-elementor-type=\"wp-post\" data-elementor-id=\"13326\" class=\"elementor elementor-13326\">\n\t\t\t\t\t\t<section class=\"elementor-section elementor-top-section elementor-element elementor-element-31e9a44 elementor-section-boxed elementor-section-height-default elementor-section-height-default exad-glass-effect-no wpr-particle-no wpr-jarallax-no wpr-parallax-no wpr-sticky-section-no exad-sticky-section-no\" data-id=\"31e9a44\" data-element_type=\"section\">\n\t\t\t\t\t\t<div class=\"elementor-container elementor-column-gap-default\">\n\t\t\t\t\t<div class=\"elementor-column elementor-col-100 elementor-top-column elementor-element elementor-element-00c8168 exad-glass-effect-no exad-sticky-section-no\" data-id=\"00c8168\" data-element_type=\"column\">\n\t\t\t<div class=\"elementor-widget-wrap elementor-element-populated\">\n\t\t\t\t\t\t<div class=\"elementor-element elementor-element-0928cc3 exad-sticky-section-no exad-glass-effect-no elementor-widget elementor-widget-text-editor\" data-id=\"0928cc3\" data-element_type=\"widget\" data-widget_type=\"text-editor.default\">\n\t\t\t\t<div class=\"elementor-widget-container\">\n\t\t\t<style>\/*! elementor - v3.21.0 - 15-04-2024 *\/\n.elementor-widget-text-editor.elementor-drop-cap-view-stacked .elementor-drop-cap{background-color:#69727d;color:#fff}.elementor-widget-text-editor.elementor-drop-cap-view-framed .elementor-drop-cap{color:#69727d;border:3px solid;background-color:transparent}.elementor-widget-text-editor:not(.elementor-drop-cap-view-default) .elementor-drop-cap{margin-top:8px}.elementor-widget-text-editor:not(.elementor-drop-cap-view-default) .elementor-drop-cap-letter{width:1em;height:1em}.elementor-widget-text-editor .elementor-drop-cap{float:left;text-align:center;line-height:1;font-size:50px}.elementor-widget-text-editor .elementor-drop-cap-letter{display:inline-block}<\/style>\t\t\t\t<p>En el marco de la investigaci\u00f3n para la pel\u00edcula Planas: testimonio de un etnocidio de Marta Rodr\u00edguez y Jorge Silva, sobre la masacre de Planas en los Llanos Orientales de Colombia, 1971. Contiene el testimonio de un ind\u00edgena sobre su detenci\u00f3n arbitraria por parte del ej\u00e9rcito para obtener informaci\u00f3n sobre Rafael Jaramillo, l\u00edder de la comunidad guahiba, en torno a una cooperativa agropecuaria integral. Relata maltratos y torturas; un compa\u00f1ero logr\u00f3 escapar. Menciona que Pablo Duque, colono, lo amenaz\u00f3 de muerte por considerarlo supuestamente hijo de Jaramillo. Denuncia la presencia de los colonos y del ej\u00e9rcito en los Llanos y su comportamiento en contra de los ind\u00edgenas. Termina con el registro de un programa de televisi\u00f3n del 29 de octubre, en el cual intervienen el Padre Gustavo P\u00e9rez Ram\u00edrez, director del Instituto Colombiano de Desarrollo Social (ICODES), y el Coronel Jos\u00e9 Jaimel Rodr\u00edguez, Comandante de la S\u00e9ptima Brigada de Villavicencio, en un di\u00e1logo sobre el problema de Planas.<\/p>\t\t\t\t\t\t<\/div>\n\t\t\t\t<\/div>\n\t\t\t\t<div class=\"elementor-element elementor-element-9724743 exad-sticky-section-no exad-glass-effect-no elementor-widget elementor-widget-html\" data-id=\"9724743\" data-element_type=\"widget\" data-widget_type=\"html.default\">\n\t\t\t\t<div class=\"elementor-widget-container\">\n\t\t\t<iframe src=\"https:\/\/audiomack.com\/embed\/cinemestizo\/song\/0384-matrimonio-de-una-mujer-de-las-flores-sept15\" scrolling=\"no\" width=\"100%\" height=\"252\" frameborder=\"0\" title=\"0384 Matrimonio De Una Mujer De Las Flores Sept15\"><\/iframe>\t\t<\/div>\n\t\t\t\t<\/div>\n\t\t\t\t<div class=\"elementor-element elementor-element-b460ad5 exad-sticky-section-no exad-glass-effect-no elementor-widget elementor-widget-text-editor\" data-id=\"b460ad5\" data-element_type=\"widget\" data-widget_type=\"text-editor.default\">\n\t\t\t\t<div class=\"elementor-widget-container\">\n\t\t\t\t\t\t\t<p><strong>C\u00d3DIGO:<\/strong> 0822p1<\/p><p><strong>AUTOR\/DIRECTOR\/PRODUCTOR:<\/strong>\u00a0Fundaci\u00f3n Cine Documental Investigaci\u00f3n Social<\/p><p><strong>IDIOMA: <\/strong>Espa\u00f1ol<\/p><p><strong>PERSONA JUR\u00cdDICA\/NATURAL\/ROL:<\/strong> Jorge Silva, Marta Rodriguez, Rafael Jaramillo, Pablo Duque(colon), Luis Ni\u0144o(colon), Padre Gustavo Peres, Coronel Jose Jaime Rodriguez<\/p><p><strong>TOPON\u00cdMICOS:<\/strong>\u00a0 Llanos Orientales<\/p><p><strong>TEM\u00c1TICOS:<\/strong> Crimenes contra la poblacion indige de los llanos, Tortura, detencion, colonizaci\u00f3n, Guahibo\/Sikuani, Etnocidio<\/p><p><strong>CRONOL\u00d3GICOS:<\/strong> 29\/10\/1970<\/p><p><strong>UNIDAD DE CONSERVACI\u00d3N:\u00a0<\/strong>Caja<\/p><p><strong>SOPORTE:\u00a0<\/strong>Magn\u00e9tico<\/p><p><strong>FORMATO: <\/strong>Cassette<\/p><p><strong>DURACI\u00d3N:<\/strong> 00:44:00<\/p><p><strong>NOTAS:\u00a0<\/strong>N\/A<\/p>\t\t\t\t\t\t<\/div>\n\t\t\t\t<\/div>\n\t\t\t\t\t<\/div>\n\t\t<\/div>\n\t\t\t\t\t<\/div>\n\t\t<\/section>\n\t\t\t\t<\/div>\n\t\t","protected":false},"excerpt":{"rendered":"<p>En el marco de la investigaci\u00f3n para la pel\u00edcula Planas: testimonio de un etnocidio de Marta Rodr\u00edguez y Jorge Silva, sobre la masacre de Planas en los Llanos Orientales de Colombia, 1971. Contiene el testimonio de un ind\u00edgena sobre su detenci\u00f3n arbitraria por parte del ej\u00e9rcito para obtener informaci\u00f3n sobre Rafael Jaramillo, l\u00edder de la [&hellip;]<\/p>\n","protected":false},"author":1,"featured_media":14571,"comment_status":"open","ping_status":"open","sticky":false,"template":"","format":"standard","meta":{"_acf_changed":false,"footnotes":""},"categories":[26],"tags":[1786,1784,1785,1781,57],"class_list":["post-13326","post","type-post","status-publish","format-standard","has-post-thumbnail","hentry","category-audios","tag-colonizacion","tag-crimenes-contra-la-poblacion-indige-de-los-llanos","tag-detencion","tag-guahibo-sikuani","tag-tortura"],"acf":[],"_links":{"self":[{"href":"https:\/\/martarodriguez.com.co\/index.php\/wp-json\/wp\/v2\/posts\/13326","targetHints":{"allow":["GET"]}}],"collection":[{"href":"https:\/\/martarodriguez.com.co\/index.php\/wp-json\/wp\/v2\/posts"}],"about":[{"href":"https:\/\/martarodriguez.com.co\/index.php\/wp-json\/wp\/v2\/types\/post"}],"author":[{"embeddable":true,"href":"https:\/\/martarodriguez.com.co\/index.php\/wp-json\/wp\/v2\/users\/1"}],"replies":[{"embeddable":true,"href":"https:\/\/martarodriguez.com.co\/index.php\/wp-json\/wp\/v2\/comments?post=13326"}],"version-history":[{"count":4,"href":"https:\/\/martarodriguez.com.co\/index.php\/wp-json\/wp\/v2\/posts\/13326\/revisions"}],"predecessor-version":[{"id":13331,"href":"https:\/\/martarodriguez.com.co\/index.php\/wp-json\/wp\/v2\/posts\/13326\/revisions\/13331"}],"wp:featuredmedia":[{"embeddable":true,"href":"https:\/\/martarodriguez.com.co\/index.php\/wp-json\/wp\/v2\/media\/14571"}],"wp:attachment":[{"href":"https:\/\/martarodriguez.com.co\/index.php\/wp-json\/wp\/v2\/media?parent=13326"}],"wp:term":[{"taxonomy":"category","embeddable":true,"href":"https:\/\/martarodriguez.com.co\/index.php\/wp-json\/wp\/v2\/categories?post=13326"},{"taxonomy":"post_tag","embeddable":true,"href":"https:\/\/martarodriguez.com.co\/index.php\/wp-json\/wp\/v2\/tags?post=13326"}],"curies":[{"name":"wp","href":"https:\/\/api.w.org\/{rel}","templated":true}]}}