{"id":13314,"date":"2025-11-06T14:27:56","date_gmt":"2025-11-06T14:27:56","guid":{"rendered":"https:\/\/martarodriguez.com.co\/?p=13314"},"modified":"2025-11-10T23:13:43","modified_gmt":"2025-11-10T23:13:43","slug":"__trashed-2","status":"publish","type":"post","link":"https:\/\/martarodriguez.com.co\/index.php\/2025\/11\/06\/__trashed-2\/","title":{"rendered":"0819p1 IPAG Bellas Artes TV\u00d1 planas Maestro \u2026 Vega Planas 1971 Octubre"},"content":{"rendered":"\t\t<div data-elementor-type=\"wp-post\" data-elementor-id=\"13314\" class=\"elementor elementor-13314\">\n\t\t\t\t\t\t<section class=\"elementor-section elementor-top-section elementor-element elementor-element-31e9a44 elementor-section-boxed elementor-section-height-default elementor-section-height-default exad-glass-effect-no wpr-particle-no wpr-jarallax-no wpr-parallax-no wpr-sticky-section-no exad-sticky-section-no\" data-id=\"31e9a44\" data-element_type=\"section\">\n\t\t\t\t\t\t<div class=\"elementor-container elementor-column-gap-default\">\n\t\t\t\t\t<div class=\"elementor-column elementor-col-100 elementor-top-column elementor-element elementor-element-00c8168 exad-glass-effect-no exad-sticky-section-no\" data-id=\"00c8168\" data-element_type=\"column\">\n\t\t\t<div class=\"elementor-widget-wrap elementor-element-populated\">\n\t\t\t\t\t\t<div class=\"elementor-element elementor-element-0928cc3 exad-sticky-section-no exad-glass-effect-no elementor-widget elementor-widget-text-editor\" data-id=\"0928cc3\" data-element_type=\"widget\" data-widget_type=\"text-editor.default\">\n\t\t\t\t<div class=\"elementor-widget-container\">\n\t\t\t<style>\/*! elementor - v3.21.0 - 15-04-2024 *\/\n.elementor-widget-text-editor.elementor-drop-cap-view-stacked .elementor-drop-cap{background-color:#69727d;color:#fff}.elementor-widget-text-editor.elementor-drop-cap-view-framed .elementor-drop-cap{color:#69727d;border:3px solid;background-color:transparent}.elementor-widget-text-editor:not(.elementor-drop-cap-view-default) .elementor-drop-cap{margin-top:8px}.elementor-widget-text-editor:not(.elementor-drop-cap-view-default) .elementor-drop-cap-letter{width:1em;height:1em}.elementor-widget-text-editor .elementor-drop-cap{float:left;text-align:center;line-height:1;font-size:50px}.elementor-widget-text-editor .elementor-drop-cap-letter{display:inline-block}<\/style>\t\t\t\t<p>Registro de programa televisivo del canal nacional, emitido el 5 de noviembre de 1970, en el marco de la investigaci\u00f3n para la pel\u00edcula Planas: testimonio de un etnocidio de Marta Rodr\u00edguez y Jorge Silva, sobre la masacre de Planas en los Llanos Orientales de Colombia. Comienza con m\u00fasica y contiene una entrevista con el Padre P\u00e9rez, el Coronel Rodr\u00edguez (Comandante de la S\u00e9ptima Brigada), la profesora Cecilia de Berm\u00fadez, Julia Hebreo (exesposa de un colono de Planas), Rosaura Gait\u00e1n (hija de un cacique de la comunidad guahiba), Julio Vega (colono) y Julio Mahecha Gait\u00e1n (sobrino del cacique de Planas, hijo de madre guahiba y padre blanco). En el programa anterior, el Padre P\u00e9rez sosten\u00eda que fueron enviados a los Llanos para proteger a los colonos y \u201cguahibiar\u201d, es decir, despojar, perseguir y eliminar a las comunidades ind\u00edgenas; esta afirmaci\u00f3n es refutada en esta ocasi\u00f3n por el Coronel Rodr\u00edguez, quien invita tanto a colonos como a guahibos a testimoniar, junto con una profesora cercana al desarrollo de las comunidades. La profesora Cecilia de Berm\u00fadez declara que las acusaciones fueron falsas y que fue presionada por el Padre Gonz\u00e1lez para no testimoniar, temiendo perder su puesto. Rosaura Gait\u00e1n habla en guahibo, traducido al espa\u00f1ol, y se\u00f1ala que el ej\u00e9rcito los ha tratado bien y les ha proporcionado herramientas, lo que no suced\u00eda con Rafael Jaramillo Ulloa. Julio Mahecha Gait\u00e1n, mestizo de los Llanos, no quiere acusar ni a los colonos ni a los ind\u00edgenas, y hace un llamado a la paz entre ambos grupos para evitar nuevas masacres. Julio Vega explica la situaci\u00f3n por el descuido estatal y se\u00f1ala que la intervenci\u00f3n del ej\u00e9rcito tuvo como objetivo pacificar la zona, afirmando que quienes critican al ej\u00e9rcito desconocen Planas y su contexto, y que la labor del ej\u00e9rcito ha tenido m\u00e1s impacto positivo que la de algunos padres, quienes han incrementado la inestabilidad. Posteriormente interviene Jorge Silva para contextualizar el programa, explicando el marco hist\u00f3rico de Planas y la relevancia de los testimonios presentados para la investigaci\u00f3n de la pel\u00edcula. Finalmente, se escucha a Marta Rodr\u00edguez y Jorge Silva en una reuni\u00f3n con Marcelino, donde se le interroga sobre las propuestas para apoyar al comit\u00e9 ind\u00edgena, incluyendo los pasos y necesidades concretas para su elaboraci\u00f3n y el dinero necesario para volver a activar la cooperativa. Marcelino habla sobre la organizaci\u00f3n del comit\u00e9, problemas econ\u00f3micos, el periodo de la mujer ind\u00edgena y la preparaci\u00f3n al matrimonio. Explica la historia guahiba sobre los dioses: uno ego\u00edsta y otro bueno, que se preocupaba por los dem\u00e1s y dio origen al pescado; exist\u00eda un pez enorme que el dios bueno pesc\u00f3 y transform\u00f3 en harina para reproducirlo. Detalla rituales como rezar al pescado y al ma\u00edz, el dios de los enamorados, el sistema comunitario y la figura del Siquiriri como el diablo.<\/p>\t\t\t\t\t\t<\/div>\n\t\t\t\t<\/div>\n\t\t\t\t<div class=\"elementor-element elementor-element-9724743 exad-sticky-section-no exad-glass-effect-no elementor-widget elementor-widget-html\" data-id=\"9724743\" data-element_type=\"widget\" data-widget_type=\"html.default\">\n\t\t\t\t<div class=\"elementor-widget-container\">\n\t\t\t<iframe src=\"https:\/\/audiomack.com\/embed\/cinemestizo\/song\/0384-matrimonio-de-una-mujer-de-las-flores-sept15\" scrolling=\"no\" width=\"100%\" height=\"252\" frameborder=\"0\" title=\"0384 Matrimonio De Una Mujer De Las Flores Sept15\"><\/iframe>\t\t<\/div>\n\t\t\t\t<\/div>\n\t\t\t\t<div class=\"elementor-element elementor-element-b460ad5 exad-sticky-section-no exad-glass-effect-no elementor-widget elementor-widget-text-editor\" data-id=\"b460ad5\" data-element_type=\"widget\" data-widget_type=\"text-editor.default\">\n\t\t\t\t<div class=\"elementor-widget-container\">\n\t\t\t\t\t\t\t<p><strong>C\u00d3DIGO:<\/strong> 0819p1<\/p><p><strong>AUTOR\/DIRECTOR\/PRODUCTOR:<\/strong>\u00a0Fundaci\u00f3n Cine Documental Investigaci\u00f3n Social<\/p><p><strong>IDIOMA: <\/strong>Espa\u00f1ol, Sikuani<\/p><p><strong>PERSONA JUR\u00cdDICA\/NATURAL\/ROL:<\/strong> Jorge Silva, Marta Rodriguez, Marcelino<\/p><p><strong>TOPON\u00cdMICOS:<\/strong> Bogot\u00e1, Llanos Orientales<\/p><p><strong>TEM\u00c1TICOS:<\/strong> Comite indigena, Guahibo\/Sikuani, Etnocidio<\/p><p><strong>CRONOL\u00d3GICOS:<\/strong> 1\/10\/1971<\/p><p><strong>UNIDAD DE CONSERVACI\u00d3N:\u00a0<\/strong>Caja<\/p><p><strong>SOPORTE:\u00a0<\/strong>Magn\u00e9tico<\/p><p><strong>FORMATO: <\/strong>Cassette<\/p><p><strong>DURACI\u00d3N:<\/strong> 1:02:00<\/p><p><strong>NOTAS:\u00a0<\/strong>N\/A<\/p>\t\t\t\t\t\t<\/div>\n\t\t\t\t<\/div>\n\t\t\t\t\t<\/div>\n\t\t<\/div>\n\t\t\t\t\t<\/div>\n\t\t<\/section>\n\t\t\t\t<\/div>\n\t\t","protected":false},"excerpt":{"rendered":"<p>Registro de programa televisivo del canal nacional, emitido el 5 de noviembre de 1970, en el marco de la investigaci\u00f3n para la pel\u00edcula Planas: testimonio de un etnocidio de Marta Rodr\u00edguez y Jorge Silva, sobre la masacre de Planas en los Llanos Orientales de Colombia. Comienza con m\u00fasica y contiene una entrevista con el Padre [&hellip;]<\/p>\n","protected":false},"author":1,"featured_media":14571,"comment_status":"open","ping_status":"open","sticky":false,"template":"","format":"standard","meta":{"_acf_changed":false,"footnotes":""},"categories":[26],"tags":[1780,89,1781],"class_list":["post-13314","post","type-post","status-publish","format-standard","has-post-thumbnail","hentry","category-audios","tag-comite-indigena","tag-etnocidio","tag-guahibo-sikuani"],"acf":[],"_links":{"self":[{"href":"https:\/\/martarodriguez.com.co\/index.php\/wp-json\/wp\/v2\/posts\/13314","targetHints":{"allow":["GET"]}}],"collection":[{"href":"https:\/\/martarodriguez.com.co\/index.php\/wp-json\/wp\/v2\/posts"}],"about":[{"href":"https:\/\/martarodriguez.com.co\/index.php\/wp-json\/wp\/v2\/types\/post"}],"author":[{"embeddable":true,"href":"https:\/\/martarodriguez.com.co\/index.php\/wp-json\/wp\/v2\/users\/1"}],"replies":[{"embeddable":true,"href":"https:\/\/martarodriguez.com.co\/index.php\/wp-json\/wp\/v2\/comments?post=13314"}],"version-history":[{"count":5,"href":"https:\/\/martarodriguez.com.co\/index.php\/wp-json\/wp\/v2\/posts\/13314\/revisions"}],"predecessor-version":[{"id":13320,"href":"https:\/\/martarodriguez.com.co\/index.php\/wp-json\/wp\/v2\/posts\/13314\/revisions\/13320"}],"wp:featuredmedia":[{"embeddable":true,"href":"https:\/\/martarodriguez.com.co\/index.php\/wp-json\/wp\/v2\/media\/14571"}],"wp:attachment":[{"href":"https:\/\/martarodriguez.com.co\/index.php\/wp-json\/wp\/v2\/media?parent=13314"}],"wp:term":[{"taxonomy":"category","embeddable":true,"href":"https:\/\/martarodriguez.com.co\/index.php\/wp-json\/wp\/v2\/categories?post=13314"},{"taxonomy":"post_tag","embeddable":true,"href":"https:\/\/martarodriguez.com.co\/index.php\/wp-json\/wp\/v2\/tags?post=13314"}],"curies":[{"name":"wp","href":"https:\/\/api.w.org\/{rel}","templated":true}]}}