{"id":13312,"date":"2025-11-06T21:12:37","date_gmt":"2025-11-06T21:12:37","guid":{"rendered":"https:\/\/martarodriguez.com.co\/?p=13312"},"modified":"2026-01-02T23:14:48","modified_gmt":"2026-01-02T23:14:48","slug":"unidad-indigena-no-33-ano-4-diciembre-de-1978_a-sangre-y-fuego-2","status":"publish","type":"post","link":"https:\/\/martarodriguez.com.co\/index.php\/2025\/11\/06\/unidad-indigena-no-33-ano-4-diciembre-de-1978_a-sangre-y-fuego-2\/","title":{"rendered":"H0250a- UI 33 A sangre y fuego"},"content":{"rendered":"\t\t<div data-elementor-type=\"wp-post\" data-elementor-id=\"13312\" class=\"elementor elementor-13312\">\n\t\t\t\t\t\t<section class=\"elementor-section elementor-top-section elementor-element elementor-element-77752575 elementor-section-boxed elementor-section-height-default elementor-section-height-default exad-glass-effect-no wpr-particle-no wpr-jarallax-no wpr-parallax-no wpr-sticky-section-no exad-sticky-section-no\" data-id=\"77752575\" data-element_type=\"section\">\n\t\t\t\t\t\t<div class=\"elementor-container elementor-column-gap-default\">\n\t\t\t\t\t<div class=\"elementor-column elementor-col-100 elementor-top-column elementor-element elementor-element-6fd6a63d exad-glass-effect-no exad-sticky-section-no\" data-id=\"6fd6a63d\" data-element_type=\"column\">\n\t\t\t<div class=\"elementor-widget-wrap elementor-element-populated\">\n\t\t\t\t\t\t<div class=\"elementor-element elementor-element-1ee9fed exad-sticky-section-no exad-glass-effect-no elementor-widget elementor-widget-image\" data-id=\"1ee9fed\" data-element_type=\"widget\" data-widget_type=\"image.default\">\n\t\t\t\t<div class=\"elementor-widget-container\">\n\t\t\t<style>\/*! elementor - v3.21.0 - 15-04-2024 *\/\n.elementor-widget-image{text-align:center}.elementor-widget-image a{display:inline-block}.elementor-widget-image a img[src$=\".svg\"]{width:48px}.elementor-widget-image img{vertical-align:middle;display:inline-block}<\/style>\t\t\t\t\t\t\t\t\t\t<img fetchpriority=\"high\" decoding=\"async\" width=\"1597\" height=\"2048\" src=\"https:\/\/martarodriguez.com.co\/wp-content\/uploads\/2025\/11\/F-21-2-1597x2048.jpg\" class=\"attachment-2048x2048 size-2048x2048 wp-image-13413\" alt=\"\" srcset=\"https:\/\/martarodriguez.com.co\/wp-content\/uploads\/2025\/11\/F-21-2-1597x2048.jpg 1597w, https:\/\/martarodriguez.com.co\/wp-content\/uploads\/2025\/11\/F-21-2-234x300.jpg 234w, https:\/\/martarodriguez.com.co\/wp-content\/uploads\/2025\/11\/F-21-2-799x1024.jpg 799w, https:\/\/martarodriguez.com.co\/wp-content\/uploads\/2025\/11\/F-21-2-768x985.jpg 768w, https:\/\/martarodriguez.com.co\/wp-content\/uploads\/2025\/11\/F-21-2-1198x1536.jpg 1198w, https:\/\/martarodriguez.com.co\/wp-content\/uploads\/2025\/11\/F-21-2-750x962.jpg 750w, https:\/\/martarodriguez.com.co\/wp-content\/uploads\/2025\/11\/F-21-2-600x769.jpg 600w, https:\/\/martarodriguez.com.co\/wp-content\/uploads\/2025\/11\/F-21-2-scaled.jpg 1997w\" sizes=\"(max-width: 1597px) 100vw, 1597px\" \/>\t\t\t\t\t\t\t\t\t\t\t\t\t<\/div>\n\t\t\t\t<\/div>\n\t\t\t\t<div class=\"elementor-element elementor-element-77b5c1c exad-sticky-section-no exad-glass-effect-no elementor-widget elementor-widget-text-editor\" data-id=\"77b5c1c\" data-element_type=\"widget\" data-widget_type=\"text-editor.default\">\n\t\t\t\t<div class=\"elementor-widget-container\">\n\t\t\t<style>\/*! elementor - v3.21.0 - 15-04-2024 *\/\n.elementor-widget-text-editor.elementor-drop-cap-view-stacked .elementor-drop-cap{background-color:#69727d;color:#fff}.elementor-widget-text-editor.elementor-drop-cap-view-framed .elementor-drop-cap{color:#69727d;border:3px solid;background-color:transparent}.elementor-widget-text-editor:not(.elementor-drop-cap-view-default) .elementor-drop-cap{margin-top:8px}.elementor-widget-text-editor:not(.elementor-drop-cap-view-default) .elementor-drop-cap-letter{width:1em;height:1em}.elementor-widget-text-editor .elementor-drop-cap{float:left;text-align:center;line-height:1;font-size:50px}.elementor-widget-text-editor .elementor-drop-cap-letter{display:inline-block}<\/style>\t\t\t\t<p><span data-sheets-root=\"1\">El art\u00edculo comenta el asesinato del compa\u00f1ero Avelino Ul, que al igual que el asesinato del compa\u00f1ero Gustavo Mej\u00eda, es un paso m\u00e1s en la guerra que los terratenientes y las autoridades han declarado contra el movimiento ind\u00edgena.\u00a0<\/span><\/p>\n<p><span data-sheets-root=\"1\">A pesar de sobrevivir a m\u00faltiples encarcelamientos, numerosos atentados y vivir en constante zozobra por las reiteradas amenazas, su honestidad, su firmeza y su entrega total a la comunidad nunca lo hicieron desistir; a pesar de que Avelino encabezaba una lista de diez l\u00edderes que han sido declarados objetivo de los p\u00e1jaros.\u00a0<\/span><\/p>\n<p><span data-sheets-root=\"1\">Sin embargo, este persecuci\u00f3n no se limita al movimiento ind\u00edgena, sino que hist\u00f3ricamente han sido los trabajadores, petroleros, braceros, ca\u00f1eros, obreros, estudiantes, y dem\u00e1s sectores populares, los que han sido aplastados por la represi\u00f3n oficial, muchas veces al servicio de intereses extranjeros.\u00a0<\/span><\/p>\n<p><span data-sheets-root=\"1\">En estos \u00faltimos tiempos, con el Estatuto de Seguridad, el calificativo de subversivo contra aquel dirigente popular que levante la voz contra la opresi\u00f3n y la explotaci\u00f3n se ha intensificado, ampliando los medios legales de la represi\u00f3n, y aumentando las torturas, los asesinatos y las amenazas de muerte.\u00a0<\/span><\/p>\n<p><span data-sheets-root=\"1\">A\u00fan si las perspectivas de futuro son negras, el llamado a la uni\u00f3n y la continuidad de la lucha prevalece, pues en el fondo los opresores saben que sus d\u00edas est\u00e1n contados y que tarde o temprano pagar\u00e1n por sus cr\u00edmenes.<\/span><\/p>\t\t\t\t\t\t<\/div>\n\t\t\t\t<\/div>\n\t\t\t\t<div class=\"elementor-element elementor-element-496b670 exad-sticky-section-no exad-glass-effect-no elementor-widget elementor-widget-text-editor\" data-id=\"496b670\" data-element_type=\"widget\" data-widget_type=\"text-editor.default\">\n\t\t\t\t<div class=\"elementor-widget-container\">\n\t\t\t\t\t\t\t<p><strong>C\u00d3DIGO<\/strong>: H0250a<\/p>\n<p><strong>IDIOMA:<\/strong> Castellano<\/p>\n<p><strong style=\"color: var( --e-global-color-text ); font-family: var( --e-global-typography-text-font-family ), Sans-serif;\">PERSONA JUR\u00cdDICA\/NATURAL\/ROL:<\/strong>Avelino Ul, Gustavo Mej\u00eda, Miguel Andrade,<\/p>\n<p><strong>TOPON\u00cdMICOS:<\/strong>Norte del Cauca, Torib\u00edo, Jambal\u00f3, Santander de Quilichao, Magadalena,<\/p>\n<p><strong style=\"color: var( --e-global-color-text ); font-family: var( --e-global-typography-text-font-family ), Sans-serif;\">TEM\u00c1TICOS:<\/strong><span style=\"color: var( --e-global-color-text ); font-family: var( --e-global-typography-text-font-family ), Sans-serif; font-weight: var( --e-global-typography-text-font-weight );\"> <span data-sheets-root=\"1\">Asesinato de L\u00edderes, Terratenientes, Capitalistas, Imperialistas, CRIC, Impunidad, Cuesti\u00f3n Agraria, P\u00e1jaros, Masacre de las Bananeras, United Fruit Company, Estatuto de Seguridad, Represi\u00f3n, Tortura, Triple A, Despojo, <\/span><\/span><\/p>\n<p><!-- \/wp:paragraph --><!-- wp:paragraph --><\/p>\n<p><strong>CRONOL\u00d3GICOS:<\/strong> <span data-sheets-root=\"1\">1978<\/span><\/p>\n<p><!-- \/wp:paragraph --><!-- wp:paragraph --><\/p>\n<p><!-- \/wp:paragraph --><!-- wp:paragraph --><\/p>\n<p><!-- \/wp:paragraph --><\/p>\t\t\t\t\t\t<\/div>\n\t\t\t\t<\/div>\n\t\t\t\t\t<\/div>\n\t\t<\/div>\n\t\t\t\t\t<\/div>\n\t\t<\/section>\n\t\t\t\t<\/div>\n\t\t","protected":false},"excerpt":{"rendered":"<p>El art\u00edculo comenta el asesinato del compa\u00f1ero Avelino Ul, que al igual que el asesinato del compa\u00f1ero Gustavo Mej\u00eda, es un paso m\u00e1s en la guerra que los terratenientes y las autoridades han declarado contra el movimiento ind\u00edgena.\u00a0 A pesar de sobrevivir a m\u00faltiples encarcelamientos, numerosos atentados y vivir en constante zozobra por las reiteradas [&hellip;]<\/p>\n","protected":false},"author":1,"featured_media":13411,"comment_status":"open","ping_status":"open","sticky":false,"template":"","format":"standard","meta":{"_acf_changed":false,"footnotes":""},"categories":[28],"tags":[386,793,1608,108,1664,1689,1727,372,1775,1186,1555,1778,1776,1779,1616,1668,169,1637,1422,1747,57,1777,209],"class_list":["post-13312","post","type-post","status-publish","format-standard","has-post-thumbnail","hentry","category-hemeroteca","tag-asesinato-de-lideres","tag-avelino-ul","tag-capitalistas","tag-cric","tag-cuestion-agraria","tag-despojo","tag-estatuto-de-seguridad","tag-gustavo-mejia","tag-imperialistas","tag-impunidad","tag-jambalo","tag-magadalena","tag-masacre-de-las-bananeras","tag-miguel-andrade","tag-norte-del-cauca","tag-pajaros","tag-represion","tag-santander-de-quilichao","tag-terratenientes","tag-toribio","tag-tortura","tag-triple-a","tag-united-fruit-company"],"acf":[],"_links":{"self":[{"href":"https:\/\/martarodriguez.com.co\/index.php\/wp-json\/wp\/v2\/posts\/13312","targetHints":{"allow":["GET"]}}],"collection":[{"href":"https:\/\/martarodriguez.com.co\/index.php\/wp-json\/wp\/v2\/posts"}],"about":[{"href":"https:\/\/martarodriguez.com.co\/index.php\/wp-json\/wp\/v2\/types\/post"}],"author":[{"embeddable":true,"href":"https:\/\/martarodriguez.com.co\/index.php\/wp-json\/wp\/v2\/users\/1"}],"replies":[{"embeddable":true,"href":"https:\/\/martarodriguez.com.co\/index.php\/wp-json\/wp\/v2\/comments?post=13312"}],"version-history":[{"count":8,"href":"https:\/\/martarodriguez.com.co\/index.php\/wp-json\/wp\/v2\/posts\/13312\/revisions"}],"predecessor-version":[{"id":18021,"href":"https:\/\/martarodriguez.com.co\/index.php\/wp-json\/wp\/v2\/posts\/13312\/revisions\/18021"}],"wp:featuredmedia":[{"embeddable":true,"href":"https:\/\/martarodriguez.com.co\/index.php\/wp-json\/wp\/v2\/media\/13411"}],"wp:attachment":[{"href":"https:\/\/martarodriguez.com.co\/index.php\/wp-json\/wp\/v2\/media?parent=13312"}],"wp:term":[{"taxonomy":"category","embeddable":true,"href":"https:\/\/martarodriguez.com.co\/index.php\/wp-json\/wp\/v2\/categories?post=13312"},{"taxonomy":"post_tag","embeddable":true,"href":"https:\/\/martarodriguez.com.co\/index.php\/wp-json\/wp\/v2\/tags?post=13312"}],"curies":[{"name":"wp","href":"https:\/\/api.w.org\/{rel}","templated":true}]}}