{"id":13278,"date":"2025-11-05T19:06:56","date_gmt":"2025-11-05T19:06:56","guid":{"rendered":"https:\/\/martarodriguez.com.co\/?p=13278"},"modified":"2025-11-06T23:45:58","modified_gmt":"2025-11-06T23:45:58","slug":"unidad-indigena-no-32-de-octubre-de-1978_tierradentro-violencia-contra-companeros","status":"publish","type":"post","link":"https:\/\/martarodriguez.com.co\/index.php\/2025\/11\/05\/unidad-indigena-no-32-de-octubre-de-1978_tierradentro-violencia-contra-companeros\/","title":{"rendered":"H0249o &#8211; UI 32 Tierradentro: Violencia contra compa\u00f1eros"},"content":{"rendered":"\t\t<div data-elementor-type=\"wp-post\" data-elementor-id=\"13278\" class=\"elementor elementor-13278\">\n\t\t\t\t\t\t<section class=\"elementor-section elementor-top-section elementor-element elementor-element-77752575 elementor-section-boxed elementor-section-height-default elementor-section-height-default exad-glass-effect-no wpr-particle-no wpr-jarallax-no wpr-parallax-no wpr-sticky-section-no exad-sticky-section-no\" data-id=\"77752575\" data-element_type=\"section\">\n\t\t\t\t\t\t<div class=\"elementor-container elementor-column-gap-default\">\n\t\t\t\t\t<div class=\"elementor-column elementor-col-100 elementor-top-column elementor-element elementor-element-6fd6a63d exad-glass-effect-no exad-sticky-section-no\" data-id=\"6fd6a63d\" data-element_type=\"column\">\n\t\t\t<div class=\"elementor-widget-wrap elementor-element-populated\">\n\t\t\t\t\t\t<div class=\"elementor-element elementor-element-1ee9fed exad-sticky-section-no exad-glass-effect-no elementor-widget elementor-widget-image\" data-id=\"1ee9fed\" data-element_type=\"widget\" data-widget_type=\"image.default\">\n\t\t\t\t<div class=\"elementor-widget-container\">\n\t\t\t<style>\/*! elementor - v3.21.0 - 15-04-2024 *\/\n.elementor-widget-image{text-align:center}.elementor-widget-image a{display:inline-block}.elementor-widget-image a img[src$=\".svg\"]{width:48px}.elementor-widget-image img{vertical-align:middle;display:inline-block}<\/style>\t\t\t\t\t\t\t\t\t\t<img fetchpriority=\"high\" decoding=\"async\" width=\"255\" height=\"900\" src=\"https:\/\/martarodriguez.com.co\/wp-content\/uploads\/2025\/11\/Captura-de-Pantalla-2025-11-05-a-las-2.00.01-p.m.jpg\" class=\"attachment-2048x2048 size-2048x2048 wp-image-13282\" alt=\"\" srcset=\"https:\/\/martarodriguez.com.co\/wp-content\/uploads\/2025\/11\/Captura-de-Pantalla-2025-11-05-a-las-2.00.01-p.m.jpg 255w, https:\/\/martarodriguez.com.co\/wp-content\/uploads\/2025\/11\/Captura-de-Pantalla-2025-11-05-a-las-2.00.01-p.m-85x300.jpg 85w\" sizes=\"(max-width: 255px) 100vw, 255px\" \/>\t\t\t\t\t\t\t\t\t\t\t\t\t<\/div>\n\t\t\t\t<\/div>\n\t\t\t\t<div class=\"elementor-element elementor-element-77b5c1c exad-sticky-section-no exad-glass-effect-no elementor-widget elementor-widget-text-editor\" data-id=\"77b5c1c\" data-element_type=\"widget\" data-widget_type=\"text-editor.default\">\n\t\t\t\t<div class=\"elementor-widget-container\">\n\t\t\t<style>\/*! elementor - v3.21.0 - 15-04-2024 *\/\n.elementor-widget-text-editor.elementor-drop-cap-view-stacked .elementor-drop-cap{background-color:#69727d;color:#fff}.elementor-widget-text-editor.elementor-drop-cap-view-framed .elementor-drop-cap{color:#69727d;border:3px solid;background-color:transparent}.elementor-widget-text-editor:not(.elementor-drop-cap-view-default) .elementor-drop-cap{margin-top:8px}.elementor-widget-text-editor:not(.elementor-drop-cap-view-default) .elementor-drop-cap-letter{width:1em;height:1em}.elementor-widget-text-editor .elementor-drop-cap{float:left;text-align:center;line-height:1;font-size:50px}.elementor-widget-text-editor .elementor-drop-cap-letter{display:inline-block}<\/style>\t\t\t\t<p><span data-sheets-root=\"1\">En la nota se denuncia con nombre propio al terrateniente Luis Ernesto Santos, quien junto a tres polic\u00edas, el mes anterior quem\u00f3 las viviendas y sementeras de varios compa\u00f1eros ind\u00edgenas, agredi\u00e9ndolos y amenaz\u00e1ndolos reiteradamente, sin consecuencias ante las autoridades. Mientras tanto varios ind\u00edgenas acusados injustamente por lo mismo, siguen apresados. <\/span><\/p>\t\t\t\t\t\t<\/div>\n\t\t\t\t<\/div>\n\t\t\t\t<div class=\"elementor-element elementor-element-496b670 exad-sticky-section-no exad-glass-effect-no elementor-widget elementor-widget-text-editor\" data-id=\"496b670\" data-element_type=\"widget\" data-widget_type=\"text-editor.default\">\n\t\t\t\t<div class=\"elementor-widget-container\">\n\t\t\t\t\t\t\t<p><strong>C\u00d3DIGO<\/strong>: H0249o<\/p>\n<p><!-- \/wp:paragraph --><!-- wp:paragraph --><\/p>\n<p><strong>IDIOMA:<\/strong> Castellano<\/p>\n<p><strong style=\"color: var( --e-global-color-text ); font-family: var( --e-global-typography-text-font-family ), Sans-serif;\">PERSONA JUR\u00cdDICA\/NATURAL\/ROL:<\/strong>Luis Ernesto Santos &#8220;el llanero&#8221;, Sandalio Aquino, Miguel Geromito, Fernando Aquino, Mateo Hio, Dionisio Ipia,<\/p>\n<p><strong>TOPON\u00cdMICOS: <\/strong>Tierradentro, Inz\u00e1, San Andr\u00e9s de Piscimbal\u00e1, Bogot\u00e1,<\/p>\n<p><strong style=\"color: var( --e-global-color-text ); font-family: var( --e-global-typography-text-font-family ), Sans-serif;\">TEM\u00c1TICOS:<\/strong><span style=\"color: var( --e-global-color-text ); font-family: var( --e-global-typography-text-font-family ), Sans-serif; font-weight: var( --e-global-typography-text-font-weight );\"> <span data-sheets-root=\"1\">Terratenientes, P\u00e1jaros, Despojo, Revista Alternativa, Montaje Judicial, Represi\u00f3n, <\/span><\/span><\/p>\n<p><!-- \/wp:paragraph --><!-- wp:paragraph --><\/p>\n<p><strong>CRONOL\u00d3GICOS:<\/strong> <span data-sheets-root=\"1\">1978<\/span><\/p>\n<p><!-- \/wp:paragraph --><!-- wp:paragraph --><\/p>\n<p><!-- \/wp:paragraph --><!-- wp:paragraph --><\/p>\n<p><!-- \/wp:paragraph --><\/p>\t\t\t\t\t\t<\/div>\n\t\t\t\t<\/div>\n\t\t\t\t\t<\/div>\n\t\t<\/div>\n\t\t\t\t\t<\/div>\n\t\t<\/section>\n\t\t\t\t<\/div>\n\t\t","protected":false},"excerpt":{"rendered":"<p>En la nota se denuncia con nombre propio al terrateniente Luis Ernesto Santos, quien junto a tres polic\u00edas, el mes anterior quem\u00f3 las viviendas y sementeras de varios compa\u00f1eros ind\u00edgenas, agredi\u00e9ndolos y amenaz\u00e1ndolos reiteradamente, sin consecuencias ante las autoridades. Mientras tanto varios ind\u00edgenas acusados injustamente por lo mismo, siguen apresados. C\u00d3DIGO: H0249o IDIOMA: Castellano PERSONA [&hellip;]<\/p>\n","protected":false},"author":1,"featured_media":13280,"comment_status":"open","ping_status":"open","sticky":false,"template":"","format":"standard","meta":{"_acf_changed":false,"footnotes":""},"categories":[28],"tags":[458,1689,1767,1765,1698,1762,1766,1764,1457,1668,169,1760,1761,1763,1422,1420],"class_list":["post-13278","post","type-post","status-publish","format-standard","has-post-thumbnail","hentry","category-hemeroteca","tag-bogota","tag-despojo","tag-dionisio-ipia","tag-fernando-aquino","tag-inza","tag-luis-ernesto-santos-el-llanero","tag-mateo-hio","tag-miguel-geromito","tag-montaje-judicial","tag-pajaros","tag-represion","tag-revista-alternativa","tag-san-andres-de-piscimbala","tag-sandalio-aquino","tag-terratenientes","tag-tierradentro"],"acf":[],"_links":{"self":[{"href":"https:\/\/martarodriguez.com.co\/index.php\/wp-json\/wp\/v2\/posts\/13278","targetHints":{"allow":["GET"]}}],"collection":[{"href":"https:\/\/martarodriguez.com.co\/index.php\/wp-json\/wp\/v2\/posts"}],"about":[{"href":"https:\/\/martarodriguez.com.co\/index.php\/wp-json\/wp\/v2\/types\/post"}],"author":[{"embeddable":true,"href":"https:\/\/martarodriguez.com.co\/index.php\/wp-json\/wp\/v2\/users\/1"}],"replies":[{"embeddable":true,"href":"https:\/\/martarodriguez.com.co\/index.php\/wp-json\/wp\/v2\/comments?post=13278"}],"version-history":[{"count":6,"href":"https:\/\/martarodriguez.com.co\/index.php\/wp-json\/wp\/v2\/posts\/13278\/revisions"}],"predecessor-version":[{"id":13595,"href":"https:\/\/martarodriguez.com.co\/index.php\/wp-json\/wp\/v2\/posts\/13278\/revisions\/13595"}],"wp:featuredmedia":[{"embeddable":true,"href":"https:\/\/martarodriguez.com.co\/index.php\/wp-json\/wp\/v2\/media\/13280"}],"wp:attachment":[{"href":"https:\/\/martarodriguez.com.co\/index.php\/wp-json\/wp\/v2\/media?parent=13278"}],"wp:term":[{"taxonomy":"category","embeddable":true,"href":"https:\/\/martarodriguez.com.co\/index.php\/wp-json\/wp\/v2\/categories?post=13278"},{"taxonomy":"post_tag","embeddable":true,"href":"https:\/\/martarodriguez.com.co\/index.php\/wp-json\/wp\/v2\/tags?post=13278"}],"curies":[{"name":"wp","href":"https:\/\/api.w.org\/{rel}","templated":true}]}}