{"id":13255,"date":"2025-11-05T18:45:30","date_gmt":"2025-11-05T18:45:30","guid":{"rendered":"https:\/\/martarodriguez.com.co\/?p=13255"},"modified":"2026-01-02T23:07:02","modified_gmt":"2026-01-02T23:07:02","slug":"unidad-indigena-no-32-de-octubre-de-1978_que-significa-el-estatuto-de-seguridad","status":"publish","type":"post","link":"https:\/\/martarodriguez.com.co\/index.php\/2025\/11\/05\/unidad-indigena-no-32-de-octubre-de-1978_que-significa-el-estatuto-de-seguridad\/","title":{"rendered":"H0249n &#8211; UI 32 Qu\u00e9 significa el Estatuto de Seguridad?"},"content":{"rendered":"\t\t<div data-elementor-type=\"wp-post\" data-elementor-id=\"13255\" class=\"elementor elementor-13255\">\n\t\t\t\t\t\t<section class=\"elementor-section elementor-top-section elementor-element elementor-element-77752575 elementor-section-boxed elementor-section-height-default elementor-section-height-default exad-glass-effect-no wpr-particle-no wpr-jarallax-no wpr-parallax-no wpr-sticky-section-no exad-sticky-section-no\" data-id=\"77752575\" data-element_type=\"section\">\n\t\t\t\t\t\t<div class=\"elementor-container elementor-column-gap-default\">\n\t\t\t\t\t<div class=\"elementor-column elementor-col-100 elementor-top-column elementor-element elementor-element-6fd6a63d exad-glass-effect-no exad-sticky-section-no\" data-id=\"6fd6a63d\" data-element_type=\"column\">\n\t\t\t<div class=\"elementor-widget-wrap elementor-element-populated\">\n\t\t\t\t\t\t<div class=\"elementor-element elementor-element-1ee9fed exad-sticky-section-no exad-glass-effect-no elementor-widget elementor-widget-image\" data-id=\"1ee9fed\" data-element_type=\"widget\" data-widget_type=\"image.default\">\n\t\t\t\t<div class=\"elementor-widget-container\">\n\t\t\t<style>\/*! elementor - v3.21.0 - 15-04-2024 *\/\n.elementor-widget-image{text-align:center}.elementor-widget-image a{display:inline-block}.elementor-widget-image a img[src$=\".svg\"]{width:48px}.elementor-widget-image img{vertical-align:middle;display:inline-block}<\/style>\t\t\t\t\t\t\t\t\t\t<img fetchpriority=\"high\" decoding=\"async\" width=\"1590\" height=\"2048\" src=\"https:\/\/martarodriguez.com.co\/wp-content\/uploads\/2025\/11\/10-UNIDAD-INDIGENA-32-1590x2048.jpg\" class=\"attachment-2048x2048 size-2048x2048 wp-image-13263\" alt=\"\" srcset=\"https:\/\/martarodriguez.com.co\/wp-content\/uploads\/2025\/11\/10-UNIDAD-INDIGENA-32-1590x2048.jpg 1590w, https:\/\/martarodriguez.com.co\/wp-content\/uploads\/2025\/11\/10-UNIDAD-INDIGENA-32-233x300.jpg 233w, https:\/\/martarodriguez.com.co\/wp-content\/uploads\/2025\/11\/10-UNIDAD-INDIGENA-32-795x1024.jpg 795w, https:\/\/martarodriguez.com.co\/wp-content\/uploads\/2025\/11\/10-UNIDAD-INDIGENA-32-768x989.jpg 768w, https:\/\/martarodriguez.com.co\/wp-content\/uploads\/2025\/11\/10-UNIDAD-INDIGENA-32-1193x1536.jpg 1193w, https:\/\/martarodriguez.com.co\/wp-content\/uploads\/2025\/11\/10-UNIDAD-INDIGENA-32-750x966.jpg 750w, https:\/\/martarodriguez.com.co\/wp-content\/uploads\/2025\/11\/10-UNIDAD-INDIGENA-32-600x773.jpg 600w, https:\/\/martarodriguez.com.co\/wp-content\/uploads\/2025\/11\/10-UNIDAD-INDIGENA-32-scaled.jpg 1988w\" sizes=\"(max-width: 1590px) 100vw, 1590px\" \/>\t\t\t\t\t\t\t\t\t\t\t\t\t<\/div>\n\t\t\t\t<\/div>\n\t\t\t\t<div class=\"elementor-element elementor-element-77b5c1c exad-sticky-section-no exad-glass-effect-no elementor-widget elementor-widget-text-editor\" data-id=\"77b5c1c\" data-element_type=\"widget\" data-widget_type=\"text-editor.default\">\n\t\t\t\t<div class=\"elementor-widget-container\">\n\t\t\t<style>\/*! elementor - v3.21.0 - 15-04-2024 *\/\n.elementor-widget-text-editor.elementor-drop-cap-view-stacked .elementor-drop-cap{background-color:#69727d;color:#fff}.elementor-widget-text-editor.elementor-drop-cap-view-framed .elementor-drop-cap{color:#69727d;border:3px solid;background-color:transparent}.elementor-widget-text-editor:not(.elementor-drop-cap-view-default) .elementor-drop-cap{margin-top:8px}.elementor-widget-text-editor:not(.elementor-drop-cap-view-default) .elementor-drop-cap-letter{width:1em;height:1em}.elementor-widget-text-editor .elementor-drop-cap{float:left;text-align:center;line-height:1;font-size:50px}.elementor-widget-text-editor .elementor-drop-cap-letter{display:inline-block}<\/style>\t\t\t\t<p><span data-sheets-root=\"1\">El art\u00edculo examina el impacto en las luchas sociales y populares que tendr\u00e1 el reci\u00e9n promulgado Estatuto de Seguridad por el presidente Julio C\u00e9sar Turbay Ayala, deteni\u00e9ndose especialmente en las consecuencias para los resguardos ind\u00edgenas en el Cauca. <\/span><\/p>\n<p><span data-sheets-root=\"1\">Se afirma que los 16 art\u00edculos de dicho Estatuto no est\u00e1n para guardar el orden p\u00fablico sino para perseguir organizaciones populares y revolucionarias que no est\u00e9n de acuerdo con el r\u00e9gimen capitalista, oligarca y explotador, al imponer penas de 10 a 15 a\u00f1os ante huelgas en el espacio p\u00fablico o la recuperaci\u00f3n de tierras. <\/span><\/p>\n<p><span data-sheets-root=\"1\">As\u00ed mismo se coarta directa e indirectamente la libertad de expresi\u00f3n al pueblo, en boletines, peri\u00f3dicos y radio. Se califica al Estatuto de acci\u00f3n pol\u00edtica de los opresores contra los oprimidos, de los liberales y conservadores contra las organizaciones populares. <\/span><\/p>\n<p><span data-sheets-root=\"1\">Se denuncia la intensificaci\u00f3n de la represi\u00f3n desde la realizaci\u00f3n del 4\u00b0 Congreso del CRIC, y se se\u00f1ala la impunidad en la que est\u00e1n los asesinatos de cientos de compa\u00f1eros ind\u00edgenas. Finalmente se proclama un llamado a la unidad entre ind\u00edgenas y organizaciones populares para construir un frente de lucha contra los explotadores. <\/span><\/p>\t\t\t\t\t\t<\/div>\n\t\t\t\t<\/div>\n\t\t\t\t<div class=\"elementor-element elementor-element-496b670 exad-sticky-section-no exad-glass-effect-no elementor-widget elementor-widget-text-editor\" data-id=\"496b670\" data-element_type=\"widget\" data-widget_type=\"text-editor.default\">\n\t\t\t\t<div class=\"elementor-widget-container\">\n\t\t\t\t\t\t\t<p><strong>C\u00d3DIGO<\/strong>: H0249n<\/p>\n<p><!-- \/wp:paragraph --><!-- wp:paragraph --><\/p>\n<p><strong>IDIOMA:<\/strong> Castellano<\/p>\n<p><strong style=\"color: var( --e-global-color-text ); font-family: var( --e-global-typography-text-font-family ), Sans-serif;\">PERSONA JUR\u00cdDICA\/NATURAL\/ROL: <\/strong>Julio C\u00e9sar Turbay Ayala, general Camacho Leyva, Cornelio Reyes, Alfonso L\u00f3pez Michelsen, Gustavo Mej\u00eda, Justiniano Lame, Marco An\u00edbal Melenge, Ernesto Guejia, Hermanos Casso, Ram\u00f3n Monato Penagos,<\/p>\n<p><strong>TOPON\u00cdMICOS: <\/strong>Cauca, Am\u00e9rica, Tierradentro, Jambal\u00f3, Buena Vista, Caldono, Santander, San Francisco, Tacuey\u00f3, Torib\u00edo, Colombia,<\/p>\n<p><strong style=\"color: var( --e-global-color-text ); font-family: var( --e-global-typography-text-font-family ), Sans-serif;\">TEM\u00c1TICOS:<\/strong><span style=\"color: var( --e-global-color-text ); font-family: var( --e-global-typography-text-font-family ), Sans-serif; font-weight: var( --e-global-typography-text-font-weight );\"> <span data-sheets-root=\"1\">Estatuto de Seguridad, Constituci\u00f3n, Terratenientes, Oligarcas, Capitalistas, Terror, Tortura, Resguardo Ind\u00edgenas, Huelga, Recuperaci\u00f3n de Tierra, Libertad de Expresi\u00f3n, Represi\u00f3n, Reforma Agraria, Instituto Ling\u00fc\u00edstico de Verano, Cuarto Congreso, <\/span><\/span><\/p>\n<p><!-- \/wp:paragraph --><!-- wp:paragraph --><\/p>\n<p><strong>CRONOL\u00d3GICOS:<\/strong> <span data-sheets-root=\"1\">1978<\/span><\/p>\n<p><!-- \/wp:paragraph --><!-- wp:paragraph --><\/p>\n<p><!-- \/wp:paragraph --><!-- wp:paragraph --><\/p>\n<p><!-- \/wp:paragraph --><\/p>\t\t\t\t\t\t<\/div>\n\t\t\t\t<\/div>\n\t\t\t\t\t<\/div>\n\t\t<\/div>\n\t\t\t\t\t<\/div>\n\t\t<\/section>\n\t\t\t\t<\/div>\n\t\t","protected":false},"excerpt":{"rendered":"<p>El art\u00edculo examina el impacto en las luchas sociales y populares que tendr\u00e1 el reci\u00e9n promulgado Estatuto de Seguridad por el presidente Julio C\u00e9sar Turbay Ayala, deteni\u00e9ndose especialmente en las consecuencias para los resguardos ind\u00edgenas en el Cauca. Se afirma que los 16 art\u00edculos de dicho Estatuto no est\u00e1n para guardar el orden p\u00fablico sino [&hellip;]<\/p>\n","protected":false},"author":1,"featured_media":13261,"comment_status":"open","ping_status":"open","sticky":false,"template":"","format":"standard","meta":{"_acf_changed":false,"footnotes":""},"categories":[28],"tags":[431,1744,1745,1558,1608,800,513,1739,1749,1419,1751,1727,1748,372,1752,988,1500,1555,433,1655,1743,1750,1740,1753,1742,153,169,1691,1746,1594,1615,1422,1741,1420,1747,57],"class_list":["post-13255","post","type-post","status-publish","format-standard","has-post-thumbnail","hentry","category-hemeroteca","tag-alfonso-lopez-michelsen","tag-america","tag-buena-vista","tag-caldono","tag-capitalistas","tag-cauca","tag-colombia","tag-constitucion","tag-cornelio-reyes","tag-cuarto-congreso","tag-ernesto-guejia","tag-estatuto-de-seguridad","tag-general-camacho-leyva","tag-gustavo-mejia","tag-hermanos-casso","tag-huelga","tag-instituto-linguistico-de-verano","tag-jambalo","tag-julio-cesar-turbay-ayala","tag-justiniano-lame","tag-libertad-de-expresion","tag-marco-anibal-melenge","tag-oligarcas","tag-ramon-monato-penagos","tag-recuperacion-de-tierra","tag-reforma-agraria","tag-represion","tag-resguardo-indigenas","tag-san-francisco","tag-santander","tag-tacueyo","tag-terratenientes","tag-terror","tag-tierradentro","tag-toribio","tag-tortura"],"acf":[],"_links":{"self":[{"href":"https:\/\/martarodriguez.com.co\/index.php\/wp-json\/wp\/v2\/posts\/13255","targetHints":{"allow":["GET"]}}],"collection":[{"href":"https:\/\/martarodriguez.com.co\/index.php\/wp-json\/wp\/v2\/posts"}],"about":[{"href":"https:\/\/martarodriguez.com.co\/index.php\/wp-json\/wp\/v2\/types\/post"}],"author":[{"embeddable":true,"href":"https:\/\/martarodriguez.com.co\/index.php\/wp-json\/wp\/v2\/users\/1"}],"replies":[{"embeddable":true,"href":"https:\/\/martarodriguez.com.co\/index.php\/wp-json\/wp\/v2\/comments?post=13255"}],"version-history":[{"count":9,"href":"https:\/\/martarodriguez.com.co\/index.php\/wp-json\/wp\/v2\/posts\/13255\/revisions"}],"predecessor-version":[{"id":18009,"href":"https:\/\/martarodriguez.com.co\/index.php\/wp-json\/wp\/v2\/posts\/13255\/revisions\/18009"}],"wp:featuredmedia":[{"embeddable":true,"href":"https:\/\/martarodriguez.com.co\/index.php\/wp-json\/wp\/v2\/media\/13261"}],"wp:attachment":[{"href":"https:\/\/martarodriguez.com.co\/index.php\/wp-json\/wp\/v2\/media?parent=13255"}],"wp:term":[{"taxonomy":"category","embeddable":true,"href":"https:\/\/martarodriguez.com.co\/index.php\/wp-json\/wp\/v2\/categories?post=13255"},{"taxonomy":"post_tag","embeddable":true,"href":"https:\/\/martarodriguez.com.co\/index.php\/wp-json\/wp\/v2\/tags?post=13255"}],"curies":[{"name":"wp","href":"https:\/\/api.w.org\/{rel}","templated":true}]}}