{"id":13199,"date":"2025-11-05T16:31:42","date_gmt":"2025-11-05T16:31:42","guid":{"rendered":"https:\/\/martarodriguez.com.co\/?p=13199"},"modified":"2026-01-02T22:57:55","modified_gmt":"2026-01-02T22:57:55","slug":"unidad-indigena-no-32-de-octubre-de-1978_presos-politicos-se-retiran-del-amanado-consejo-de-verbal-de-guerra","status":"publish","type":"post","link":"https:\/\/martarodriguez.com.co\/index.php\/2025\/11\/05\/unidad-indigena-no-32-de-octubre-de-1978_presos-politicos-se-retiran-del-amanado-consejo-de-verbal-de-guerra\/","title":{"rendered":"H0249g &#8211; UI 32 Presos pol\u00edticos se retiran"},"content":{"rendered":"\t\t<div data-elementor-type=\"wp-post\" data-elementor-id=\"13199\" class=\"elementor elementor-13199\">\n\t\t\t\t\t\t<section class=\"elementor-section elementor-top-section elementor-element elementor-element-77752575 elementor-section-boxed elementor-section-height-default elementor-section-height-default exad-glass-effect-no wpr-particle-no wpr-jarallax-no wpr-parallax-no wpr-sticky-section-no exad-sticky-section-no\" data-id=\"77752575\" data-element_type=\"section\">\n\t\t\t\t\t\t<div class=\"elementor-container elementor-column-gap-default\">\n\t\t\t\t\t<div class=\"elementor-column elementor-col-100 elementor-top-column elementor-element elementor-element-6fd6a63d exad-glass-effect-no exad-sticky-section-no\" data-id=\"6fd6a63d\" data-element_type=\"column\">\n\t\t\t<div class=\"elementor-widget-wrap elementor-element-populated\">\n\t\t\t\t\t\t<div class=\"elementor-element elementor-element-1ee9fed exad-sticky-section-no exad-glass-effect-no elementor-widget elementor-widget-image\" data-id=\"1ee9fed\" data-element_type=\"widget\" data-widget_type=\"image.default\">\n\t\t\t\t<div class=\"elementor-widget-container\">\n\t\t\t<style>\/*! elementor - v3.21.0 - 15-04-2024 *\/\n.elementor-widget-image{text-align:center}.elementor-widget-image a{display:inline-block}.elementor-widget-image a img[src$=\".svg\"]{width:48px}.elementor-widget-image img{vertical-align:middle;display:inline-block}<\/style>\t\t\t\t\t\t\t\t\t\t<img fetchpriority=\"high\" decoding=\"async\" width=\"1315\" height=\"881\" src=\"https:\/\/martarodriguez.com.co\/wp-content\/uploads\/2025\/11\/Captura-de-Pantalla-2025-11-05-a-las-11.24.52-a.m-1.jpg\" class=\"attachment-2048x2048 size-2048x2048 wp-image-13208\" alt=\"\" srcset=\"https:\/\/martarodriguez.com.co\/wp-content\/uploads\/2025\/11\/Captura-de-Pantalla-2025-11-05-a-las-11.24.52-a.m-1.jpg 1315w, https:\/\/martarodriguez.com.co\/wp-content\/uploads\/2025\/11\/Captura-de-Pantalla-2025-11-05-a-las-11.24.52-a.m-1-300x201.jpg 300w, https:\/\/martarodriguez.com.co\/wp-content\/uploads\/2025\/11\/Captura-de-Pantalla-2025-11-05-a-las-11.24.52-a.m-1-1024x686.jpg 1024w, https:\/\/martarodriguez.com.co\/wp-content\/uploads\/2025\/11\/Captura-de-Pantalla-2025-11-05-a-las-11.24.52-a.m-1-768x515.jpg 768w, https:\/\/martarodriguez.com.co\/wp-content\/uploads\/2025\/11\/Captura-de-Pantalla-2025-11-05-a-las-11.24.52-a.m-1-360x240.jpg 360w, https:\/\/martarodriguez.com.co\/wp-content\/uploads\/2025\/11\/Captura-de-Pantalla-2025-11-05-a-las-11.24.52-a.m-1-295x197.jpg 295w, https:\/\/martarodriguez.com.co\/wp-content\/uploads\/2025\/11\/Captura-de-Pantalla-2025-11-05-a-las-11.24.52-a.m-1-750x502.jpg 750w, https:\/\/martarodriguez.com.co\/wp-content\/uploads\/2025\/11\/Captura-de-Pantalla-2025-11-05-a-las-11.24.52-a.m-1-600x402.jpg 600w\" sizes=\"(max-width: 1315px) 100vw, 1315px\" \/>\t\t\t\t\t\t\t\t\t\t\t\t\t<\/div>\n\t\t\t\t<\/div>\n\t\t\t\t<div class=\"elementor-element elementor-element-77b5c1c exad-sticky-section-no exad-glass-effect-no elementor-widget elementor-widget-text-editor\" data-id=\"77b5c1c\" data-element_type=\"widget\" data-widget_type=\"text-editor.default\">\n\t\t\t\t<div class=\"elementor-widget-container\">\n\t\t\t<style>\/*! elementor - v3.21.0 - 15-04-2024 *\/\n.elementor-widget-text-editor.elementor-drop-cap-view-stacked .elementor-drop-cap{background-color:#69727d;color:#fff}.elementor-widget-text-editor.elementor-drop-cap-view-framed .elementor-drop-cap{color:#69727d;border:3px solid;background-color:transparent}.elementor-widget-text-editor:not(.elementor-drop-cap-view-default) .elementor-drop-cap{margin-top:8px}.elementor-widget-text-editor:not(.elementor-drop-cap-view-default) .elementor-drop-cap-letter{width:1em;height:1em}.elementor-widget-text-editor .elementor-drop-cap{float:left;text-align:center;line-height:1;font-size:50px}.elementor-widget-text-editor .elementor-drop-cap-letter{display:inline-block}<\/style>\t\t\t\t<p><span data-sheets-root=\"1\">La nota reproduce la resoluci\u00f3n adoptada por los presos pol\u00edticos acusados de &#8220;asociaci\u00f3n para delinquir&#8221; y sindicados de pertenecer al ELN, que est\u00e1n siendo juzgados por un ama\u00f1ado Consejo de Verbal de Guerra.\u00a0<\/span><\/p>\n<p><span data-sheets-root=\"1\">La resoluci\u00f3n recoge la constancia de diversos hechos que son arbitrarios y contrarios a la ley; impedir la grabaci\u00f3n de las acusaciones del fiscal as\u00ed como las declaraciones de los sindicados, el apresamiento de un representante del CSPP, declaraciones contradictorias con la realidad respecto del aforo y ubicaci\u00f3n de los sindicados, el entorpecimiento de la asistencia de personas en la etapa p\u00fablica y su rese\u00f1amiento, desconocimiento de ordenes m\u00e9dicas presentadas, adem\u00e1s de insultos.\u00a0<\/span><\/p>\n<p><span data-sheets-root=\"1\">Por todo lo anterior, los detenidos manifiestas su retiro del definitivo del Consejo Verbal de Guerra, para no cohonestar el simulacro de la justicia que se pretende hacer, e igualmente se reitera la inocencia de los involucrados. <\/span><\/p>\t\t\t\t\t\t<\/div>\n\t\t\t\t<\/div>\n\t\t\t\t<div class=\"elementor-element elementor-element-496b670 exad-sticky-section-no exad-glass-effect-no elementor-widget elementor-widget-text-editor\" data-id=\"496b670\" data-element_type=\"widget\" data-widget_type=\"text-editor.default\">\n\t\t\t\t<div class=\"elementor-widget-container\">\n\t\t\t\t\t\t\t<p><strong>C\u00d3DIGO<\/strong>: H0249g<\/p>\n<p><!-- \/wp:paragraph --><!-- wp:paragraph --><\/p>\n<p><strong>IDIOMA:<\/strong> Castellano<\/p>\n<p><strong style=\"color: var( --e-global-color-text ); font-family: var( --e-global-typography-text-font-family ), Sans-serif;\">PERSONA JUR\u00cdDICA\/NATURAL\/ROL: <\/strong>Coronel Vaca Perilla, Rinc\u00f3n Qui\u00f1onez, Camila Sarmiento, General Romero, Mauricio Trujillo Uribe, Julia Helena Su\u00e1rez Fonseca, Mar\u00eda Tila Uribe de Trujillo,<\/p>\n<p><strong>TOPON\u00cdMICOS: <\/strong>Puente Aranda, Bogot\u00e1,<\/p>\n<p><strong style=\"color: var( --e-global-color-text ); font-family: var( --e-global-typography-text-font-family ), Sans-serif;\">TEM\u00c1TICOS:<\/strong><span style=\"color: var( --e-global-color-text ); font-family: var( --e-global-typography-text-font-family ), Sans-serif; font-weight: var( --e-global-typography-text-font-weight );\"> <span data-sheets-root=\"1\">CRIC, Presos Pol\u00edticos, CSPP, Consejo Verbal de Guerra, ELN, <\/span><\/span><\/p>\n<p><!-- \/wp:paragraph --><!-- wp:paragraph --><\/p>\n<p><strong>CRONOL\u00d3GICOS:<\/strong> <span data-sheets-root=\"1\">1978<\/span><\/p>\n<p><!-- \/wp:paragraph --><!-- wp:paragraph --><\/p>\n<p><!-- \/wp:paragraph --><!-- wp:paragraph --><\/p>\n<p><!-- \/wp:paragraph --><\/p>\t\t\t\t\t\t<\/div>\n\t\t\t\t<\/div>\n\t\t\t\t\t<\/div>\n\t\t<\/div>\n\t\t\t\t\t<\/div>\n\t\t<\/section>\n\t\t\t\t<\/div>\n\t\t","protected":false},"excerpt":{"rendered":"<p>La nota reproduce la resoluci\u00f3n adoptada por los presos pol\u00edticos acusados de &#8220;asociaci\u00f3n para delinquir&#8221; y sindicados de pertenecer al ELN, que est\u00e1n siendo juzgados por un ama\u00f1ado Consejo de Verbal de Guerra.\u00a0 La resoluci\u00f3n recoge la constancia de diversos hechos que son arbitrarios y contrarios a la ley; impedir la grabaci\u00f3n de las acusaciones [&hellip;]<\/p>\n","protected":false},"author":1,"featured_media":13267,"comment_status":"open","ping_status":"open","sticky":false,"template":"","format":"standard","meta":{"_acf_changed":false,"footnotes":""},"categories":[28],"tags":[458,1710,1706,1708,108,1705,162,1711,1713,1714,1712,740,1707,1709],"class_list":["post-13199","post","type-post","status-publish","format-standard","has-post-thumbnail","hentry","category-hemeroteca","tag-bogota","tag-camila-sarmiento","tag-consejo-verbal-de-guerra","tag-coronel-vaca-perilla","tag-cric","tag-cspp","tag-eln","tag-general-romero","tag-julia-helena-suarez-fonseca","tag-maria-tila-uribe-de-trujillo","tag-mauricio-trujillo-uribe","tag-presos-politicos","tag-puente-aranda","tag-rincon-quinonez"],"acf":[],"_links":{"self":[{"href":"https:\/\/martarodriguez.com.co\/index.php\/wp-json\/wp\/v2\/posts\/13199","targetHints":{"allow":["GET"]}}],"collection":[{"href":"https:\/\/martarodriguez.com.co\/index.php\/wp-json\/wp\/v2\/posts"}],"about":[{"href":"https:\/\/martarodriguez.com.co\/index.php\/wp-json\/wp\/v2\/types\/post"}],"author":[{"embeddable":true,"href":"https:\/\/martarodriguez.com.co\/index.php\/wp-json\/wp\/v2\/users\/1"}],"replies":[{"embeddable":true,"href":"https:\/\/martarodriguez.com.co\/index.php\/wp-json\/wp\/v2\/comments?post=13199"}],"version-history":[{"count":14,"href":"https:\/\/martarodriguez.com.co\/index.php\/wp-json\/wp\/v2\/posts\/13199\/revisions"}],"predecessor-version":[{"id":18000,"href":"https:\/\/martarodriguez.com.co\/index.php\/wp-json\/wp\/v2\/posts\/13199\/revisions\/18000"}],"wp:featuredmedia":[{"embeddable":true,"href":"https:\/\/martarodriguez.com.co\/index.php\/wp-json\/wp\/v2\/media\/13267"}],"wp:attachment":[{"href":"https:\/\/martarodriguez.com.co\/index.php\/wp-json\/wp\/v2\/media?parent=13199"}],"wp:term":[{"taxonomy":"category","embeddable":true,"href":"https:\/\/martarodriguez.com.co\/index.php\/wp-json\/wp\/v2\/categories?post=13199"},{"taxonomy":"post_tag","embeddable":true,"href":"https:\/\/martarodriguez.com.co\/index.php\/wp-json\/wp\/v2\/tags?post=13199"}],"curies":[{"name":"wp","href":"https:\/\/api.w.org\/{rel}","templated":true}]}}