{"id":12972,"date":"2025-11-04T21:24:05","date_gmt":"2025-11-04T21:24:05","guid":{"rendered":"https:\/\/martarodriguez.com.co\/?p=12972"},"modified":"2025-12-22T19:14:29","modified_gmt":"2025-12-22T19:14:29","slug":"unidad-indigena-no-30-de-febrero-de-1978_-avanzan-preparativos-del-congreso","status":"publish","type":"post","link":"https:\/\/martarodriguez.com.co\/index.php\/2025\/11\/04\/unidad-indigena-no-30-de-febrero-de-1978_-avanzan-preparativos-del-congreso\/","title":{"rendered":"H0248a &#8211; UI 30 Preparativos del Congreso"},"content":{"rendered":"\t\t<div data-elementor-type=\"wp-post\" data-elementor-id=\"12972\" class=\"elementor elementor-12972\">\n\t\t\t\t\t\t<section class=\"elementor-section elementor-top-section elementor-element elementor-element-77752575 elementor-section-boxed elementor-section-height-default elementor-section-height-default exad-glass-effect-no wpr-particle-no wpr-jarallax-no wpr-parallax-no wpr-sticky-section-no exad-sticky-section-no\" data-id=\"77752575\" data-element_type=\"section\">\n\t\t\t\t\t\t<div class=\"elementor-container elementor-column-gap-default\">\n\t\t\t\t\t<div class=\"elementor-column elementor-col-100 elementor-top-column elementor-element elementor-element-6fd6a63d exad-glass-effect-no exad-sticky-section-no\" data-id=\"6fd6a63d\" data-element_type=\"column\">\n\t\t\t<div class=\"elementor-widget-wrap elementor-element-populated\">\n\t\t\t\t\t\t<div class=\"elementor-element elementor-element-be2b9fb exad-sticky-section-no exad-glass-effect-no elementor-widget elementor-widget-image\" data-id=\"be2b9fb\" data-element_type=\"widget\" data-widget_type=\"image.default\">\n\t\t\t\t<div class=\"elementor-widget-container\">\n\t\t\t<style>\/*! elementor - v3.21.0 - 15-04-2024 *\/\n.elementor-widget-image{text-align:center}.elementor-widget-image a{display:inline-block}.elementor-widget-image a img[src$=\".svg\"]{width:48px}.elementor-widget-image img{vertical-align:middle;display:inline-block}<\/style>\t\t\t\t\t\t\t\t\t\t<img fetchpriority=\"high\" decoding=\"async\" width=\"1606\" height=\"2048\" src=\"https:\/\/martarodriguez.com.co\/wp-content\/uploads\/2025\/11\/Unidad-Indigena-5to-Congreso-2-1606x2048.jpg\" class=\"attachment-2048x2048 size-2048x2048 wp-image-12978\" alt=\"\" srcset=\"https:\/\/martarodriguez.com.co\/wp-content\/uploads\/2025\/11\/Unidad-Indigena-5to-Congreso-2-1606x2048.jpg 1606w, https:\/\/martarodriguez.com.co\/wp-content\/uploads\/2025\/11\/Unidad-Indigena-5to-Congreso-2-235x300.jpg 235w, https:\/\/martarodriguez.com.co\/wp-content\/uploads\/2025\/11\/Unidad-Indigena-5to-Congreso-2-803x1024.jpg 803w, https:\/\/martarodriguez.com.co\/wp-content\/uploads\/2025\/11\/Unidad-Indigena-5to-Congreso-2-768x980.jpg 768w, https:\/\/martarodriguez.com.co\/wp-content\/uploads\/2025\/11\/Unidad-Indigena-5to-Congreso-2-1204x1536.jpg 1204w, https:\/\/martarodriguez.com.co\/wp-content\/uploads\/2025\/11\/Unidad-Indigena-5to-Congreso-2-750x957.jpg 750w, https:\/\/martarodriguez.com.co\/wp-content\/uploads\/2025\/11\/Unidad-Indigena-5to-Congreso-2-600x765.jpg 600w, https:\/\/martarodriguez.com.co\/wp-content\/uploads\/2025\/11\/Unidad-Indigena-5to-Congreso-2-scaled.jpg 2007w\" sizes=\"(max-width: 1606px) 100vw, 1606px\" \/>\t\t\t\t\t\t\t\t\t\t\t\t\t<\/div>\n\t\t\t\t<\/div>\n\t\t\t\t<div class=\"elementor-element elementor-element-77b5c1c exad-sticky-section-no exad-glass-effect-no elementor-widget elementor-widget-text-editor\" data-id=\"77b5c1c\" data-element_type=\"widget\" data-widget_type=\"text-editor.default\">\n\t\t\t\t<div class=\"elementor-widget-container\">\n\t\t\t<style>\/*! elementor - v3.21.0 - 15-04-2024 *\/\n.elementor-widget-text-editor.elementor-drop-cap-view-stacked .elementor-drop-cap{background-color:#69727d;color:#fff}.elementor-widget-text-editor.elementor-drop-cap-view-framed .elementor-drop-cap{color:#69727d;border:3px solid;background-color:transparent}.elementor-widget-text-editor:not(.elementor-drop-cap-view-default) .elementor-drop-cap{margin-top:8px}.elementor-widget-text-editor:not(.elementor-drop-cap-view-default) .elementor-drop-cap-letter{width:1em;height:1em}.elementor-widget-text-editor .elementor-drop-cap{float:left;text-align:center;line-height:1;font-size:50px}.elementor-widget-text-editor .elementor-drop-cap-letter{display:inline-block}<\/style>\t\t\t\t<p><span data-sheets-root=\"1\">La nota informa sobre los preparativos que se han llevado a cabo para la preparaci\u00f3n del Quinto Congreso del CRIC, a pocos d\u00edas de su inicio.<\/span><\/p>\n<p><span data-sheets-root=\"1\">\u00a0Desde las bases hasta las directivas generales de las cinco regionales han estado comprometidas en sacar adelante las iniciativas, as\u00ed como los documentos que guiar\u00e1n las deliberaciones de las comisiones del congreso; el proyecto de plataforma pol\u00edtica -marco de orientaci\u00f3n y caracterizaci\u00f3n del movimiento ind\u00edgena- y el documento de an\u00e1lisis de la organizaci\u00f3n y sus luchas -donde se organiza y analiza la historia de la organizaci\u00f3n desde su fundaci\u00f3n.\u00a0<\/span><\/p>\n<p><span data-sheets-root=\"1\">As\u00ed mismo se menciona la importancia de la cualificaci\u00f3n en las distintas tareas, y la organizaci\u00f3n de actos solidarios desde las principales ciudades colombianas. Se resalta que la innovaci\u00f3n de este congreso recae en la participaci\u00f3n de comisiones externas, como la que se compone de delegaciones ind\u00edgenas de distintas comunidades, o la llamada de los &#8220;intelectuales&#8221;.\u00a0<\/span><\/p>\n<p><span data-sheets-root=\"1\">Finalmente se apunta que tanto las comisiones internas y externas promover\u00e1n la compresi\u00f3n de la realidad ind\u00edgena colombiana y que el Quinto Congreso pretende integrar al movimiento ind\u00edgena con las dem\u00e1s luchas populares para avanzar en el proceso revolucionario colombiano. <\/span><\/p>\t\t\t\t\t\t<\/div>\n\t\t\t\t<\/div>\n\t\t\t\t<div class=\"elementor-element elementor-element-496b670 exad-sticky-section-no exad-glass-effect-no elementor-widget elementor-widget-text-editor\" data-id=\"496b670\" data-element_type=\"widget\" data-widget_type=\"text-editor.default\">\n\t\t\t\t<div class=\"elementor-widget-container\">\n\t\t\t\t\t\t\t<p><strong>C\u00d3DIGO<\/strong>: H0248a<\/p>\n<p><!-- \/wp:paragraph --><!-- wp:paragraph --><\/p>\n<p><strong>IDIOMA:<\/strong> Castellano<\/p>\n<p><strong style=\"color: var( --e-global-color-text ); font-family: var( --e-global-typography-text-font-family ), Sans-serif;\">PERSONA JUR\u00cdDICA\/NATURAL\/ROL:<\/strong><\/p>\n<p><!-- \/wp:paragraph --><!-- wp:paragraph --><\/p>\n<p><strong>TOPON\u00cdMICOS:<\/strong> <span data-sheets-root=\"1\">Cauca, Bogot\u00e1, Medell\u00edn, Cali, Popay\u00e1n, <\/span><\/p>\n<p><strong style=\"color: var( --e-global-color-text ); font-family: var( --e-global-typography-text-font-family ), Sans-serif;\">TEM\u00c1TICOS:<\/strong><span style=\"color: var( --e-global-color-text ); font-family: var( --e-global-typography-text-font-family ), Sans-serif; font-weight: var( --e-global-typography-text-font-weight );\"> <span data-sheets-root=\"1\">Comit\u00e9 Ejecutivo, Comit\u00e9 de Educaci\u00f3n, CRIC, Plataforma Pol\u00edtica, ANUC, Quinto Congreso, <\/span><\/span><\/p>\n<p><!-- \/wp:paragraph --><!-- wp:paragraph --><\/p>\n<p><strong>CRONOL\u00d3GICOS:<\/strong> <span data-sheets-root=\"1\">1978<\/span><\/p>\n<p><!-- \/wp:paragraph --><!-- wp:paragraph --><\/p>\n<p><!-- \/wp:paragraph --><!-- wp:paragraph --><\/p>\n<p><!-- \/wp:paragraph --><\/p>\t\t\t\t\t\t<\/div>\n\t\t\t\t<\/div>\n\t\t\t\t\t<\/div>\n\t\t<\/div>\n\t\t\t\t\t<\/div>\n\t\t<\/section>\n\t\t\t\t<\/div>\n\t\t","protected":false},"excerpt":{"rendered":"<p>La nota informa sobre los preparativos que se han llevado a cabo para la preparaci\u00f3n del Quinto Congreso del CRIC, a pocos d\u00edas de su inicio. \u00a0Desde las bases hasta las directivas generales de las cinco regionales han estado comprometidas en sacar adelante las iniciativas, as\u00ed como los documentos que guiar\u00e1n las deliberaciones de las [&hellip;]<\/p>\n","protected":false},"author":1,"featured_media":12976,"comment_status":"open","ping_status":"open","sticky":false,"template":"","format":"standard","meta":{"_acf_changed":false,"footnotes":""},"categories":[28],"tags":[175,458,476,800,1490,1421,108,342,1491,1492,1480],"class_list":["post-12972","post","type-post","status-publish","format-standard","has-post-thumbnail","hentry","category-hemeroteca","tag-anuc","tag-bogota","tag-cali","tag-cauca","tag-comite-de-educacion","tag-comite-ejecutivo","tag-cric","tag-medellin","tag-plataforma-politica","tag-popayan","tag-quinto-congreso"],"acf":[],"_links":{"self":[{"href":"https:\/\/martarodriguez.com.co\/index.php\/wp-json\/wp\/v2\/posts\/12972","targetHints":{"allow":["GET"]}}],"collection":[{"href":"https:\/\/martarodriguez.com.co\/index.php\/wp-json\/wp\/v2\/posts"}],"about":[{"href":"https:\/\/martarodriguez.com.co\/index.php\/wp-json\/wp\/v2\/types\/post"}],"author":[{"embeddable":true,"href":"https:\/\/martarodriguez.com.co\/index.php\/wp-json\/wp\/v2\/users\/1"}],"replies":[{"embeddable":true,"href":"https:\/\/martarodriguez.com.co\/index.php\/wp-json\/wp\/v2\/comments?post=12972"}],"version-history":[{"count":11,"href":"https:\/\/martarodriguez.com.co\/index.php\/wp-json\/wp\/v2\/posts\/12972\/revisions"}],"predecessor-version":[{"id":17932,"href":"https:\/\/martarodriguez.com.co\/index.php\/wp-json\/wp\/v2\/posts\/12972\/revisions\/17932"}],"wp:featuredmedia":[{"embeddable":true,"href":"https:\/\/martarodriguez.com.co\/index.php\/wp-json\/wp\/v2\/media\/12976"}],"wp:attachment":[{"href":"https:\/\/martarodriguez.com.co\/index.php\/wp-json\/wp\/v2\/media?parent=12972"}],"wp:term":[{"taxonomy":"category","embeddable":true,"href":"https:\/\/martarodriguez.com.co\/index.php\/wp-json\/wp\/v2\/categories?post=12972"},{"taxonomy":"post_tag","embeddable":true,"href":"https:\/\/martarodriguez.com.co\/index.php\/wp-json\/wp\/v2\/tags?post=12972"}],"curies":[{"name":"wp","href":"https:\/\/api.w.org\/{rel}","templated":true}]}}