{"id":12869,"date":"2025-11-04T19:14:58","date_gmt":"2025-11-04T19:14:58","guid":{"rendered":"https:\/\/martarodriguez.com.co\/?p=12869"},"modified":"2025-12-22T18:58:32","modified_gmt":"2025-12-22T18:58:32","slug":"unidad-indigena-no-7-de-agosto-de-1975_-las-comunidades-de-la-sierra-nevada-denuncian-de-nuevo-politica-del-gobierno","status":"publish","type":"post","link":"https:\/\/martarodriguez.com.co\/index.php\/2025\/11\/04\/unidad-indigena-no-7-de-agosto-de-1975_-las-comunidades-de-la-sierra-nevada-denuncian-de-nuevo-politica-del-gobierno\/","title":{"rendered":"H0247b &#8211; UI 7 Denuncias"},"content":{"rendered":"\t\t<div data-elementor-type=\"wp-post\" data-elementor-id=\"12869\" class=\"elementor elementor-12869\">\n\t\t\t\t\t\t<section class=\"elementor-section elementor-top-section elementor-element elementor-element-77752575 elementor-section-boxed elementor-section-height-default elementor-section-height-default exad-glass-effect-no wpr-particle-no wpr-jarallax-no wpr-parallax-no wpr-sticky-section-no exad-sticky-section-no\" data-id=\"77752575\" data-element_type=\"section\">\n\t\t\t\t\t\t<div class=\"elementor-container elementor-column-gap-default\">\n\t\t\t\t\t<div class=\"elementor-column elementor-col-100 elementor-top-column elementor-element elementor-element-6fd6a63d exad-glass-effect-no exad-sticky-section-no\" data-id=\"6fd6a63d\" data-element_type=\"column\">\n\t\t\t<div class=\"elementor-widget-wrap elementor-element-populated\">\n\t\t\t\t\t\t<div class=\"elementor-element elementor-element-ca9babe exad-sticky-section-no exad-glass-effect-no elementor-widget elementor-widget-image\" data-id=\"ca9babe\" data-element_type=\"widget\" data-widget_type=\"image.default\">\n\t\t\t\t<div class=\"elementor-widget-container\">\n\t\t\t<style>\/*! elementor - v3.21.0 - 15-04-2024 *\/\n.elementor-widget-image{text-align:center}.elementor-widget-image a{display:inline-block}.elementor-widget-image a img[src$=\".svg\"]{width:48px}.elementor-widget-image img{vertical-align:middle;display:inline-block}<\/style>\t\t\t\t\t\t\t\t\t\t<img fetchpriority=\"high\" decoding=\"async\" width=\"816\" height=\"690\" src=\"https:\/\/martarodriguez.com.co\/wp-content\/uploads\/2025\/11\/denuncias.jpg\" class=\"attachment-2048x2048 size-2048x2048 wp-image-12903\" alt=\"\" srcset=\"https:\/\/martarodriguez.com.co\/wp-content\/uploads\/2025\/11\/denuncias.jpg 816w, https:\/\/martarodriguez.com.co\/wp-content\/uploads\/2025\/11\/denuncias-300x254.jpg 300w, https:\/\/martarodriguez.com.co\/wp-content\/uploads\/2025\/11\/denuncias-768x649.jpg 768w, https:\/\/martarodriguez.com.co\/wp-content\/uploads\/2025\/11\/denuncias-750x634.jpg 750w, https:\/\/martarodriguez.com.co\/wp-content\/uploads\/2025\/11\/denuncias-600x507.jpg 600w\" sizes=\"(max-width: 816px) 100vw, 816px\" \/>\t\t\t\t\t\t\t\t\t\t\t\t\t<\/div>\n\t\t\t\t<\/div>\n\t\t\t\t<div class=\"elementor-element elementor-element-77b5c1c exad-sticky-section-no exad-glass-effect-no elementor-widget elementor-widget-text-editor\" data-id=\"77b5c1c\" data-element_type=\"widget\" data-widget_type=\"text-editor.default\">\n\t\t\t\t<div class=\"elementor-widget-container\">\n\t\t\t<style>\/*! elementor - v3.21.0 - 15-04-2024 *\/\n.elementor-widget-text-editor.elementor-drop-cap-view-stacked .elementor-drop-cap{background-color:#69727d;color:#fff}.elementor-widget-text-editor.elementor-drop-cap-view-framed .elementor-drop-cap{color:#69727d;border:3px solid;background-color:transparent}.elementor-widget-text-editor:not(.elementor-drop-cap-view-default) .elementor-drop-cap{margin-top:8px}.elementor-widget-text-editor:not(.elementor-drop-cap-view-default) .elementor-drop-cap-letter{width:1em;height:1em}.elementor-widget-text-editor .elementor-drop-cap{float:left;text-align:center;line-height:1;font-size:50px}.elementor-widget-text-editor .elementor-drop-cap-letter{display:inline-block}<\/style>\t\t\t\t<p><span data-sheets-root=\"1\">La nota reproduce una denuncia del Consejo y Organismo Ind\u00edgena Arhuaco, Malayo y Cogui, en la que se dan a conocer a la opini\u00f3n p\u00fablica y a las clases solidarias, hechos de incumplimiento de los acuerdos firmados con el gobierno que se personifican en la desidia de los funcionarios p\u00fablicos interlocutores; la impunidad ante el asesinato de ind\u00edgenas por parte un conocido colono, la muerte sin esclarecer de un compa\u00f1ero ind\u00edgena en medio de una carretera, la muerte por indiferencia y omisi\u00f3n de una enfermera, la negativa de comprar mejoras hechas por colonos por parte del Incora, lo que le da permisividad a los colonos de abarcar m\u00e1s tierra, incluso en la que se encuentran los cementerios de la comunidad, la tergiversaci\u00f3n y el enga\u00f1o con fines de dividir a las comunidades, y finalmente el nulo inter\u00e9s en coordinar reuniones entre ind\u00edgenas y campesinos.\u00a0<\/span><\/p>\n<p><span data-sheets-root=\"1\">La denuncia finaliza con la acusaci\u00f3n contra el gobierno, que pretende congelar a las organizaciones y enga\u00f1arlas mediante programas que evaden los verdaderos reclamos y exigencias urgentes ya manifestadas; derecho a la tierra, salud, educaci\u00f3n y protecci\u00f3n, para as\u00ed asegurar un buen futuro a la nuevas generaciones. <\/span><\/p>\t\t\t\t\t\t<\/div>\n\t\t\t\t<\/div>\n\t\t\t\t<div class=\"elementor-element elementor-element-496b670 exad-sticky-section-no exad-glass-effect-no elementor-widget elementor-widget-text-editor\" data-id=\"496b670\" data-element_type=\"widget\" data-widget_type=\"text-editor.default\">\n\t\t\t\t<div class=\"elementor-widget-container\">\n\t\t\t\t\t\t\t<p><strong>C\u00d3DIGO<\/strong>: H0247b<\/p>\n<p><!-- \/wp:paragraph --><!-- wp:paragraph --><\/p>\n<p><strong>IDIOMA:<\/strong> Castellano<\/p>\n<p><strong style=\"color: var( --e-global-color-text ); font-family: var( --e-global-typography-text-font-family ), Sans-serif;\">PERSONA JUR\u00cdDICA\/NATURAL\/ROL: <\/strong>Luis Ernesto Morales, Marina Zapara Ram\u00edrez, Victor Manuel Cariilo, Mar\u00eda In\u00e9s Ni\u00f1o, Liberato Crespo, Jos\u00e9 Rufino Crespo, Manuel Chaparro, Pastor Torres,<\/p>\n<p><!-- \/wp:paragraph --><!-- wp:paragraph --><\/p>\n<p><strong>TOPON\u00cdMICOS:<\/strong> <span data-sheets-root=\"1\">Chiapas, M\u00e9xico<\/span><\/p>\n<p><strong style=\"color: var( --e-global-color-text ); font-family: var( --e-global-typography-text-font-family ), Sans-serif;\">TEM\u00c1TICOS:<\/strong><span style=\"color: var( --e-global-color-text ); font-family: var( --e-global-typography-text-font-family ), Sans-serif; font-weight: var( --e-global-typography-text-font-weight );\"> <span data-sheets-root=\"1\">Nabusimaque, Pueblo Bello, San Sebasti\u00e1n, Aruamaque, Sabanas del Jord\u00e1n, Valledupar, Ariguani, Sabana de Crespo, Windivameina, Santo Domingo, Yeurua, La Caja, <\/span><\/span><\/p>\n<p><!-- \/wp:paragraph --><!-- wp:paragraph --><\/p>\n<p><strong>CRONOL\u00d3GICOS:<\/strong> <span data-sheets-root=\"1\">1975<\/span><\/p>\n<p><!-- \/wp:paragraph --><!-- wp:paragraph --><\/p>\n<p><!-- \/wp:paragraph --><!-- wp:paragraph --><\/p>\n<p><!-- \/wp:paragraph --><\/p>\t\t\t\t\t\t<\/div>\n\t\t\t\t<\/div>\n\t\t\t\t\t<\/div>\n\t\t<\/div>\n\t\t\t\t\t<\/div>\n\t\t<\/section>\n\t\t\t\t<\/div>\n\t\t","protected":false},"excerpt":{"rendered":"<p>La nota reproduce una denuncia del Consejo y Organismo Ind\u00edgena Arhuaco, Malayo y Cogui, en la que se dan a conocer a la opini\u00f3n p\u00fablica y a las clases solidarias, hechos de incumplimiento de los acuerdos firmados con el gobierno que se personifican en la desidia de los funcionarios p\u00fablicos interlocutores; la impunidad ante el [&hellip;]<\/p>\n","protected":false},"author":1,"featured_media":12901,"comment_status":"open","ping_status":"open","sticky":false,"template":"","format":"standard","meta":{"_acf_changed":false,"footnotes":""},"categories":[28],"tags":[1432,1441,1438,1429,1434,1428,355,1451,1445,1450,1446,1433,1452,1449,1447,1430,1435,1453,1436,1442,1439,1437,1036,1422,1440,1448,1431,1443,1444],"class_list":["post-12869","post","type-post","status-publish","format-standard","has-post-thumbnail","hentry","category-hemeroteca","tag-arhuaco","tag-ariguani","tag-aruamaque","tag-asuntos-indigenas","tag-cogui","tag-colonos-comerciantes","tag-incora","tag-jose-rufino-crespo","tag-la-caja","tag-liberato-crespo","tag-luis-ernesto-morales","tag-malayo","tag-manuel-chaparro","tag-maria-ines-nino","tag-marina-zapara-ramirez","tag-mision-capuchina","tag-nabusimaque","tag-pastor-torres","tag-pueblo-bello","tag-sabana-de-crespo","tag-sabanas-del-jordan","tag-san-sebastian","tag-santo-domingo","tag-terratenientes","tag-valledupar","tag-victor-manuel-cariilo","tag-vintukua","tag-windivameina","tag-yeurua"],"acf":[],"_links":{"self":[{"href":"https:\/\/martarodriguez.com.co\/index.php\/wp-json\/wp\/v2\/posts\/12869","targetHints":{"allow":["GET"]}}],"collection":[{"href":"https:\/\/martarodriguez.com.co\/index.php\/wp-json\/wp\/v2\/posts"}],"about":[{"href":"https:\/\/martarodriguez.com.co\/index.php\/wp-json\/wp\/v2\/types\/post"}],"author":[{"embeddable":true,"href":"https:\/\/martarodriguez.com.co\/index.php\/wp-json\/wp\/v2\/users\/1"}],"replies":[{"embeddable":true,"href":"https:\/\/martarodriguez.com.co\/index.php\/wp-json\/wp\/v2\/comments?post=12869"}],"version-history":[{"count":12,"href":"https:\/\/martarodriguez.com.co\/index.php\/wp-json\/wp\/v2\/posts\/12869\/revisions"}],"predecessor-version":[{"id":17914,"href":"https:\/\/martarodriguez.com.co\/index.php\/wp-json\/wp\/v2\/posts\/12869\/revisions\/17914"}],"wp:featuredmedia":[{"embeddable":true,"href":"https:\/\/martarodriguez.com.co\/index.php\/wp-json\/wp\/v2\/media\/12901"}],"wp:attachment":[{"href":"https:\/\/martarodriguez.com.co\/index.php\/wp-json\/wp\/v2\/media?parent=12869"}],"wp:term":[{"taxonomy":"category","embeddable":true,"href":"https:\/\/martarodriguez.com.co\/index.php\/wp-json\/wp\/v2\/categories?post=12869"},{"taxonomy":"post_tag","embeddable":true,"href":"https:\/\/martarodriguez.com.co\/index.php\/wp-json\/wp\/v2\/tags?post=12869"}],"curies":[{"name":"wp","href":"https:\/\/api.w.org\/{rel}","templated":true}]}}