{"id":12868,"date":"2025-11-04T19:03:01","date_gmt":"2025-11-04T19:03:01","guid":{"rendered":"https:\/\/martarodriguez.com.co\/?p=12868"},"modified":"2025-12-22T18:52:08","modified_gmt":"2025-12-22T18:52:08","slug":"unidad-indigena-no-7-de-agosto-de-1975_-celebrado-exitosamente-el-cuarto-congreso","status":"publish","type":"post","link":"https:\/\/martarodriguez.com.co\/index.php\/2025\/11\/04\/unidad-indigena-no-7-de-agosto-de-1975_-celebrado-exitosamente-el-cuarto-congreso\/","title":{"rendered":"H0247a &#8211; UI 7 Celebrado cuarto congreso"},"content":{"rendered":"\t\t<div data-elementor-type=\"wp-post\" data-elementor-id=\"12868\" class=\"elementor elementor-12868\">\n\t\t\t\t\t\t<section class=\"elementor-section elementor-top-section elementor-element elementor-element-77752575 elementor-section-boxed elementor-section-height-default elementor-section-height-default exad-glass-effect-no wpr-particle-no wpr-jarallax-no wpr-parallax-no wpr-sticky-section-no exad-sticky-section-no\" data-id=\"77752575\" data-element_type=\"section\">\n\t\t\t\t\t\t<div class=\"elementor-container elementor-column-gap-default\">\n\t\t\t\t\t<div class=\"elementor-column elementor-col-100 elementor-top-column elementor-element elementor-element-6fd6a63d exad-glass-effect-no exad-sticky-section-no\" data-id=\"6fd6a63d\" data-element_type=\"column\">\n\t\t\t<div class=\"elementor-widget-wrap elementor-element-populated\">\n\t\t\t\t\t\t<div class=\"elementor-element elementor-element-aa609e4 exad-sticky-section-no exad-glass-effect-no elementor-widget elementor-widget-image\" data-id=\"aa609e4\" data-element_type=\"widget\" data-widget_type=\"image.default\">\n\t\t\t\t<div class=\"elementor-widget-container\">\n\t\t\t<style>\/*! elementor - v3.21.0 - 15-04-2024 *\/\n.elementor-widget-image{text-align:center}.elementor-widget-image a{display:inline-block}.elementor-widget-image a img[src$=\".svg\"]{width:48px}.elementor-widget-image img{vertical-align:middle;display:inline-block}<\/style>\t\t\t\t\t\t\t\t\t\t<img fetchpriority=\"high\" decoding=\"async\" width=\"978\" height=\"1280\" src=\"https:\/\/martarodriguez.com.co\/wp-content\/uploads\/2025\/11\/2.jpg\" class=\"attachment-2048x2048 size-2048x2048 wp-image-12896\" alt=\"\" srcset=\"https:\/\/martarodriguez.com.co\/wp-content\/uploads\/2025\/11\/2.jpg 978w, https:\/\/martarodriguez.com.co\/wp-content\/uploads\/2025\/11\/2-229x300.jpg 229w, https:\/\/martarodriguez.com.co\/wp-content\/uploads\/2025\/11\/2-782x1024.jpg 782w, https:\/\/martarodriguez.com.co\/wp-content\/uploads\/2025\/11\/2-768x1005.jpg 768w, https:\/\/martarodriguez.com.co\/wp-content\/uploads\/2025\/11\/2-750x982.jpg 750w, https:\/\/martarodriguez.com.co\/wp-content\/uploads\/2025\/11\/2-600x785.jpg 600w\" sizes=\"(max-width: 978px) 100vw, 978px\" \/>\t\t\t\t\t\t\t\t\t\t\t\t\t<\/div>\n\t\t\t\t<\/div>\n\t\t\t\t<div class=\"elementor-element elementor-element-77b5c1c exad-sticky-section-no exad-glass-effect-no elementor-widget elementor-widget-text-editor\" data-id=\"77b5c1c\" data-element_type=\"widget\" data-widget_type=\"text-editor.default\">\n\t\t\t\t<div class=\"elementor-widget-container\">\n\t\t\t<style>\/*! elementor - v3.21.0 - 15-04-2024 *\/\n.elementor-widget-text-editor.elementor-drop-cap-view-stacked .elementor-drop-cap{background-color:#69727d;color:#fff}.elementor-widget-text-editor.elementor-drop-cap-view-framed .elementor-drop-cap{color:#69727d;border:3px solid;background-color:transparent}.elementor-widget-text-editor:not(.elementor-drop-cap-view-default) .elementor-drop-cap{margin-top:8px}.elementor-widget-text-editor:not(.elementor-drop-cap-view-default) .elementor-drop-cap-letter{width:1em;height:1em}.elementor-widget-text-editor .elementor-drop-cap{float:left;text-align:center;line-height:1;font-size:50px}.elementor-widget-text-editor .elementor-drop-cap-letter{display:inline-block}<\/style>\t\t\t\t<p><span data-sheets-root=\"1\">La nota describe la celebraci\u00f3n exitosa en Silvia, Cauca, del cuarto congreso del CRIC, que dur\u00f3 8 d\u00edas y fue realizado sin el permiso del gobierno nacional y local -a pesar del Estado de Sitio y del saboteo de terratenientes y gamonales a la sede previamente acordada; el Resguardo del Huila- adem\u00e1s de rechazarse la politiquera intervenci\u00f3n del gobernador Iragorri en el mismo.\u00a0<\/span><\/p>\n<p>Describe la organizaci\u00f3n y log\u00edstica necesaria para la preparaci\u00f3n, incluyendo reuniones previas para clarificar los objetivos y designar los roles de los organizadores y las actividades para los asistentes.\u00a0<\/p>\n<p>Durante los dos primeros d\u00edas se presentaron informes por parte de cada Resguardo, dando un balance exitoso en cuanto a nuevos miembros y mayor experiencia y claridad adquiridas con el tiempo, tendiendo a fortalecer la unidad interna y la disciplina sobre los intereses particulares o sectoriales, en pos de la liberaci\u00f3n de todos los explotados ind\u00edgenas, obreros y campesinos.\u00a0<\/p>\n<p>Al tercer d\u00eda los asistentes se dividieron en 8 comisiones con el fin de discutir y aprender del Otro sobre la agenda del CRIC; posteriormente las conclusiones de cada comisi\u00f3n se integraron al programa que se traza objetivos hasta el pr\u00f3ximo congreso.\u00a0<\/p>\n<p>El d\u00eda 8 se eligi\u00f3 un nuevo Comit\u00e9 Ejecutivo, que velar\u00e1 por el exitoso cumplimiento del nuevo programa y orientar\u00e1 en la lucha, en la que luego de 400 a\u00f1os de humillaci\u00f3n, con la frente en alto y orgullosos de ser ind\u00edgenas, se disponen a contribuir a la liberaci\u00f3n de todos los explotados de Colombia.<\/p>\t\t\t\t\t\t<\/div>\n\t\t\t\t<\/div>\n\t\t\t\t<div class=\"elementor-element elementor-element-496b670 exad-sticky-section-no exad-glass-effect-no elementor-widget elementor-widget-text-editor\" data-id=\"496b670\" data-element_type=\"widget\" data-widget_type=\"text-editor.default\">\n\t\t\t\t<div class=\"elementor-widget-container\">\n\t\t\t\t\t\t\t<p><strong>C\u00d3DIGO<\/strong>: H0247a<\/p>\n<p><!-- \/wp:paragraph --><!-- wp:paragraph --><\/p>\n<p><strong>IDIOMA:<\/strong> Castellano<\/p>\n<p><strong style=\"color: var( --e-global-color-text ); font-family: var( --e-global-typography-text-font-family ), Sans-serif;\">PERSONA JUR\u00cdDICA\/NATURAL\/ROL:\u00a0<\/strong><span data-sheets-root=\"1\">Gobernador Iragorri, <\/span><\/p>\n<p><strong>TOPON\u00cdMICOS:<\/strong> Silvia, Tierradentro, Cauca, Huila, Colombia,<\/p>\n<p><strong style=\"color: var( --e-global-color-text ); font-family: var( --e-global-typography-text-font-family ), Sans-serif;\">TEM\u00c1TICOS:<\/strong><span style=\"color: var( --e-global-color-text ); font-family: var( --e-global-typography-text-font-family ), Sans-serif; font-weight: var( --e-global-typography-text-font-weight );\"> <span data-sheets-root=\"1\">CRIC, Comit\u00e9 Ejecutivo, Cuarto Congreso, Organizaciones Ind\u00edgenas, Terratenientes, Gamonales, Estado de Sitio, Campesinos, Obreros, Incora, Inderena, Ica, Sena, Unidad Ind\u00edgena, <\/span><\/span><\/p>\n<p><!-- \/wp:paragraph --><!-- wp:paragraph --><\/p>\n<p><strong>CRONOL\u00d3GICOS:<\/strong> <span data-sheets-root=\"1\">1975<\/span><\/p>\n<p><!-- \/wp:paragraph --><!-- wp:paragraph --><\/p>\n<p><!-- \/wp:paragraph --><!-- wp:paragraph --><\/p>\n<p><!-- \/wp:paragraph --><\/p>\t\t\t\t\t\t<\/div>\n\t\t\t\t<\/div>\n\t\t\t\t\t<\/div>\n\t\t<\/div>\n\t\t\t\t\t<\/div>\n\t\t<\/section>\n\t\t\t\t<\/div>\n\t\t","protected":false},"excerpt":{"rendered":"<p>La nota describe la celebraci\u00f3n exitosa en Silvia, Cauca, del cuarto congreso del CRIC, que dur\u00f3 8 d\u00edas y fue realizado sin el permiso del gobierno nacional y local -a pesar del Estado de Sitio y del saboteo de terratenientes y gamonales a la sede previamente acordada; el Resguardo del Huila- adem\u00e1s de rechazarse la [&hellip;]<\/p>\n","protected":false},"author":1,"featured_media":12895,"comment_status":"open","ping_status":"open","sticky":false,"template":"","format":"standard","meta":{"_acf_changed":false,"footnotes":""},"categories":[28],"tags":[164,800,513,1421,108,1419,183,574,1426,542,1424,355,1423,166,44,1425,1427,1422,1420,1184],"class_list":["post-12868","post","type-post","status-publish","format-standard","has-post-thumbnail","hentry","category-hemeroteca","tag-campesinos","tag-cauca","tag-colombia","tag-comite-ejecutivo","tag-cric","tag-cuarto-congreso","tag-estado-de-sitio","tag-gamonales","tag-gobernador-iragorri","tag-huila","tag-ica","tag-incora","tag-inderena","tag-obreros","tag-organizaciones-indigenas","tag-sena","tag-silvia","tag-terratenientes","tag-tierradentro","tag-unidad-indigena"],"acf":[],"_links":{"self":[{"href":"https:\/\/martarodriguez.com.co\/index.php\/wp-json\/wp\/v2\/posts\/12868","targetHints":{"allow":["GET"]}}],"collection":[{"href":"https:\/\/martarodriguez.com.co\/index.php\/wp-json\/wp\/v2\/posts"}],"about":[{"href":"https:\/\/martarodriguez.com.co\/index.php\/wp-json\/wp\/v2\/types\/post"}],"author":[{"embeddable":true,"href":"https:\/\/martarodriguez.com.co\/index.php\/wp-json\/wp\/v2\/users\/1"}],"replies":[{"embeddable":true,"href":"https:\/\/martarodriguez.com.co\/index.php\/wp-json\/wp\/v2\/comments?post=12868"}],"version-history":[{"count":12,"href":"https:\/\/martarodriguez.com.co\/index.php\/wp-json\/wp\/v2\/posts\/12868\/revisions"}],"predecessor-version":[{"id":17901,"href":"https:\/\/martarodriguez.com.co\/index.php\/wp-json\/wp\/v2\/posts\/12868\/revisions\/17901"}],"wp:featuredmedia":[{"embeddable":true,"href":"https:\/\/martarodriguez.com.co\/index.php\/wp-json\/wp\/v2\/media\/12895"}],"wp:attachment":[{"href":"https:\/\/martarodriguez.com.co\/index.php\/wp-json\/wp\/v2\/media?parent=12868"}],"wp:term":[{"taxonomy":"category","embeddable":true,"href":"https:\/\/martarodriguez.com.co\/index.php\/wp-json\/wp\/v2\/categories?post=12868"},{"taxonomy":"post_tag","embeddable":true,"href":"https:\/\/martarodriguez.com.co\/index.php\/wp-json\/wp\/v2\/tags?post=12868"}],"curies":[{"name":"wp","href":"https:\/\/api.w.org\/{rel}","templated":true}]}}