{"id":118,"date":"2023-08-11T23:12:39","date_gmt":"2023-08-11T23:12:39","guid":{"rendered":"https:\/\/martarodriguez.com.co\/?post_type=video&#038;p=118"},"modified":"2024-12-06T20:12:52","modified_gmt":"2024-12-06T20:12:52","slug":"0282-4","status":"publish","type":"post","link":"https:\/\/martarodriguez.com.co\/index.php\/2023\/08\/11\/0282-4\/","title":{"rendered":"0282-4-Mamo Cabildo\/Delf\u00edn Pueblito"},"content":{"rendered":"\t\t<div data-elementor-type=\"wp-post\" data-elementor-id=\"118\" class=\"elementor elementor-118\">\n\t\t\t\t\t\t<section class=\"elementor-section elementor-top-section elementor-element elementor-element-725a6da elementor-section-boxed elementor-section-height-default elementor-section-height-default exad-glass-effect-no wpr-particle-no wpr-jarallax-no wpr-parallax-no wpr-sticky-section-no exad-sticky-section-no\" data-id=\"725a6da\" data-element_type=\"section\">\n\t\t\t\t\t\t<div class=\"elementor-container elementor-column-gap-default\">\n\t\t\t\t\t<div class=\"elementor-column elementor-col-100 elementor-top-column elementor-element elementor-element-a0a669f exad-glass-effect-no exad-sticky-section-no\" data-id=\"a0a669f\" data-element_type=\"column\">\n\t\t\t<div class=\"elementor-widget-wrap elementor-element-populated\">\n\t\t\t\t\t\t<div class=\"elementor-element elementor-element-93ca7a8 exad-sticky-section-no exad-glass-effect-no elementor-widget elementor-widget-text-editor\" data-id=\"93ca7a8\" data-element_type=\"widget\" data-widget_type=\"text-editor.default\">\n\t\t\t\t<div class=\"elementor-widget-container\">\n\t\t\t<style>\/*! elementor - v3.21.0 - 15-04-2024 *\/\n.elementor-widget-text-editor.elementor-drop-cap-view-stacked .elementor-drop-cap{background-color:#69727d;color:#fff}.elementor-widget-text-editor.elementor-drop-cap-view-framed .elementor-drop-cap{color:#69727d;border:3px solid;background-color:transparent}.elementor-widget-text-editor:not(.elementor-drop-cap-view-default) .elementor-drop-cap{margin-top:8px}.elementor-widget-text-editor:not(.elementor-drop-cap-view-default) .elementor-drop-cap-letter{width:1em;height:1em}.elementor-widget-text-editor .elementor-drop-cap{float:left;text-align:center;line-height:1;font-size:50px}.elementor-widget-text-editor .elementor-drop-cap-letter{display:inline-block}<\/style>\t\t\t\t<p><strong>C\u00d3DIGO:<\/strong> 0282-4<\/p><p><strong>AUTOR\/DIRECTOR\/PRODUCTOR:<\/strong> Marta Rodr\u00edguez y Lucas Silva \/ Vlamyr Vizcaya\/ Fundaci\u00f3n Cine Documental Investigaci\u00f3n Social<\/p><p><strong>DESCRIPCI\u00d3N:<\/strong> Marta viaja en 1991 a Nabusimake, capital del pueblo arhuaco en la Sierra Neva de Santa Marta a entregar a la comunidad arhuaca la memoria que ella hab\u00eda consignado en 1984 de los l\u00edderes Angel Maria Torres y Napole\u00f3n Torres, quienes son asesinados en 1990 por el ejercito Nacional Colombiano junto con grupos paramilitares en la base militar comando de la Popa en Valledupar. Su tortura y posterior asesinato se debe al secuestro por parte de las FARC del ganadero Jos\u00e9 Eduardo Mattos. En esta ocasi\u00f3n, Marta hace un trabajo de campo y habla con el Mamo Manuel sobre la cultura y el d\u00eda a d\u00eda. El Mamo la conduce hacia la huerta y le muestra los frutos de la cosecha. Aqu\u00ed vemos la vida cotidiana de la comunidad en Sierra, pero tambi\u00e9n vemos al Mamo Manuel mostrarnos el documento publicado de Yav\u00ed sobre la toma de la misi\u00f3n firmado por los l\u00edderes. Marta Rodr\u00edguez toma el documento en sus manos frente al Mamo y revisa el concepto de &#8220;la l\u00ednea negra&#8221; pero la discusi\u00f3n no contin\u00faa. Interior del convento capuchino de Nabusimake d\u00f3nde se ve a una ni\u00f1a juega con la escultura un santo y se descubre finalmente una escultura del Sagrado Coraz\u00f3n de Jes\u00fas. Estas figuras religiosas corresponden a las esculturas rotas por la comunidad Arhuaca en 1982 cuando la comunidad expulsa la misi\u00f3n capuchina que invade Nabusimake desde 1916 como misi\u00f3n de evangelizaci\u00f3n. En esta observaci\u00f3n inmersiva, se habla de la esculturas abandonadas.<\/p><p><strong>IDIOMA:<\/strong> Espa\u00f1ol\/Iku<\/p><p><strong>PERSONA JUR\u00cdDICA\/NATURAL\/ROL:<\/strong> Mamo Manuel Sisco<\/p><p><strong>TOPON\u00cdMICOS:<\/strong>\u00a0Sierra Nevada de Santa Marta\/ Nabusimake<\/p><p><strong>TEM\u00c1TICOS:<\/strong> taller de v\u00eddeo, Marta Rodr\u00edguez, arhuacos, Sierra Nevada de Santa Marta, Angel Mar\u00eda Torres, Napole\u00f3n Torres, asamblea constituyente, nuevas tecnolog\u00edas, tortura, movimiento ind\u00edgena, video ind\u00edgena, memorias, educaci\u00f3n, etnograf\u00eda, el valor de la palabra, Iku<\/p><p><strong>CRONOL\u00d3GICOS:<\/strong>\u00a01990-1992<\/p><p><strong>UNIDAD DE CONSERVACI\u00d3N:<\/strong>\u00a0Pl\u00e1stico<\/p><p><strong>SOPORTE:<\/strong>\u00a0MAGNETICO<\/p><p><strong>FORMATO:<\/strong>\u00a0Hi8<\/p><p><strong>DURACI\u00d3N:<\/strong> 00:19:55<\/p><p><strong>VELOCIDAD:<\/strong>\u00a030<\/p><p><strong>COLOR:<\/strong>\u00a0COLOR<\/p><p><strong>SONIDO:<\/strong>\u00a0SI<\/p><p><strong>NOTAS:<\/strong>\u00a0N\/A<\/p>\t\t\t\t\t\t<\/div>\n\t\t\t\t<\/div>\n\t\t\t\t\t<\/div>\n\t\t<\/div>\n\t\t\t\t\t<\/div>\n\t\t<\/section>\n\t\t\t\t<\/div>\n\t\t","protected":false},"excerpt":{"rendered":"<p>C\u00d3DIGO: 0282-4 AUTOR\/DIRECTOR\/PRODUCTOR: Marta Rodr\u00edguez y Lucas Silva \/ Vlamyr Vizcaya\/ Fundaci\u00f3n Cine Documental Investigaci\u00f3n Social DESCRIPCI\u00d3N: Marta viaja en 1991 a Nabusimake, capital del pueblo arhuaco en la Sierra Neva de Santa Marta a entregar a la comunidad arhuaca la memoria que ella hab\u00eda consignado en 1984 de los l\u00edderes Angel Maria Torres y [&hellip;]<\/p>\n","protected":false},"author":1,"featured_media":7907,"comment_status":"closed","ping_status":"closed","sticky":false,"template":"","format":"standard","meta":{"_acf_changed":false,"footnotes":""},"categories":[23],"tags":[50,53,58,52,252,48,56,51,55,54,49,57,61],"class_list":["post-118","post","type-post","status-publish","format-standard","has-post-thumbnail","hentry","category-imagenes-en-movimiento","tag-angel-maria-torres","tag-arhuacos","tag-asamblea-nacional-constituyente","tag-el-valor-de-la-palabra","tag-iku","tag-marta-rodriguez","tag-movimiento-indigena","tag-napoleon-torres","tag-nuevas-tecnologias","tag-sierra-nevada-de-santa-marta","tag-taller-de-video","tag-tortura","tag-video-indigena","rsfv-has-video"],"acf":[],"_links":{"self":[{"href":"https:\/\/martarodriguez.com.co\/index.php\/wp-json\/wp\/v2\/posts\/118","targetHints":{"allow":["GET"]}}],"collection":[{"href":"https:\/\/martarodriguez.com.co\/index.php\/wp-json\/wp\/v2\/posts"}],"about":[{"href":"https:\/\/martarodriguez.com.co\/index.php\/wp-json\/wp\/v2\/types\/post"}],"author":[{"embeddable":true,"href":"https:\/\/martarodriguez.com.co\/index.php\/wp-json\/wp\/v2\/users\/1"}],"replies":[{"embeddable":true,"href":"https:\/\/martarodriguez.com.co\/index.php\/wp-json\/wp\/v2\/comments?post=118"}],"version-history":[{"count":8,"href":"https:\/\/martarodriguez.com.co\/index.php\/wp-json\/wp\/v2\/posts\/118\/revisions"}],"predecessor-version":[{"id":6919,"href":"https:\/\/martarodriguez.com.co\/index.php\/wp-json\/wp\/v2\/posts\/118\/revisions\/6919"}],"wp:featuredmedia":[{"embeddable":true,"href":"https:\/\/martarodriguez.com.co\/index.php\/wp-json\/wp\/v2\/media\/7907"}],"wp:attachment":[{"href":"https:\/\/martarodriguez.com.co\/index.php\/wp-json\/wp\/v2\/media?parent=118"}],"wp:term":[{"taxonomy":"category","embeddable":true,"href":"https:\/\/martarodriguez.com.co\/index.php\/wp-json\/wp\/v2\/categories?post=118"},{"taxonomy":"post_tag","embeddable":true,"href":"https:\/\/martarodriguez.com.co\/index.php\/wp-json\/wp\/v2\/tags?post=118"}],"curies":[{"name":"wp","href":"https:\/\/api.w.org\/{rel}","templated":true}]}}