{"id":11324,"date":"2024-12-20T17:01:29","date_gmt":"2024-12-20T17:01:29","guid":{"rendered":"https:\/\/martarodriguez.com.co\/?p=11324"},"modified":"2025-07-08T15:36:35","modified_gmt":"2025-07-08T15:36:35","slug":"191-et-11-marzo-1998-salud","status":"publish","type":"post","link":"https:\/\/martarodriguez.com.co\/index.php\/2024\/12\/20\/191-et-11-marzo-1998-salud\/","title":{"rendered":"H0191 ET. 11 Marzo, 1998. Salud"},"content":{"rendered":"\t\t<div data-elementor-type=\"wp-post\" data-elementor-id=\"11324\" class=\"elementor elementor-11324\">\n\t\t\t\t\t\t<section class=\"elementor-section elementor-top-section elementor-element elementor-element-77752575 elementor-section-boxed elementor-section-height-default elementor-section-height-default exad-glass-effect-no wpr-particle-no wpr-jarallax-no wpr-parallax-no wpr-sticky-section-no exad-sticky-section-no\" data-id=\"77752575\" data-element_type=\"section\">\n\t\t\t\t\t\t<div class=\"elementor-container elementor-column-gap-default\">\n\t\t\t\t\t<div class=\"elementor-column elementor-col-100 elementor-top-column elementor-element elementor-element-6fd6a63d exad-glass-effect-no exad-sticky-section-no\" data-id=\"6fd6a63d\" data-element_type=\"column\">\n\t\t\t<div class=\"elementor-widget-wrap elementor-element-populated\">\n\t\t\t\t\t\t<div class=\"elementor-element elementor-element-77b5c1c exad-sticky-section-no exad-glass-effect-no elementor-widget elementor-widget-text-editor\" data-id=\"77b5c1c\" data-element_type=\"widget\" data-widget_type=\"text-editor.default\">\n\t\t\t\t<div class=\"elementor-widget-container\">\n\t\t\t<style>\/*! elementor - v3.21.0 - 15-04-2024 *\/\n.elementor-widget-text-editor.elementor-drop-cap-view-stacked .elementor-drop-cap{background-color:#69727d;color:#fff}.elementor-widget-text-editor.elementor-drop-cap-view-framed .elementor-drop-cap{color:#69727d;border:3px solid;background-color:transparent}.elementor-widget-text-editor:not(.elementor-drop-cap-view-default) .elementor-drop-cap{margin-top:8px}.elementor-widget-text-editor:not(.elementor-drop-cap-view-default) .elementor-drop-cap-letter{width:1em;height:1em}.elementor-widget-text-editor .elementor-drop-cap{float:left;text-align:center;line-height:1;font-size:50px}.elementor-widget-text-editor .elementor-drop-cap-letter{display:inline-block}<\/style>\t\t\t\t<p><span data-sheets-root=\"1\">El art\u00edculo aborda la situaci\u00f3n de los trasplantes de \u00f3rganos en Colombia, destacando la escasez de donantes y el drama que enfrentan los casi 3.000 colombianos en espera de un trasplante, de los cuales unos 450 son ni\u00f1os. La falta de una cultura de donaci\u00f3n, el miedo y desconocimiento por parte de las familias sobre la extracci\u00f3n de \u00f3rganos post mortem, son algunos de los factores que dificultan el aumento de donantes en el pa\u00eds. Las tasas de donaci\u00f3n en Colombia son mucho m\u00e1s bajas que en pa\u00edses como Espa\u00f1a y Estados Unidos. A pesar de ello, m\u00e9dicos y especialistas defienden los beneficios de los trasplantes como una v\u00eda para salvar vidas. El art\u00edculo tambi\u00e9n explica el proceso de donaci\u00f3n y trasplante, mencionando algunos de los hitos hist\u00f3ricos de los trasplantes en Colombia, y aclara el mito sobre el tr\u00e1fico ilegal de \u00f3rganos, explicando que estos procedimientos requieren de infraestructuras m\u00e9dicas de alta especializaci\u00f3n.<\/span><\/p>\t\t\t\t\t\t<\/div>\n\t\t\t\t<\/div>\n\t\t\t\t<div class=\"elementor-element elementor-element-85a1bf1 elementor-widget-mobile__width-initial exad-sticky-section-no exad-glass-effect-no elementor-widget elementor-widget-pdfjs_viewer\" data-id=\"85a1bf1\" data-element_type=\"widget\" data-widget_type=\"pdfjs_viewer.default\">\n\t\t\t\t<div class=\"elementor-widget-container\">\n\t\t\t<iframe src=\"https:\/\/martarodriguez.com.co\/wp-content\/plugins\/pdf-viewer-for-elementor\/assets\/pdfjs\/web\/viewer.html?file=https:\/\/martarodriguez.com.co\/wp-content\/uploads\/2024\/12\/H0191.-ET.-11-Marzo-1998.-Salud-stamped-compressed.pdf&amp;embedded=true\" style=\"display: block; margin-left: auto; margin-right: auto; width: 640px; height: 1020px;\" frameborder=\"1\" marginheight=\"0px\" marginwidth=\"0px\" allowfullscreen><\/iframe>\t\t<\/div>\n\t\t\t\t<\/div>\n\t\t\t\t<div class=\"elementor-element elementor-element-496b670 exad-sticky-section-no exad-glass-effect-no elementor-widget elementor-widget-text-editor\" data-id=\"496b670\" data-element_type=\"widget\" data-widget_type=\"text-editor.default\">\n\t\t\t\t<div class=\"elementor-widget-container\">\n\t\t\t\t\t\t\t<p><strong>C\u00d3DIGO<\/strong>: H0191<\/p>\n<p><!-- \/wp:paragraph --><!-- wp:paragraph --><\/p>\n<p><strong>IDIOMA:<\/strong>\u00a0Espa\u00f1ol<\/p>\n<p><strong style=\"color: var( --e-global-color-text ); font-family: var( --e-global-typography-text-font-family ), Sans-serif;\">PERSONA JUR\u00cdDICA\/NATURAL\/ROL: <\/strong>\u00c1lvaro Vel\u00e1squez, Fernando Gir\u00f3n Luque, Mar\u00eda Paula G\u00f3mez<\/p>\n<p><!-- \/wp:paragraph --><!-- wp:paragraph --><\/p>\n<p><strong>TOPON\u00cdMICOS:<\/strong> <span data-sheets-root=\"1\">Colombia, Fundaci\u00f3n Valle de Lili (Cali), Bogot\u00e1, Medell\u00edn, Bucaramanga, Barranquilla, C\u00facuta, Hospital San Juan de Dios (Bogot\u00e1), Cl\u00ednica Shaio (Bogot\u00e1), San Ignacio (Bogot\u00e1), San Vicente de Paul (Medell\u00edn), Cl\u00ednica Santa Mar\u00eda (Medell\u00edn), San Pedro Claver (Bogot\u00e1).<\/span><\/p>\n<p><strong style=\"color: var( --e-global-color-text ); font-family: var( --e-global-typography-text-font-family ), Sans-serif;\">TEM\u00c1TICOS:<\/strong><span style=\"color: var( --e-global-color-text ); font-family: var( --e-global-typography-text-font-family ), Sans-serif; font-weight: var( --e-global-typography-text-font-weight );\"> <span data-sheets-root=\"1\">trasplante de \u00f3rganos, Colombia, donaci\u00f3n, escasez de \u00f3rganos, cultura de donaci\u00f3n, Ley 9 de 1979, tr\u00e1fico ilegal de \u00f3rganos, Fundaci\u00f3n Valle de Lili, Fundaci\u00f3n Red de Trasplantes, ri\u00f1\u00f3n, h\u00edgado, coraz\u00f3n, p\u00e1ncreas, c\u00f3rnea, donante cadav\u00e9rico, muerte cerebral, paro card\u00edaco, mito del tr\u00e1fico de \u00f3rganos, historia de trasplantes en Colombia, escasez de \u00f3rganos, donaci\u00f3n de \u00f3rganos, trasplantes en Colombia, cultura de donaci\u00f3n, salud p\u00fablica, mito del tr\u00e1fico de \u00f3rganos, regulaci\u00f3n del trasplante, calidad m\u00e9dica y \u00e9tica, necesidad de infraestructura m\u00e9dica, programas de trasplantes en Colombia, historia de trasplantes.<\/span><\/span><\/p>\n<p><!-- \/wp:paragraph --><!-- wp:paragraph --><\/p>\n<p><strong>CRONOL\u00d3GICOS:<\/strong> <span data-sheets-root=\"1\">11 de marzo 1998<\/span><\/p>\n<p><!-- \/wp:paragraph --><!-- wp:paragraph --><\/p>\n<p><!-- \/wp:paragraph --><!-- wp:paragraph --><\/p>\n<p><!-- \/wp:paragraph --><\/p>\t\t\t\t\t\t<\/div>\n\t\t\t\t<\/div>\n\t\t\t\t\t<\/div>\n\t\t<\/div>\n\t\t\t\t\t<\/div>\n\t\t<\/section>\n\t\t\t\t<\/div>\n\t\t","protected":false},"excerpt":{"rendered":"<p>El art\u00edculo aborda la situaci\u00f3n de los trasplantes de \u00f3rganos en Colombia, destacando la escasez de donantes y el drama que enfrentan los casi 3.000 colombianos en espera de un trasplante, de los cuales unos 450 son ni\u00f1os. La falta de una cultura de donaci\u00f3n, el miedo y desconocimiento por parte de las familias sobre [&hellip;]<\/p>\n","protected":false},"author":1,"featured_media":11698,"comment_status":"open","ping_status":"open","sticky":false,"template":"","format":"standard","meta":{"_acf_changed":false,"footnotes":""},"categories":[28],"tags":[1339,1331,458,671,1326,1337,1334,513,1314,1316,1332,1307,866,1305,1322,1317,1306,1340,1311,1310,1313,1329,1321,1333,1308,1341,342,1320,1318,1315,1319,1328,1325,1312,1324,1335,1338,1336,1309,1304,1323],"class_list":["post-11324","post","type-post","status-publish","format-standard","has-post-thumbnail","hentry","category-hemeroteca","tag-alvaro-velasquez","tag-barranquilla","tag-bogota","tag-bucaramanga","tag-calidad-medica-y-etica","tag-clinica-santa-maria-medellin","tag-clinica-shaio-bogota","tag-colombia","tag-corazon","tag-cornea","tag-cucuta","tag-cultura-de-donacion","tag-salud","tag-donacion","tag-donacion-de-organos","tag-donante-cadaverico","tag-escasez-de-organos","tag-fernando-giron-luque","tag-fundacion-red-de-trasplantes","tag-fundacion-valle-de-lili","tag-higado","tag-historia-de-trasplantes","tag-historia-de-trasplantes-en-colombia","tag-hospital-san-juan-de-dios-bogota","tag-ley-9-de-1979","tag-maria-paula-gomez","tag-medellin","tag-mito-del-trafico-de-organos","tag-muerte-cerebral","tag-pancreas","tag-paro-cardiaco","tag-programas-de-trasplantes-en-colombia","tag-regulacion-del-trasplante","tag-rinon","tag-salud-publica","tag-san-ignacio-bogota","tag-san-pedro-claver-bogota","tag-san-vicente-de-paul-medellin","tag-trafico-ilegal-de-organos","tag-trasplante-de-organos","tag-trasplantes-en-colombia"],"acf":[],"_links":{"self":[{"href":"https:\/\/martarodriguez.com.co\/index.php\/wp-json\/wp\/v2\/posts\/11324","targetHints":{"allow":["GET"]}}],"collection":[{"href":"https:\/\/martarodriguez.com.co\/index.php\/wp-json\/wp\/v2\/posts"}],"about":[{"href":"https:\/\/martarodriguez.com.co\/index.php\/wp-json\/wp\/v2\/types\/post"}],"author":[{"embeddable":true,"href":"https:\/\/martarodriguez.com.co\/index.php\/wp-json\/wp\/v2\/users\/1"}],"replies":[{"embeddable":true,"href":"https:\/\/martarodriguez.com.co\/index.php\/wp-json\/wp\/v2\/comments?post=11324"}],"version-history":[{"count":10,"href":"https:\/\/martarodriguez.com.co\/index.php\/wp-json\/wp\/v2\/posts\/11324\/revisions"}],"predecessor-version":[{"id":12660,"href":"https:\/\/martarodriguez.com.co\/index.php\/wp-json\/wp\/v2\/posts\/11324\/revisions\/12660"}],"wp:featuredmedia":[{"embeddable":true,"href":"https:\/\/martarodriguez.com.co\/index.php\/wp-json\/wp\/v2\/media\/11698"}],"wp:attachment":[{"href":"https:\/\/martarodriguez.com.co\/index.php\/wp-json\/wp\/v2\/media?parent=11324"}],"wp:term":[{"taxonomy":"category","embeddable":true,"href":"https:\/\/martarodriguez.com.co\/index.php\/wp-json\/wp\/v2\/categories?post=11324"},{"taxonomy":"post_tag","embeddable":true,"href":"https:\/\/martarodriguez.com.co\/index.php\/wp-json\/wp\/v2\/tags?post=11324"}],"curies":[{"name":"wp","href":"https:\/\/api.w.org\/{rel}","templated":true}]}}