{"id":11304,"date":"2024-12-20T15:20:49","date_gmt":"2024-12-20T15:20:49","guid":{"rendered":"https:\/\/martarodriguez.com.co\/?p=11304"},"modified":"2025-06-27T15:35:15","modified_gmt":"2025-06-27T15:35:15","slug":"181-ui-feb-1978-v-congreso","status":"publish","type":"post","link":"https:\/\/martarodriguez.com.co\/index.php\/2024\/12\/20\/181-ui-feb-1978-v-congreso\/","title":{"rendered":"H0181 UI feb, 1978. V Congreso"},"content":{"rendered":"\t\t<div data-elementor-type=\"wp-post\" data-elementor-id=\"11304\" class=\"elementor elementor-11304\">\n\t\t\t\t\t\t<section class=\"elementor-section elementor-top-section elementor-element elementor-element-77752575 elementor-section-boxed elementor-section-height-default elementor-section-height-default exad-glass-effect-no wpr-particle-no wpr-jarallax-no wpr-parallax-no wpr-sticky-section-no exad-sticky-section-no\" data-id=\"77752575\" data-element_type=\"section\">\n\t\t\t\t\t\t<div class=\"elementor-container elementor-column-gap-default\">\n\t\t\t\t\t<div class=\"elementor-column elementor-col-100 elementor-top-column elementor-element elementor-element-6fd6a63d exad-glass-effect-no exad-sticky-section-no\" data-id=\"6fd6a63d\" data-element_type=\"column\">\n\t\t\t<div class=\"elementor-widget-wrap elementor-element-populated\">\n\t\t\t\t\t\t<div class=\"elementor-element elementor-element-77b5c1c exad-sticky-section-no exad-glass-effect-no elementor-widget elementor-widget-text-editor\" data-id=\"77b5c1c\" data-element_type=\"widget\" data-widget_type=\"text-editor.default\">\n\t\t\t\t<div class=\"elementor-widget-container\">\n\t\t\t<style>\/*! elementor - v3.21.0 - 15-04-2024 *\/\n.elementor-widget-text-editor.elementor-drop-cap-view-stacked .elementor-drop-cap{background-color:#69727d;color:#fff}.elementor-widget-text-editor.elementor-drop-cap-view-framed .elementor-drop-cap{color:#69727d;border:3px solid;background-color:transparent}.elementor-widget-text-editor:not(.elementor-drop-cap-view-default) .elementor-drop-cap{margin-top:8px}.elementor-widget-text-editor:not(.elementor-drop-cap-view-default) .elementor-drop-cap-letter{width:1em;height:1em}.elementor-widget-text-editor .elementor-drop-cap{float:left;text-align:center;line-height:1;font-size:50px}.elementor-widget-text-editor .elementor-drop-cap-letter{display:inline-block}<\/style>\t\t\t\t<p><span data-sheets-root=\"1\">Peri\u00f3dico unidad ind\u00edgena hace un llamado al 5 (quinto) congreso del CRIC (Consejo Regional Ind\u00edgena del Cauca). Art\u00edculos del peri\u00f3dico: avanzan preparativos del congreso, congreso ind\u00edgena del Ecuador, La lucha de los pueblos indigenas del Cauca, Continua persecuci\u00f3n a campesinos de Bitaco, Realizado congreso de UTAZAN, Nuevos atropellos a la comunidad del Jagual, Alcalde contra propiedades del resguardo del Huila, Gustavo Mejia s\u00edmbolo y bandera de nuestra organizaci\u00f3n.<\/span><\/p>\t\t\t\t\t\t<\/div>\n\t\t\t\t<\/div>\n\t\t\t\t<div class=\"elementor-element elementor-element-85a1bf1 elementor-widget-mobile__width-initial exad-sticky-section-no exad-glass-effect-no elementor-widget elementor-widget-pdfjs_viewer\" data-id=\"85a1bf1\" data-element_type=\"widget\" data-widget_type=\"pdfjs_viewer.default\">\n\t\t\t\t<div class=\"elementor-widget-container\">\n\t\t\t<iframe src=\"https:\/\/martarodriguez.com.co\/wp-content\/plugins\/pdf-viewer-for-elementor\/assets\/pdfjs\/web\/viewer.html?file=https:\/\/martarodriguez.com.co\/wp-content\/uploads\/2024\/12\/H0181.-UI-feb-1978.-V-Congreso-stamped-compressed.pdf&amp;embedded=true\" style=\"display: block; margin-left: auto; margin-right: auto; width: 640px; height: 1020px;\" frameborder=\"1\" marginheight=\"0px\" marginwidth=\"0px\" allowfullscreen><\/iframe>\t\t<\/div>\n\t\t\t\t<\/div>\n\t\t\t\t<div class=\"elementor-element elementor-element-496b670 exad-sticky-section-no exad-glass-effect-no elementor-widget elementor-widget-text-editor\" data-id=\"496b670\" data-element_type=\"widget\" data-widget_type=\"text-editor.default\">\n\t\t\t\t<div class=\"elementor-widget-container\">\n\t\t\t\t\t\t\t<p><strong>C\u00d3DIGO<\/strong>: H0181<\/p>\n<p><!-- \/wp:paragraph --><!-- wp:paragraph --><\/p>\n<p><strong>IDIOMA:<\/strong>\u00a0Espa\u00f1ol<\/p>\n<p><strong style=\"color: var( --e-global-color-text ); font-family: var( --e-global-typography-text-font-family ), Sans-serif;\">PERSONA JUR\u00cdDICA\/NATURAL\/ROL: <\/strong>CRIC, Juan Gregorio Palechor , Luis Ernesto Santos, Bautista Pete, Aurelio Chaca, V\u00edctor Chavarro,<\/p>\n<p><!-- \/wp:paragraph --><!-- wp:paragraph --><\/p>\n<p><strong>TOPON\u00cdMICOS:<\/strong>\u00a0<\/p>\n<p><strong style=\"color: var( --e-global-color-text ); font-family: var( --e-global-typography-text-font-family ), Sans-serif;\">TEM\u00c1TICOS:<\/strong><span style=\"color: var( --e-global-color-text ); font-family: var( --e-global-typography-text-font-family ), Sans-serif; font-weight: var( --e-global-typography-text-font-weight );\"> Comunidades ind\u00edgenas \/ masacre \/ cooperaci\u00f3n\/ procesos organizativos<\/span><\/p>\n<p><!-- \/wp:paragraph --><!-- wp:paragraph --><\/p>\n<p><strong>CRONOL\u00d3GICOS:<\/strong> 1978<\/p>\n<p><!-- \/wp:paragraph --><!-- wp:paragraph --><\/p>\n<p><strong>SOPORTE:<\/strong> Peri\u00f3dico Unidad Ind\u00edgena<\/p>\n<p><!-- \/wp:paragraph --><!-- wp:paragraph --><\/p>\n<p><strong>CROM\u00cdA: <\/strong>Sepia y rojo<\/p>\n<p><!-- \/wp:paragraph --><!-- wp:paragraph --><\/p>\n<p><!-- \/wp:paragraph --><\/p>\t\t\t\t\t\t<\/div>\n\t\t\t\t<\/div>\n\t\t\t\t\t<\/div>\n\t\t<\/div>\n\t\t\t\t\t<\/div>\n\t\t<\/section>\n\t\t\t\t<\/div>\n\t\t","protected":false},"excerpt":{"rendered":"<p>Peri\u00f3dico unidad ind\u00edgena hace un llamado al 5 (quinto) congreso del CRIC (Consejo Regional Ind\u00edgena del Cauca). Art\u00edculos del peri\u00f3dico: avanzan preparativos del congreso, congreso ind\u00edgena del Ecuador, La lucha de los pueblos indigenas del Cauca, Continua persecuci\u00f3n a campesinos de Bitaco, Realizado congreso de UTAZAN, Nuevos atropellos a la comunidad del Jagual, Alcalde contra [&hellip;]<\/p>\n","protected":false},"author":1,"featured_media":11677,"comment_status":"open","ping_status":"open","sticky":false,"template":"","format":"standard","meta":{"_acf_changed":false,"footnotes":""},"categories":[28],"tags":[1205,800,86,1202,108,1206,372,1207,1204,1201,1203,56,1209],"class_list":["post-11304","post","type-post","status-publish","format-standard","has-post-thumbnail","hentry","category-hemeroteca","tag-bitaco","tag-cauca","tag-conflicto-armado-colombiano","tag-congreso-indigena","tag-cric","tag-ecuador","tag-gustavo-mejia","tag-jagual","tag-liberacion","tag-liberacion-de-la-tierra","tag-lucha-indigena","tag-movimiento-indigena","tag-utazan"],"acf":[],"_links":{"self":[{"href":"https:\/\/martarodriguez.com.co\/index.php\/wp-json\/wp\/v2\/posts\/11304","targetHints":{"allow":["GET"]}}],"collection":[{"href":"https:\/\/martarodriguez.com.co\/index.php\/wp-json\/wp\/v2\/posts"}],"about":[{"href":"https:\/\/martarodriguez.com.co\/index.php\/wp-json\/wp\/v2\/types\/post"}],"author":[{"embeddable":true,"href":"https:\/\/martarodriguez.com.co\/index.php\/wp-json\/wp\/v2\/users\/1"}],"replies":[{"embeddable":true,"href":"https:\/\/martarodriguez.com.co\/index.php\/wp-json\/wp\/v2\/comments?post=11304"}],"version-history":[{"count":16,"href":"https:\/\/martarodriguez.com.co\/index.php\/wp-json\/wp\/v2\/posts\/11304\/revisions"}],"predecessor-version":[{"id":12654,"href":"https:\/\/martarodriguez.com.co\/index.php\/wp-json\/wp\/v2\/posts\/11304\/revisions\/12654"}],"wp:featuredmedia":[{"embeddable":true,"href":"https:\/\/martarodriguez.com.co\/index.php\/wp-json\/wp\/v2\/media\/11677"}],"wp:attachment":[{"href":"https:\/\/martarodriguez.com.co\/index.php\/wp-json\/wp\/v2\/media?parent=11304"}],"wp:term":[{"taxonomy":"category","embeddable":true,"href":"https:\/\/martarodriguez.com.co\/index.php\/wp-json\/wp\/v2\/categories?post=11304"},{"taxonomy":"post_tag","embeddable":true,"href":"https:\/\/martarodriguez.com.co\/index.php\/wp-json\/wp\/v2\/tags?post=11304"}],"curies":[{"name":"wp","href":"https:\/\/api.w.org\/{rel}","templated":true}]}}