{"id":11103,"date":"2024-12-19T22:18:56","date_gmt":"2024-12-19T22:18:56","guid":{"rendered":"https:\/\/martarodriguez.com.co\/?p=11103"},"modified":"2025-04-08T21:37:52","modified_gmt":"2025-04-08T21:37:52","slug":"h0148-int-16-feb-2006-ghraib","status":"publish","type":"post","link":"https:\/\/martarodriguez.com.co\/index.php\/2024\/12\/19\/h0148-int-16-feb-2006-ghraib\/","title":{"rendered":"H0148 Int. 16 Feb, 2006. Ghraib"},"content":{"rendered":"\t\t<div data-elementor-type=\"wp-post\" data-elementor-id=\"11103\" class=\"elementor elementor-11103\">\n\t\t\t\t\t\t<section class=\"elementor-section elementor-top-section elementor-element elementor-element-77752575 elementor-section-boxed elementor-section-height-default elementor-section-height-default exad-glass-effect-no wpr-particle-no wpr-jarallax-no wpr-parallax-no wpr-sticky-section-no exad-sticky-section-no\" data-id=\"77752575\" data-element_type=\"section\">\n\t\t\t\t\t\t<div class=\"elementor-container elementor-column-gap-default\">\n\t\t\t\t\t<div class=\"elementor-column elementor-col-100 elementor-top-column elementor-element elementor-element-6fd6a63d exad-glass-effect-no exad-sticky-section-no\" data-id=\"6fd6a63d\" data-element_type=\"column\">\n\t\t\t<div class=\"elementor-widget-wrap elementor-element-populated\">\n\t\t\t\t\t\t<div class=\"elementor-element elementor-element-77b5c1c exad-sticky-section-no exad-glass-effect-no elementor-widget elementor-widget-text-editor\" data-id=\"77b5c1c\" data-element_type=\"widget\" data-widget_type=\"text-editor.default\">\n\t\t\t\t<div class=\"elementor-widget-container\">\n\t\t\t<style>\/*! elementor - v3.21.0 - 15-04-2024 *\/\n.elementor-widget-text-editor.elementor-drop-cap-view-stacked .elementor-drop-cap{background-color:#69727d;color:#fff}.elementor-widget-text-editor.elementor-drop-cap-view-framed .elementor-drop-cap{color:#69727d;border:3px solid;background-color:transparent}.elementor-widget-text-editor:not(.elementor-drop-cap-view-default) .elementor-drop-cap{margin-top:8px}.elementor-widget-text-editor:not(.elementor-drop-cap-view-default) .elementor-drop-cap-letter{width:1em;height:1em}.elementor-widget-text-editor .elementor-drop-cap{float:left;text-align:center;line-height:1;font-size:50px}.elementor-widget-text-editor .elementor-drop-cap-letter{display:inline-block}<\/style>\t\t\t\t<p>Apartado de noticias internacionales publicadas en el peri\u00f3dico El Tiempo a prop\u00f3sito del horror de Abu Ghraib ejercido en la c\u00e1rceles de Irak. La televisi\u00f3n australiana mostr\u00f3 estas im\u00e1genes por las cuales los medios se horrorizan. Entre otras noticias se anuncia la postulaci\u00f3n de Hamas a la academia, el l\u00edo ambiental de Argentina con Uruguay y proclamaci\u00f3n de Pr\u00e9val en Hait\u00ed.\u00a0\u00a0<\/p>\t\t\t\t\t\t<\/div>\n\t\t\t\t<\/div>\n\t\t\t\t<div class=\"elementor-element elementor-element-496b670 exad-sticky-section-no exad-glass-effect-no elementor-widget elementor-widget-text-editor\" data-id=\"496b670\" data-element_type=\"widget\" data-widget_type=\"text-editor.default\">\n\t\t\t\t<div class=\"elementor-widget-container\">\n\t\t\t\t\t\t\t<p><strong>C\u00d3DIGO<\/strong>: H0148<\/p>\n<p><!-- \/wp:paragraph --><!-- wp:paragraph --><\/p>\n<p><strong>IDIOMA:<\/strong>\u00a0Espa\u00f1ol<\/p>\n<p><strong style=\"color: var( --e-global-color-text ); font-family: var( --e-global-typography-text-font-family ), Sans-serif;\">PERSONA JUR\u00cdDICA\/NATURAL\/ROL:\u00a0<\/strong>Hamas, Abu Ghraib, ONU, Ren\u00e9 Pr\u00e9val, Corte Internacional de Justicia de la Haya<\/p>\n<p><!-- \/wp:paragraph --><!-- wp:paragraph --><\/p>\n<p><strong>TOPON\u00cdMICOS:<\/strong>\u00a0Irak<\/p>\n<p><!-- \/wp:paragraph --><!-- wp:paragraph --><\/p>\n<p><strong>TEM\u00c1TICOS:<\/strong> tortura \/ desaparici\u00f3n \/ guerra internacional \/ Irak<\/p>\n<p><!-- \/wp:paragraph --><!-- wp:paragraph --><\/p>\n<p><strong>CRONOL\u00d3GICOS:<\/strong>\u00a02006<\/p>\n<p><!-- \/wp:paragraph --><!-- wp:paragraph --><\/p>\n<p><strong>SOPORTE:<\/strong> Papel,\u00a0Peri\u00f3dico El Tiempo\u00a0<\/p>\n<p><!-- \/wp:paragraph --><!-- wp:paragraph --><\/p>\n<p><strong>CROM\u00cdA: <\/strong>B\/N<\/p>\n<p><!-- \/wp:paragraph --><!-- wp:paragraph --><\/p>\n<p><!-- \/wp:paragraph --><\/p>\t\t\t\t\t\t<\/div>\n\t\t\t\t<\/div>\n\t\t\t\t\t<\/div>\n\t\t<\/div>\n\t\t\t\t\t<\/div>\n\t\t<\/section>\n\t\t\t\t<\/div>\n\t\t","protected":false},"excerpt":{"rendered":"<p>Apartado de noticias internacionales publicadas en el peri\u00f3dico El Tiempo a prop\u00f3sito del horror de Abu Ghraib ejercido en la c\u00e1rceles de Irak. La televisi\u00f3n australiana mostr\u00f3 estas im\u00e1genes por las cuales los medios se horrorizan. Entre otras noticias se anuncia la postulaci\u00f3n de Hamas a la academia, el l\u00edo ambiental de Argentina con Uruguay [&hellip;]<\/p>\n","protected":false},"author":1,"featured_media":12645,"comment_status":"open","ping_status":"open","sticky":false,"template":"","format":"standard","meta":{"_acf_changed":false,"footnotes":""},"categories":[28],"tags":[],"class_list":["post-11103","post","type-post","status-publish","format-standard","has-post-thumbnail","hentry","category-hemeroteca"],"acf":[],"_links":{"self":[{"href":"https:\/\/martarodriguez.com.co\/index.php\/wp-json\/wp\/v2\/posts\/11103","targetHints":{"allow":["GET"]}}],"collection":[{"href":"https:\/\/martarodriguez.com.co\/index.php\/wp-json\/wp\/v2\/posts"}],"about":[{"href":"https:\/\/martarodriguez.com.co\/index.php\/wp-json\/wp\/v2\/types\/post"}],"author":[{"embeddable":true,"href":"https:\/\/martarodriguez.com.co\/index.php\/wp-json\/wp\/v2\/users\/1"}],"replies":[{"embeddable":true,"href":"https:\/\/martarodriguez.com.co\/index.php\/wp-json\/wp\/v2\/comments?post=11103"}],"version-history":[{"count":10,"href":"https:\/\/martarodriguez.com.co\/index.php\/wp-json\/wp\/v2\/posts\/11103\/revisions"}],"predecessor-version":[{"id":12648,"href":"https:\/\/martarodriguez.com.co\/index.php\/wp-json\/wp\/v2\/posts\/11103\/revisions\/12648"}],"wp:featuredmedia":[{"embeddable":true,"href":"https:\/\/martarodriguez.com.co\/index.php\/wp-json\/wp\/v2\/media\/12645"}],"wp:attachment":[{"href":"https:\/\/martarodriguez.com.co\/index.php\/wp-json\/wp\/v2\/media?parent=11103"}],"wp:term":[{"taxonomy":"category","embeddable":true,"href":"https:\/\/martarodriguez.com.co\/index.php\/wp-json\/wp\/v2\/categories?post=11103"},{"taxonomy":"post_tag","embeddable":true,"href":"https:\/\/martarodriguez.com.co\/index.php\/wp-json\/wp\/v2\/tags?post=11103"}],"curies":[{"name":"wp","href":"https:\/\/api.w.org\/{rel}","templated":true}]}}