{"id":110,"date":"2023-08-11T23:06:01","date_gmt":"2023-08-11T23:06:01","guid":{"rendered":"https:\/\/martarodriguez.com.co\/?post_type=video&#038;p=110"},"modified":"2024-12-06T18:14:16","modified_gmt":"2024-12-06T18:14:16","slug":"0283-4","status":"publish","type":"post","link":"https:\/\/martarodriguez.com.co\/index.php\/2023\/08\/11\/0283-4\/","title":{"rendered":"0283-4-Sierra Nevada\/Entrevista Celia\/Pueblito"},"content":{"rendered":"\t\t<div data-elementor-type=\"wp-post\" data-elementor-id=\"110\" class=\"elementor elementor-110\">\n\t\t\t\t\t\t<section class=\"elementor-section elementor-top-section elementor-element elementor-element-ea72edd elementor-section-boxed elementor-section-height-default elementor-section-height-default exad-glass-effect-no wpr-particle-no wpr-jarallax-no wpr-parallax-no wpr-sticky-section-no exad-sticky-section-no\" data-id=\"ea72edd\" data-element_type=\"section\">\n\t\t\t\t\t\t<div class=\"elementor-container elementor-column-gap-default\">\n\t\t\t\t\t<div class=\"elementor-column elementor-col-100 elementor-top-column elementor-element elementor-element-72187b8 exad-glass-effect-no exad-sticky-section-no\" data-id=\"72187b8\" data-element_type=\"column\">\n\t\t\t<div class=\"elementor-widget-wrap elementor-element-populated\">\n\t\t\t\t\t\t<div class=\"elementor-element elementor-element-6abe038 exad-sticky-section-no exad-glass-effect-no elementor-widget elementor-widget-text-editor\" data-id=\"6abe038\" data-element_type=\"widget\" data-widget_type=\"text-editor.default\">\n\t\t\t\t<div class=\"elementor-widget-container\">\n\t\t\t<style>\/*! elementor - v3.21.0 - 15-04-2024 *\/\n.elementor-widget-text-editor.elementor-drop-cap-view-stacked .elementor-drop-cap{background-color:#69727d;color:#fff}.elementor-widget-text-editor.elementor-drop-cap-view-framed .elementor-drop-cap{color:#69727d;border:3px solid;background-color:transparent}.elementor-widget-text-editor:not(.elementor-drop-cap-view-default) .elementor-drop-cap{margin-top:8px}.elementor-widget-text-editor:not(.elementor-drop-cap-view-default) .elementor-drop-cap-letter{width:1em;height:1em}.elementor-widget-text-editor .elementor-drop-cap{float:left;text-align:center;line-height:1;font-size:50px}.elementor-widget-text-editor .elementor-drop-cap-letter{display:inline-block}<\/style>\t\t\t\t<p><strong>C\u00d3DIGO:<\/strong> 0283-4<\/p><p><strong>AUTOR\/DIRECTOR\/PRODUCTOR:<\/strong>\u00a0Marta Rodr\u00edguez y Lucas Silva \/ Fundaci\u00f3n Cine Documental Investigaci\u00f3n Social<\/p><p><strong>DESCRIPCI\u00d3N:\u00a0<\/strong>En 1991 Marta sube a la Sierra Neva de Santa Marta a entregar a la comunidad arhuaca la memoria que ella hab\u00eda consignado en 1984 de los l\u00edderes Angel Maria Torres y Napole\u00f3n, asesinados en 1990 por militares que los consideraban sospechosos. En esta ocasi\u00f3n, se registra una entrevista a dos mujeres de la comunidad con quienes se desenvuelve una entrevista extensa a prop\u00f3sito de la violencias que ha sufrido la comunidad de parte de los capuchinos u otros aspectos.<\/p><p><strong>IDIOMA:<\/strong>\u00a0Espa\u00f1ol\/Arwak<\/p><p><strong>PERSONA JUR\u00cdDICA\/NATURAL\/ROL:<\/strong>\u00a0Marta Rodr\u00edguez, Angel Maria Torres, Napoleon Torres, Leonor Zalabata<\/p><p><strong>TOPON\u00cdMICOS:<\/strong>\u00a0Sierra Nevada de Santa Marta\/ Nabusimake<\/p><p><strong>TEM\u00c1TICOS:<\/strong>\u00a0taller de v\u00eddeo, Marta Rodr\u00edguez, arhuacos, Sierra Nevada de Santa Marta, Angel Mar\u00eda Torres, Napole\u00f3n Torres, asamblea constituyente,nuevas tecnolog\u00edas, tortura, movimiento ind\u00edgena, video ind\u00edgena, memorias, educaci\u00f3n, etnograf\u00eda, el valor de la palabra<\/p><p><strong>CRONOL\u00d3GICOS:<\/strong>\u00a01990-1992<\/p><p><strong>UNIDAD DE CONSERVACI\u00d3N:<\/strong>\u00a0Pl\u00e1stico<\/p><p><strong>SOPORTE:<\/strong>\u00a0MAGNETICO<\/p><p><strong>FORMATO:<\/strong>\u00a0Hi8<\/p><p><strong>DURACI\u00d3N:<\/strong>\u00a000:19:50<\/p><p><strong>VELOCIDAD:<\/strong>\u00a030<\/p><p><strong>COLOR:<\/strong>\u00a0COLOR<\/p><p><strong>SONIDO:<\/strong>\u00a0SI<\/p><p><strong>NOTAS:<\/strong>\u00a0N\/A<\/p>\t\t\t\t\t\t<\/div>\n\t\t\t\t<\/div>\n\t\t\t\t\t<\/div>\n\t\t<\/div>\n\t\t\t\t\t<\/div>\n\t\t<\/section>\n\t\t\t\t<\/div>\n\t\t","protected":false},"excerpt":{"rendered":"<p>C\u00d3DIGO: 0283-4 AUTOR\/DIRECTOR\/PRODUCTOR:\u00a0Marta Rodr\u00edguez y Lucas Silva \/ Fundaci\u00f3n Cine Documental Investigaci\u00f3n Social DESCRIPCI\u00d3N:\u00a0En 1991 Marta sube a la Sierra Neva de Santa Marta a entregar a la comunidad arhuaca la memoria que ella hab\u00eda consignado en 1984 de los l\u00edderes Angel Maria Torres y Napole\u00f3n, asesinados en 1990 por militares que los consideraban sospechosos. [&hellip;]<\/p>\n","protected":false},"author":1,"featured_media":7900,"comment_status":"closed","ping_status":"closed","sticky":false,"template":"","format":"standard","meta":{"_acf_changed":false,"footnotes":""},"categories":[23],"tags":[],"class_list":["post-110","post","type-post","status-publish","format-standard","has-post-thumbnail","hentry","category-imagenes-en-movimiento","rsfv-has-video"],"acf":[],"_links":{"self":[{"href":"https:\/\/martarodriguez.com.co\/index.php\/wp-json\/wp\/v2\/posts\/110","targetHints":{"allow":["GET"]}}],"collection":[{"href":"https:\/\/martarodriguez.com.co\/index.php\/wp-json\/wp\/v2\/posts"}],"about":[{"href":"https:\/\/martarodriguez.com.co\/index.php\/wp-json\/wp\/v2\/types\/post"}],"author":[{"embeddable":true,"href":"https:\/\/martarodriguez.com.co\/index.php\/wp-json\/wp\/v2\/users\/1"}],"replies":[{"embeddable":true,"href":"https:\/\/martarodriguez.com.co\/index.php\/wp-json\/wp\/v2\/comments?post=110"}],"version-history":[{"count":5,"href":"https:\/\/martarodriguez.com.co\/index.php\/wp-json\/wp\/v2\/posts\/110\/revisions"}],"predecessor-version":[{"id":4931,"href":"https:\/\/martarodriguez.com.co\/index.php\/wp-json\/wp\/v2\/posts\/110\/revisions\/4931"}],"wp:featuredmedia":[{"embeddable":true,"href":"https:\/\/martarodriguez.com.co\/index.php\/wp-json\/wp\/v2\/media\/7900"}],"wp:attachment":[{"href":"https:\/\/martarodriguez.com.co\/index.php\/wp-json\/wp\/v2\/media?parent=110"}],"wp:term":[{"taxonomy":"category","embeddable":true,"href":"https:\/\/martarodriguez.com.co\/index.php\/wp-json\/wp\/v2\/categories?post=110"},{"taxonomy":"post_tag","embeddable":true,"href":"https:\/\/martarodriguez.com.co\/index.php\/wp-json\/wp\/v2\/tags?post=110"}],"curies":[{"name":"wp","href":"https:\/\/api.w.org\/{rel}","templated":true}]}}