{"id":10988,"date":"2024-12-19T19:44:46","date_gmt":"2024-12-19T19:44:46","guid":{"rendered":"https:\/\/martarodriguez.com.co\/?p=10988"},"modified":"2025-01-24T21:34:10","modified_gmt":"2025-01-24T21:34:10","slug":"h0131-ui-junio-1981","status":"publish","type":"post","link":"https:\/\/martarodriguez.com.co\/index.php\/2024\/12\/19\/h0131-ui-junio-1981\/","title":{"rendered":"H0131. UI. Junio 1981"},"content":{"rendered":"\t\t<div data-elementor-type=\"wp-post\" data-elementor-id=\"10988\" class=\"elementor elementor-10988\">\n\t\t\t\t\t\t<section class=\"elementor-section elementor-top-section elementor-element elementor-element-77752575 elementor-section-boxed elementor-section-height-default elementor-section-height-default exad-glass-effect-no wpr-particle-no wpr-jarallax-no wpr-parallax-no wpr-sticky-section-no exad-sticky-section-no\" data-id=\"77752575\" data-element_type=\"section\">\n\t\t\t\t\t\t<div class=\"elementor-container elementor-column-gap-default\">\n\t\t\t\t\t<div class=\"elementor-column elementor-col-100 elementor-top-column elementor-element elementor-element-6fd6a63d exad-glass-effect-no exad-sticky-section-no\" data-id=\"6fd6a63d\" data-element_type=\"column\">\n\t\t\t<div class=\"elementor-widget-wrap elementor-element-populated\">\n\t\t\t\t\t\t<div class=\"elementor-element elementor-element-77b5c1c exad-sticky-section-no exad-glass-effect-no elementor-widget elementor-widget-text-editor\" data-id=\"77b5c1c\" data-element_type=\"widget\" data-widget_type=\"text-editor.default\">\n\t\t\t\t<div class=\"elementor-widget-container\">\n\t\t\t<style>\/*! elementor - v3.21.0 - 15-04-2024 *\/\n.elementor-widget-text-editor.elementor-drop-cap-view-stacked .elementor-drop-cap{background-color:#69727d;color:#fff}.elementor-widget-text-editor.elementor-drop-cap-view-framed .elementor-drop-cap{color:#69727d;border:3px solid;background-color:transparent}.elementor-widget-text-editor:not(.elementor-drop-cap-view-default) .elementor-drop-cap{margin-top:8px}.elementor-widget-text-editor:not(.elementor-drop-cap-view-default) .elementor-drop-cap-letter{width:1em;height:1em}.elementor-widget-text-editor .elementor-drop-cap{float:left;text-align:center;line-height:1;font-size:50px}.elementor-widget-text-editor .elementor-drop-cap-letter{display:inline-block}<\/style>\t\t\t\t<p>N\u00famero 49 del peri\u00f3dico Unidad Ind\u00edgena anuncia el sexto congreso y las tareas del pueblo Unuma. Entre las tareas que se mencionan est\u00e1n el programa de biling\u00fcismo para la conservaci\u00f3n de la lengua y el programa de recuperaci\u00f3n de tierras. Se denuncia la expansi\u00f3n del militarismo en territorios ind\u00edgenas y se anuncia el resurgimiento de las luchas campesinas. El suplemento escolar recrea la lucha de Tupac Amaru en el Per\u00fa. Adem\u00e1s, se trae una memoria del tercer congreso del consejo mundial de pueblos indios (CMPI).<\/p>\n<p>\u00a0<\/p>\t\t\t\t\t\t<\/div>\n\t\t\t\t<\/div>\n\t\t\t\t<div class=\"elementor-element elementor-element-85a1bf1 elementor-widget-mobile__width-initial exad-sticky-section-no exad-glass-effect-no elementor-widget elementor-widget-pdfjs_viewer\" data-id=\"85a1bf1\" data-element_type=\"widget\" data-widget_type=\"pdfjs_viewer.default\">\n\t\t\t\t<div class=\"elementor-widget-container\">\n\t\t\t<iframe src=\"https:\/\/martarodriguez.com.co\/wp-content\/plugins\/pdf-viewer-for-elementor\/assets\/pdfjs\/web\/viewer.html?file=https:\/\/martarodriguez.com.co\/wp-content\/uploads\/2024\/12\/0131-UI.-Junio-1981-compressed_page-0001.pdf&amp;embedded=true\" style=\"display: block; margin-left: auto; margin-right: auto; width: 640px; height: 1020px;\" frameborder=\"1\" marginheight=\"0px\" marginwidth=\"0px\" allowfullscreen><\/iframe>\t\t<\/div>\n\t\t\t\t<\/div>\n\t\t\t\t<div class=\"elementor-element elementor-element-496b670 exad-sticky-section-no exad-glass-effect-no elementor-widget elementor-widget-text-editor\" data-id=\"496b670\" data-element_type=\"widget\" data-widget_type=\"text-editor.default\">\n\t\t\t\t<div class=\"elementor-widget-container\">\n\t\t\t\t\t\t\t<!-- wp:paragraph -->\n<p><strong>C\u00d3DIGO<\/strong>: H0131<\/p>\n<!-- \/wp:paragraph --><!-- wp:paragraph -->\n<p><strong>IDIOMA:<\/strong> Espa\u00f1ol<\/p>\n<!-- \/wp:paragraph --><!-- wp:paragraph -->\n<p><strong>PERSONA JUR\u00cdDICA\/NATURAL\/ROL:<\/strong> CRIC, ANUC, Tupac Amaru, Loma Prieta, Unuma, Floro Campo<\/p>\n<!-- \/wp:paragraph --><!-- wp:paragraph -->\n<p><strong>TOPON\u00cdMICOS:<\/strong> Cauca<\/p>\n<!-- \/wp:paragraph --><!-- wp:paragraph -->\n<p><strong>TEM\u00c1TICOS:<\/strong> Unidad ind\u00edgena \/ asesinato de l\u00edderes ind\u00edgenas \/ procesos organizativos \/ comunidades ind\u00edgenas \/ problema de tierras<\/p>\n<!-- \/wp:paragraph --><!-- wp:paragraph -->\n<p><strong>CRONOL\u00d3GICOS:<\/strong> 1981<\/p>\n<!-- \/wp:paragraph --><!-- wp:paragraph -->\n<p><strong>SOPORTE:<\/strong> Peri\u00f3dico Unidad Ind\u00edgena<\/p>\n<!-- \/wp:paragraph --><!-- wp:paragraph -->\n<p><strong>CROM\u00cdA:<\/strong> B\/N, rojo<\/p>\n<!-- \/wp:paragraph --><!-- wp:paragraph -->\n<p>\u00a0<\/p>\n<!-- \/wp:paragraph -->\t\t\t\t\t\t<\/div>\n\t\t\t\t<\/div>\n\t\t\t\t\t<\/div>\n\t\t<\/div>\n\t\t\t\t\t<\/div>\n\t\t<\/section>\n\t\t\t\t<\/div>\n\t\t","protected":false},"excerpt":{"rendered":"<p>N\u00famero 49 del peri\u00f3dico Unidad Ind\u00edgena anuncia el sexto congreso y las tareas del pueblo Unuma. Entre las tareas que se mencionan est\u00e1n el programa de biling\u00fcismo para la conservaci\u00f3n de la lengua y el programa de recuperaci\u00f3n de tierras. Se denuncia la expansi\u00f3n del militarismo en territorios ind\u00edgenas y se anuncia el resurgimiento de [&hellip;]<\/p>\n","protected":false},"author":1,"featured_media":12006,"comment_status":"open","ping_status":"open","sticky":false,"template":"","format":"standard","meta":{"_acf_changed":false,"footnotes":""},"categories":[28],"tags":[1183,70,73,396,1185,1184],"class_list":["post-10988","post","type-post","status-publish","format-standard","has-post-thumbnail","hentry","category-hemeroteca","tag-asesinato-de-lideres-indigenas","tag-comunidades-indigenas","tag-problema-de-tierras","tag-procesos-organizativos","tag-recuperacion-de-resguardos","tag-unidad-indigena"],"acf":[],"_links":{"self":[{"href":"https:\/\/martarodriguez.com.co\/index.php\/wp-json\/wp\/v2\/posts\/10988","targetHints":{"allow":["GET"]}}],"collection":[{"href":"https:\/\/martarodriguez.com.co\/index.php\/wp-json\/wp\/v2\/posts"}],"about":[{"href":"https:\/\/martarodriguez.com.co\/index.php\/wp-json\/wp\/v2\/types\/post"}],"author":[{"embeddable":true,"href":"https:\/\/martarodriguez.com.co\/index.php\/wp-json\/wp\/v2\/users\/1"}],"replies":[{"embeddable":true,"href":"https:\/\/martarodriguez.com.co\/index.php\/wp-json\/wp\/v2\/comments?post=10988"}],"version-history":[{"count":16,"href":"https:\/\/martarodriguez.com.co\/index.php\/wp-json\/wp\/v2\/posts\/10988\/revisions"}],"predecessor-version":[{"id":12621,"href":"https:\/\/martarodriguez.com.co\/index.php\/wp-json\/wp\/v2\/posts\/10988\/revisions\/12621"}],"wp:featuredmedia":[{"embeddable":true,"href":"https:\/\/martarodriguez.com.co\/index.php\/wp-json\/wp\/v2\/media\/12006"}],"wp:attachment":[{"href":"https:\/\/martarodriguez.com.co\/index.php\/wp-json\/wp\/v2\/media?parent=10988"}],"wp:term":[{"taxonomy":"category","embeddable":true,"href":"https:\/\/martarodriguez.com.co\/index.php\/wp-json\/wp\/v2\/categories?post=10988"},{"taxonomy":"post_tag","embeddable":true,"href":"https:\/\/martarodriguez.com.co\/index.php\/wp-json\/wp\/v2\/tags?post=10988"}],"curies":[{"name":"wp","href":"https:\/\/api.w.org\/{rel}","templated":true}]}}